{"id":178600,"date":"2023-08-25T15:17:35","date_gmt":"2023-08-25T12:17:35","guid":{"rendered":"https:\/\/www.enerjigazetesi.ist\/?p=178600"},"modified":"2023-08-25T15:18:12","modified_gmt":"2023-08-25T12:18:12","slug":"alfa-solar-enerji-100-yilinda-yeni-logosunu-tanitti-gelecege-isik-tutuyor","status":"publish","type":"post","link":"https:\/\/www.enerjigazetesi.ist\/en\/alfa-solar-enerji-100-yilinda-yeni-logosunu-tanitti-gelecege-isik-tutuyor\/","title":{"rendered":"(Turkish) &#8217;Alfa Solar Enerji&#8217; 100. Y\u0131l\u0131nda Yeni Logosunu Tan\u0131tt\u0131"},"content":{"rendered":"<p class=\"qtranxs-available-languages-message qtranxs-available-languages-message-en\">Sorry, this entry is only available in <a href=\"https:\/\/www.enerjigazetesi.ist\/tr\/wp-json\/wp\/v2\/posts\/178600\" class=\"qtranxs-available-language-link qtranxs-available-language-link-tr\" title=\"Turkish\">Turkish<\/a>. For the sake of viewer convenience, the content is shown below in the alternative language. You may click the link to switch the active language.<\/p><p><\/p>\n<h2>T\u00fcrkiye&#8217;nin \u00f6nc\u00fc g\u00fcne\u015f enerjisi \u015firketlerinden biri olan Alfa Solar Enerji A.\u015e, 100. y\u0131l\u0131n\u0131 gururla kutlarken, b\u00fcy\u00fcme ve s\u00fcrd\u00fcr\u00fclebilirlik vizyonunu yans\u0131tan yeni logosunu tan\u0131tt\u0131.<\/h2>\n<p>2011 y\u0131l\u0131nda kurulan Alfa Solar Enerji A.\u015e, \u00fclkemizin artan enerji ihtiyac\u0131n\u0131 kar\u015f\u0131lamay\u0131 ve \u00e7evreye duyarl\u0131 bir gelecek in\u015fa etmeyi ama\u00e7 edinerek g\u00fcne\u015f paneli \u00fcretim tesisini faaliyete ge\u00e7irdi. K\u0131r\u0131kkale Organize Sanayi B\u00f6lgesi&#8217;nde y\u00fckselen \u00fcst\u00fcn teknolojiye sahip robotik \u00fcretim tesisi, <strong>40.000<img loading=\"lazy\" class=\"alignright wp-image-178603\" src=\"https:\/\/www.enerjigazetesi.ist\/wp-content\/uploads\/2023\/08\/alfa-solar-enerji-100-yilinda-yeni-logosunu-tanitti-gelecege-isik-tutuyor-1.jpg\" alt=\"\" width=\"320\" height=\"353\" srcset=\"https:\/\/www.enerjigazetesi.ist\/wp-content\/uploads\/2023\/08\/alfa-solar-enerji-100-yilinda-yeni-logosunu-tanitti-gelecege-isik-tutuyor-1.jpg 435w, https:\/\/www.enerjigazetesi.ist\/wp-content\/uploads\/2023\/08\/alfa-solar-enerji-100-yilinda-yeni-logosunu-tanitti-gelecege-isik-tutuyor-1-272x300.jpg 272w, https:\/\/www.enerjigazetesi.ist\/wp-content\/uploads\/2023\/08\/alfa-solar-enerji-100-yilinda-yeni-logosunu-tanitti-gelecege-isik-tutuyor-1-363x400.jpg 363w, https:\/\/www.enerjigazetesi.ist\/wp-content\/uploads\/2023\/08\/alfa-solar-enerji-100-yilinda-yeni-logosunu-tanitti-gelecege-isik-tutuyor-1-45x50.jpg 45w\" sizes=\"(max-width: 320px) 100vw, 320px\" \/> metrekare<\/strong> kapal\u0131 alanda y\u0131lda <strong>1.3 gigawatt fotovoltaik panel \u00fcretimi<\/strong> ger\u00e7ekle\u015ftiriyor.<\/p>\n<p>\u015eirket, 100. y\u0131l d\u00f6n\u00fcm\u00fcnde sadece bir logo de\u011fi\u015fikli\u011fi yapmakla kalmad\u0131, ayn\u0131 zamanda yeni bir ba\u015flang\u0131c\u0131n ve b\u00fcy\u00fcmenin ad\u0131m\u0131n\u0131 att\u0131. Yeni logo, <strong>g\u00fcne\u015fin enerji<\/strong> ve <strong>\u0131\u015f\u0131k kayna\u011f\u0131<\/strong> olarak gelece\u011fe y\u00f6nelen Alfa Solar Enerji A.\u015e&#8217;nin misyonunu vurguluyor.<\/p>\n<p><strong>Alfa Solar Enerji A.\u015e CEO&#8217;su H\u00fcseyin Karaba\u015f<\/strong>, yeni logonun anlam\u0131n\u0131 \u015fu \u015fekilde a\u00e7\u0131kl\u0131yor: <em>&#8220;Yeni logomuz, g\u00fcc\u00fcm\u00fcz\u00fc ve gelece\u011fe y\u00f6nelik taahh\u00fcd\u00fcm\u00fcz\u00fc temsil ediyor. 100 y\u0131l boyunca elde etti\u011fimiz deneyim ve ba\u015far\u0131lar\u0131 yeni projelerle ta\u00e7land\u0131rarak, \u00fclkemizi daha ayd\u0131nl\u0131k bir enerji gelece\u011fine ta\u015f\u0131yaca\u011f\u0131m\u0131zdan eminiz.&#8221;<\/em><\/p>\n<p>Alfa Solar Enerji A.\u015e, m\u00fc\u015fterilere <strong>y\u00fcksek kaliteli<\/strong> ve <strong>verimli g\u00fcne\u015f panelleri<\/strong> sunmaya devam ederken, \u00e7evre dostu enerji \u00fcretimi konusundaki liderli\u011fini s\u00fcrd\u00fcrmeye kararl\u0131. \u015eirket, t\u00fcm payda\u015flar\u0131na ve destek\u00e7ilerine,<strong> 100 y\u0131ll\u0131k bu \u00f6nemli d\u00f6n\u00fcm noktas\u0131nda<\/strong> birlikte y\u00fcr\u00fcd\u00fckleri i\u00e7in te\u015fekk\u00fcr ediyor ve gelecekteki projelerini heyecanla bekledi\u011fini belirtiyor.<\/p>","protected":false},"excerpt":{"rendered":"<p>Sorry, this entry is only available in Turkish. For the sake of viewer convenience, the content is shown below in the alternative language. You may click the link to switch the active language. T\u00fcrkiye&#8217;nin \u00f6nc\u00fc g\u00fcne\u015f enerjisi \u015firketlerinden biri olan Alfa Solar Enerji A.\u015e, 100. y\u0131l\u0131n\u0131 gururla kutlarken, b\u00fcy\u00fcme ve s\u00fcrd\u00fcr\u00fclebilirlik vizyonunu yans\u0131tan yeni logosunu [&hellip;]<\/p>\n","protected":false},"author":1,"featured_media":178602,"comment_status":"open","ping_status":"open","sticky":false,"template":"","format":"standard","meta":[],"categories":[53,49],"tags":[105981,29574,8255],"views":84,"_links":{"self":[{"href":"https:\/\/www.enerjigazetesi.ist\/en\/wp-json\/wp\/v2\/posts\/178600"}],"collection":[{"href":"https:\/\/www.enerjigazetesi.ist\/en\/wp-json\/wp\/v2\/posts"}],"about":[{"href":"https:\/\/www.enerjigazetesi.ist\/en\/wp-json\/wp\/v2\/types\/post"}],"author":[{"embeddable":true,"href":"https:\/\/www.enerjigazetesi.ist\/en\/wp-json\/wp\/v2\/users\/1"}],"replies":[{"embeddable":true,"href":"https:\/\/www.enerjigazetesi.ist\/en\/wp-json\/wp\/v2\/comments?post=178600"}],"version-history":[{"count":0,"href":"https:\/\/www.enerjigazetesi.ist\/en\/wp-json\/wp\/v2\/posts\/178600\/revisions"}],"wp:featuredmedia":[{"embeddable":true,"href":"https:\/\/www.enerjigazetesi.ist\/en\/wp-json\/wp\/v2\/media\/178602"}],"wp:attachment":[{"href":"https:\/\/www.enerjigazetesi.ist\/en\/wp-json\/wp\/v2\/media?parent=178600"}],"wp:term":[{"taxonomy":"category","embeddable":true,"href":"https:\/\/www.enerjigazetesi.ist\/en\/wp-json\/wp\/v2\/categories?post=178600"},{"taxonomy":"post_tag","embeddable":true,"href":"https:\/\/www.enerjigazetesi.ist\/en\/wp-json\/wp\/v2\/tags?post=178600"}],"curies":[{"name":"wp","href":"https:\/\/api.w.org\/{rel}","templated":true}]}}