{"id":178552,"date":"2023-08-24T15:11:53","date_gmt":"2023-08-24T12:11:53","guid":{"rendered":"https:\/\/www.enerjigazetesi.ist\/?p=178552"},"modified":"2023-08-24T15:18:24","modified_gmt":"2023-08-24T12:18:24","slug":"avenof-ess-solar-storage-nx-fuarinda-ziyaretcilerle-bulusacak","status":"publish","type":"post","link":"https:\/\/www.enerjigazetesi.ist\/en\/avenof-ess-solar-storage-nx-fuarinda-ziyaretcilerle-bulusacak\/","title":{"rendered":"c"},"content":{"rendered":"<p class=\"qtranxs-available-languages-message qtranxs-available-languages-message-en\">Sorry, this entry is only available in <a href=\"https:\/\/www.enerjigazetesi.ist\/tr\/wp-json\/wp\/v2\/posts\/178552\" class=\"qtranxs-available-language-link qtranxs-available-language-link-tr\" title=\"Turkish\">Turkish<\/a>. For the sake of viewer convenience, the content is shown below in the alternative language. You may click the link to switch the active language.<\/p><p><\/p>\n<h2>Enerji Depolama alan\u0131nda ad\u0131ndan s\u00f6z ettirmeye ba\u015flayan Avenof Ess, 31 A\u011fustos &#8211; 2 Eyl\u00fcl 2023 tarihleri aras\u0131nda \u0130stanbul T\u00fcyap Fuar Kongre Merkezi\u2019nde d\u00fczenlenecek Solar+Storage Nx Fuar\u0131\u2019nda ziyaret\u00e7ilerle bulu\u015facak.<\/h2>\n<p><em><strong>Enerjiyi Depolay\u0131n, Elektrik Kesintisi Ya\u015famay\u0131n! <\/strong><\/em>slogan\u0131n\u0131 benimseyerek, yo\u011fun ara\u015ft\u0131rma ve geli\u015ftirme \u00e7al\u0131\u015fmalar\u0131n\u0131n ard\u0131ndan, enerji depolama alan\u0131nda her ge\u00e7en g\u00fcn kendini geli\u015ftirerek ad\u0131ndan s\u00f6z ettiren Avenof Ess, %100 temiz enerji kullanma ve karbon n\u00f6tr olma hedefi ile uzun vadeli enerji <img loading=\"lazy\" class=\"alignright wp-image-178557\" src=\"https:\/\/www.enerjigazetesi.ist\/wp-content\/uploads\/2023\/08\/avenof-ess-solar-storage-nx-fuarinda-ziyaretcilerle-bulusacak-1.jpg\" alt=\"\" width=\"320\" height=\"320\" srcset=\"https:\/\/www.enerjigazetesi.ist\/wp-content\/uploads\/2023\/08\/avenof-ess-solar-storage-nx-fuarinda-ziyaretcilerle-bulusacak-1.jpg 480w, https:\/\/www.enerjigazetesi.ist\/wp-content\/uploads\/2023\/08\/avenof-ess-solar-storage-nx-fuarinda-ziyaretcilerle-bulusacak-1-300x300.jpg 300w, https:\/\/www.enerjigazetesi.ist\/wp-content\/uploads\/2023\/08\/avenof-ess-solar-storage-nx-fuarinda-ziyaretcilerle-bulusacak-1-150x150.jpg 150w, https:\/\/www.enerjigazetesi.ist\/wp-content\/uploads\/2023\/08\/avenof-ess-solar-storage-nx-fuarinda-ziyaretcilerle-bulusacak-1-400x400.jpg 400w, https:\/\/www.enerjigazetesi.ist\/wp-content\/uploads\/2023\/08\/avenof-ess-solar-storage-nx-fuarinda-ziyaretcilerle-bulusacak-1-50x50.jpg 50w, https:\/\/www.enerjigazetesi.ist\/wp-content\/uploads\/2023\/08\/avenof-ess-solar-storage-nx-fuarinda-ziyaretcilerle-bulusacak-1-100x100.jpg 100w\" sizes=\"(max-width: 320px) 100vw, 320px\" \/>depolama i\u00e7eriyor.<\/p>\n<p>Avenof ESS,\u00a0<strong>Ai (Artificial Intellingence)<\/strong><strong>\u00a0<\/strong><strong>destekli<\/strong><strong>\u00a0<\/strong><strong>Batarya Enerji Depolama Sistemleri<\/strong>\u00a0ile\u00a0<strong>yapay zek\u00e2<\/strong>\u00a0ve\u00a0<strong>derin \u00f6\u011frenme<\/strong>\u00a0kullanarak<strong>\u00a0<\/strong><strong>enerji depolama, da\u011f\u0131t\u0131m<\/strong><strong>\u00a0<\/strong>ve<strong>\u00a0<\/strong><strong>kullan\u0131m al\u0131\u015fkanl\u0131klar\u0131na<\/strong>\u00a0g\u00f6re analiz ederken, sistem enerji \u00fcretimini maksimize olmas\u0131n\u0131 sa\u011flay\u0131p, kay\u0131p miktar\u0131n\u0131 minimize etmek i\u00e7in\u00a0<strong>ger\u00e7ek zamanl\u0131 ayarlamalar<\/strong>\u00a0yapar.\u00a0<strong>Yapay Zek\u00e2 Destekli<\/strong>\u00a0bu sistem e\u015fsiz bir performans sunmakla kalmay\u0131p, s\u00fcrd\u00fcr\u00fclebilirli\u011fi \u00f6ncelikli k\u0131l\u0131yor.\u00a0<strong>G\u00fcne\u015f<\/strong>\u00a0ve\u00a0<strong>r\u00fczg\u00e2r<\/strong>\u00a0gibi\u00a0<strong>yenilenebilir enerji<\/strong> <strong>kaynaklar\u0131yla<\/strong>\u00a0entegre edilebilme \u00f6zelli\u011fi, ara\u00e7 \u015farj istasyonlar\u0131 ile uyumlu daha<strong>\u00a0<\/strong><strong>\u00e7evre dostu bir<\/strong> <strong>gelece\u011fe<\/strong>\u00a0do\u011fru \u00f6nemli bir ad\u0131m sa\u011fl\u0131yor.<\/p>\n<h3><strong>1-2-4 MWh ve Fazlas\u0131<\/strong><\/h3>\n<p><strong>Batarya Enerji Depolama sistemlerinde<\/strong>\u00a0kullan\u0131lmak \u00fczere\u00a0<strong>bir\u00e7ok farkl\u0131 pil teknolojisi<\/strong>\u00a0mevcuttur ancak son y\u0131llarda<strong>\u00a0<\/strong><strong>LiFePO4 (Lityum Demir Fosfat) piller<\/strong>\u00a0enerji depolama \u00e7\u00f6z\u00fcmlerinde avantajl\u0131 hale gelmeye ba\u015flad\u0131lar.<br \/>\n<u><\/u><\/p>\n<p><strong><u>LiFePO4 Pillerin Avantajlar\u0131;<\/u><\/strong><\/p>\n<p>\u2013 Kapasitenin y\u00fcke ba\u011fl\u0131l\u0131\u011f\u0131 azd\u0131r. Y\u00fcksek ak\u0131m \u00e7ekilmesi durumunda pilin kapasitesi neredeyse sabit kal\u0131r.<\/p>\n<p>\u2013 A\u015f\u0131r\u0131 \u015farj olma durumunda g\u00fcvenlidir.\u00a0<strong>Yanma<\/strong>\u00a0ve\u00a0<strong>patlamaya kar\u015f\u0131 olduk\u00e7a diren\u00e7lidir.<\/strong><\/p>\n<p>\u2013 Ayn\u0131 kapasitedeki\u00a0<strong>lityum-iyon pile g\u00f6re<\/strong>\u00a0ortalama<strong>\u00a0<\/strong><strong>%20-25<\/strong><strong>\u00a0<\/strong><strong>daha ekonomiktir.<\/strong><\/p>\n<p>\u2013\u00a0Opsiyona ba\u011fl\u0131<strong> 12.000 (cycle) <\/strong><strong>\u00e7evrim \u00f6mr\u00fc.<br \/>\n<\/strong><\/p>\n<p><strong>\u2013\u00a0<\/strong>Kapsaml\u0131 bak\u0131mlar gerektirmeden\u00a0<strong>20 seneye kadar kullan\u0131labilir.<\/strong><\/p>\n<p><strong>\u2013\u00a0<\/strong><strong>Esnek \u00e7al\u0131\u015fma s\u0131cakl\u0131k aral\u0131\u011f\u0131na<\/strong>\u00a0sahiptir.\u00a0<strong>A\u015f\u0131r\u0131 \u0131s\u0131nmaya<\/strong>\u00a0kar\u015f\u0131 <strong>dayan\u0131kl\u0131d\u0131r.<\/strong><\/p>\n<h3><strong>Daha Temiz Bir \u015eebeke<\/strong><\/h3>\n<p>Yenilenebilir enerjinin gelece\u011fi geni\u015f \u00f6l\u00e7eklendirilmi\u015f enerji depolamada yatarken Avenof ESS g\u00fc\u00e7l\u00fc ve kararl\u0131 bir\u00a0<strong>batarya depolama sistemi<\/strong>\u00a0olmas\u0131n\u0131n yan\u0131 s\u0131ra\u00a0<strong>\u015febekeyi stabil hale getirip<\/strong>, elektrik kesintilerinin olu\u015fmas\u0131n\u0131 b\u00fcy\u00fck \u00f6l\u00e7ekte \u00f6n\u00fcne ge\u00e7er. Yenilenebilir enerji kurulumlar\u0131n\u0131z\u0131<strong>\u00a0<\/strong><strong>yapay<br \/>\nzek\u00e2 destekli batarya depolama sistemi<\/strong> ile destekleyerek,\u00a0<strong>g\u00fcne\u015f<\/strong>\u00a0ya da<strong>\u00a0<\/strong><strong>r\u00fczg\u00e2r yard\u0131m\u0131yla <\/strong>\u00fcretilen enerjinin daha verimli kullan\u0131lmas\u0131n\u0131 sa\u011flar.<\/p>","protected":false},"excerpt":{"rendered":"<p>Sorry, this entry is only available in Turkish. For the sake of viewer convenience, the content is shown below in the alternative language. You may click the link to switch the active language. Enerji Depolama alan\u0131nda ad\u0131ndan s\u00f6z ettirmeye ba\u015flayan Avenof Ess, 31 A\u011fustos &#8211; 2 Eyl\u00fcl 2023 tarihleri aras\u0131nda \u0130stanbul T\u00fcyap Fuar Kongre Merkezi\u2019nde [&hellip;]<\/p>\n","protected":false},"author":1,"featured_media":178558,"comment_status":"open","ping_status":"open","sticky":false,"template":"","format":"standard","meta":[],"categories":[51,53,49],"tags":[108921,2258,108924,110053],"views":190,"_links":{"self":[{"href":"https:\/\/www.enerjigazetesi.ist\/en\/wp-json\/wp\/v2\/posts\/178552"}],"collection":[{"href":"https:\/\/www.enerjigazetesi.ist\/en\/wp-json\/wp\/v2\/posts"}],"about":[{"href":"https:\/\/www.enerjigazetesi.ist\/en\/wp-json\/wp\/v2\/types\/post"}],"author":[{"embeddable":true,"href":"https:\/\/www.enerjigazetesi.ist\/en\/wp-json\/wp\/v2\/users\/1"}],"replies":[{"embeddable":true,"href":"https:\/\/www.enerjigazetesi.ist\/en\/wp-json\/wp\/v2\/comments?post=178552"}],"version-history":[{"count":0,"href":"https:\/\/www.enerjigazetesi.ist\/en\/wp-json\/wp\/v2\/posts\/178552\/revisions"}],"wp:featuredmedia":[{"embeddable":true,"href":"https:\/\/www.enerjigazetesi.ist\/en\/wp-json\/wp\/v2\/media\/178558"}],"wp:attachment":[{"href":"https:\/\/www.enerjigazetesi.ist\/en\/wp-json\/wp\/v2\/media?parent=178552"}],"wp:term":[{"taxonomy":"category","embeddable":true,"href":"https:\/\/www.enerjigazetesi.ist\/en\/wp-json\/wp\/v2\/categories?post=178552"},{"taxonomy":"post_tag","embeddable":true,"href":"https:\/\/www.enerjigazetesi.ist\/en\/wp-json\/wp\/v2\/tags?post=178552"}],"curies":[{"name":"wp","href":"https:\/\/api.w.org\/{rel}","templated":true}]}}