{"id":178547,"date":"2023-08-23T17:28:39","date_gmt":"2023-08-23T14:28:39","guid":{"rendered":"https:\/\/www.enerjigazetesi.ist\/?p=178547"},"modified":"2023-08-23T17:29:01","modified_gmt":"2023-08-23T14:29:01","slug":"weg-turkiyede-yeni-elektrik-motoru-tesisine-yatirim-yapiyor","status":"publish","type":"post","link":"https:\/\/www.enerjigazetesi.ist\/en\/weg-turkiyede-yeni-elektrik-motoru-tesisine-yatirim-yapiyor\/","title":{"rendered":"(Turkish) &#8217;WEG&#8217; T\u00fcrkiye&#8217;de Yeni Elektrik Motoru Tesisine Yat\u0131r\u0131m Yap\u0131yor"},"content":{"rendered":"<p class=\"qtranxs-available-languages-message qtranxs-available-languages-message-en\">Sorry, this entry is only available in <a href=\"https:\/\/www.enerjigazetesi.ist\/tr\/wp-json\/wp\/v2\/posts\/178547\" class=\"qtranxs-available-language-link qtranxs-available-language-link-tr\" title=\"Turkish\">Turkish<\/a>. For the sake of viewer convenience, the content is shown below in the alternative language. You may click the link to switch the active language.<\/p><p><\/p>\n<h2><strong>M\u00fc\u015fterilere en son teknolojiyi sa\u011flamak i\u00e7in, k\u00fcresel <\/strong><a href=\"https:\/\/www.weg.net\/institutional\/TR\/en\/?utm_source=Stone+Junction&amp;utm_medium=Hard+news&amp;utm_campaign=WEG+invests+in+new+electric+motor+plant+in+Turkey&amp;utm_id=WEG643&amp;utm_term=low+and%20+orta+voltaj+elektrik+motorlar\u0131+&amp;utm_content=sahip%20olunan\"><strong>motor ve s\u00fcr\u00fcc\u00fc \u00fcreticisi<\/strong><\/a><strong>, WEG, Kocaeli, Dilovas\u0131&#8217;nda yeni bir tesis a\u00e7arak faaliyetlerini Do\u011fu Avrupa ve g\u00fcneybat\u0131 Asya pazar\u0131na geni\u015fletti. 7.000 m2&#8217;lik alan, m\u00fc\u015fterilere teknik destek sa\u011flamak ve \u00fcr\u00fcnlerin montaj\u0131n\u0131 yapmak i\u00e7in kullan\u0131lacakt\u0131r. Hareket, yaln\u0131zca yerel b\u00f6lge i\u00e7in de\u011fil, \u00e7evre \u00fclkeler i\u00e7in de daha k\u0131sa bir pazara s\u00fcr\u00fcm s\u00fcresi sunuyor.<\/strong><\/h2>\n<p>T\u00fcrkiye, WEG&#8217;in motorlar ve s\u00fcr\u00fcc\u00fcler i\u00e7in en \u00f6nemli pazarlar\u0131ndan biridir ve<strong> Orta Do\u011fu, Do\u011fu Avrupa, Kuzey Afrika ve Orta Asya pazarlar\u0131nda<\/strong> b\u00fcy\u00fcme f\u0131rsat\u0131 elde etmek i\u00e7in m\u00fckemmel bir konum sunmaktad\u0131r. T\u00fcrkiye&#8217;deki sanayi sekt\u00f6r\u00fc her y\u0131l b\u00fcy\u00fcmeye devam ederken, yeni geni\u015fleme <img loading=\"lazy\" class=\"alignright wp-image-178550\" src=\"https:\/\/www.enerjigazetesi.ist\/wp-content\/uploads\/2023\/08\/weg-turkiyede-yeni-elektrik-motoru-tesisine-yatirim-yapiyor-1.jpg\" alt=\"\" width=\"320\" height=\"208\" srcset=\"https:\/\/www.enerjigazetesi.ist\/wp-content\/uploads\/2023\/08\/weg-turkiyede-yeni-elektrik-motoru-tesisine-yatirim-yapiyor-1.jpg 550w, https:\/\/www.enerjigazetesi.ist\/wp-content\/uploads\/2023\/08\/weg-turkiyede-yeni-elektrik-motoru-tesisine-yatirim-yapiyor-1-300x195.jpg 300w, https:\/\/www.enerjigazetesi.ist\/wp-content\/uploads\/2023\/08\/weg-turkiyede-yeni-elektrik-motoru-tesisine-yatirim-yapiyor-1-500x325.jpg 500w, https:\/\/www.enerjigazetesi.ist\/wp-content\/uploads\/2023\/08\/weg-turkiyede-yeni-elektrik-motoru-tesisine-yatirim-yapiyor-1-77x50.jpg 77w\" sizes=\"(max-width: 320px) 100vw, 320px\" \/><strong>OEM&#8217;ler<\/strong> i\u00e7in iyi bir potansiyel sunuyor. T\u00fcrkiye GSY\u0130H&#8217;s\u0131n\u0131n <strong>y\u00fczde 30&#8217;dan<\/strong> fazlas\u0131 <strong>sanayi sekt\u00f6r\u00fcnden<\/strong> geliyor.<\/p>\n<p>A\u011fustos 2022&#8217;den beri faaliyette olan tesis, bu b\u00fcy\u00fcmeyi desteklemeye devam edecek ve WEG&#8217;in hem <strong>yerel tedarik\u00e7iler<\/strong> <strong>hem de ticari ortaklarla yak\u0131n ili\u015fkiler<\/strong> geli\u015ftirmesine olanak sa\u011flayacakt\u0131r. Ayr\u0131ca WEG, b\u00f6lgede y\u00fcksek talep g\u00f6ren <strong>al\u00e7ak ve orta gerilim elektrik motorlar\u0131ndaki<\/strong> pazar kapsam\u0131n\u0131 geni\u015fletebilecek.<\/p>\n<p>WEG T\u00fcrkiye \u0130cra Direkt\u00f6r\u00fc Marco Antonio Campos, <em>&#8220;Yerel montaj hatt\u0131 ve depo geni\u015flemesi, m\u00fc\u015fterilerimizin pazar talebini ve ihtiya\u00e7lar\u0131n\u0131 daha iyi anlamam\u0131za yard\u0131mc\u0131 olacak&#8221; dedi. <\/em><\/p>\n<p><em>&#8220;Ortaklar\u0131m\u0131z sayesinde T\u00fcrkiye pazar\u0131nda y\u0131llard\u0131r var\u0131z ve b\u00f6lgenin hareket s\u00fcr\u00fcc\u00fc \u00e7\u00f6z\u00fcmlerimiz i\u00e7in b\u00fcy\u00fck bir potansiyel sundu\u011funu biliyoruz. T\u00fcrkiye&#8217;ye yak\u0131n \u00fclkelere ihracat imkanlar\u0131 ile ana m\u00fc\u015fterilerimizin konumunun tam ortas\u0131nda konumland\u0131k.&#8221;<\/em><\/p>\n<p><em>\u201cGeni\u015fleme, yerel topluluk i\u00e7in f\u0131rsatlar yaratacak, yerel tedarik\u00e7iler i\u00e7in i\u015f, geli\u015fme ve f\u0131rsatlar yaratacak. T\u00fcrkiye, b\u00f6lgede kar\u015f\u0131 kar\u015f\u0131ya oldu\u011fumuz bu yeni jeopolitik ve ekonomik senaryoda \u00f6nemli bir oyuncu haline geliyor ve m\u00fc\u015fteri taban\u0131m\u0131z\u0131 b\u00fcy\u00fctmek i\u00e7in bize b\u00fcy\u00fck f\u0131rsatlar sunabilir. Yerel toplulukta daha fazla f\u0131rsat yaratarak, T\u00fcrk ekonomisine katk\u0131da bulunmaya yard\u0131mc\u0131 olabiliriz. Gelecekte WEG, <strong>ticari b\u00fcy\u00fcmemizi<\/strong> ve <strong>yerel dikeyle\u015fme planlar\u0131m\u0131z\u0131<\/strong> kar\u015f\u0131lamak i\u00e7in muhtemelen daha da geni\u015fleyecektir,\u201d<\/em> diye devam etti Campos.<\/p>\n<p><em>WEG&#8217;in sundu\u011fu motorlar, s\u00fcr\u00fcc\u00fcler ve di\u011fer end\u00fcstriyel ekipmanlar hakk\u0131nda daha fazla bilgi WEG web sitesinde bulunabilir. WEG T\u00fcrkiye ile do\u011frudan ileti\u015fime ge\u00e7mek i\u00e7in l\u00fctfen ileti\u015fime ge\u00e7iniz. <\/em><a href=\"mailto:info-tk@weg.net\"><em>info-tk@weg.net<\/em><\/a><em> veya <\/em><a href=\"https:\/\/www.weg.net\/institutional\/TR\/en\/contact\/contact-us?utm_source=Stone+Junction&amp;utm_medium=Hard+news&amp;utm_campaign=WEG+invests+in+new+electric+motor+plant+in+Turkey&amp;utm_id=%20WEG643&amp;utm_term=d\u00fc\u015f\u00fck+ve+orta+voltaj+elektrik+motorlar\u0131+&amp;utm_content=sahip%20olunan\" target=\"_blank\" rel=\"noopener\"><em>bize ula\u015f\u0131n<\/em><\/a><em> sayfas\u0131na<\/em> ziyaret edin.<\/p>","protected":false},"excerpt":{"rendered":"<p>Sorry, this entry is only available in Turkish. For the sake of viewer convenience, the content is shown below in the alternative language. You may click the link to switch the active language. M\u00fc\u015fterilere en son teknolojiyi sa\u011flamak i\u00e7in, k\u00fcresel motor ve s\u00fcr\u00fcc\u00fc \u00fcreticisi, WEG, Kocaeli, Dilovas\u0131&#8217;nda yeni bir tesis a\u00e7arak faaliyetlerini Do\u011fu Avrupa ve [&hellip;]<\/p>\n","protected":false},"author":1,"featured_media":178549,"comment_status":"open","ping_status":"open","sticky":false,"template":"","format":"standard","meta":[],"categories":[51,53],"tags":[110448,110292,110447,110293],"views":46,"_links":{"self":[{"href":"https:\/\/www.enerjigazetesi.ist\/en\/wp-json\/wp\/v2\/posts\/178547"}],"collection":[{"href":"https:\/\/www.enerjigazetesi.ist\/en\/wp-json\/wp\/v2\/posts"}],"about":[{"href":"https:\/\/www.enerjigazetesi.ist\/en\/wp-json\/wp\/v2\/types\/post"}],"author":[{"embeddable":true,"href":"https:\/\/www.enerjigazetesi.ist\/en\/wp-json\/wp\/v2\/users\/1"}],"replies":[{"embeddable":true,"href":"https:\/\/www.enerjigazetesi.ist\/en\/wp-json\/wp\/v2\/comments?post=178547"}],"version-history":[{"count":0,"href":"https:\/\/www.enerjigazetesi.ist\/en\/wp-json\/wp\/v2\/posts\/178547\/revisions"}],"wp:featuredmedia":[{"embeddable":true,"href":"https:\/\/www.enerjigazetesi.ist\/en\/wp-json\/wp\/v2\/media\/178549"}],"wp:attachment":[{"href":"https:\/\/www.enerjigazetesi.ist\/en\/wp-json\/wp\/v2\/media?parent=178547"}],"wp:term":[{"taxonomy":"category","embeddable":true,"href":"https:\/\/www.enerjigazetesi.ist\/en\/wp-json\/wp\/v2\/categories?post=178547"},{"taxonomy":"post_tag","embeddable":true,"href":"https:\/\/www.enerjigazetesi.ist\/en\/wp-json\/wp\/v2\/tags?post=178547"}],"curies":[{"name":"wp","href":"https:\/\/api.w.org\/{rel}","templated":true}]}}