{"id":178525,"date":"2023-08-23T15:44:35","date_gmt":"2023-08-23T12:44:35","guid":{"rendered":"https:\/\/www.enerjigazetesi.ist\/?p=178525"},"modified":"2023-08-23T15:44:35","modified_gmt":"2023-08-23T12:44:35","slug":"aksa-elektrik-in-geleneksel-resim-yarismasinin-5incisi-basliyor","status":"publish","type":"post","link":"https:\/\/www.enerjigazetesi.ist\/en\/aksa-elektrik-in-geleneksel-resim-yarismasinin-5incisi-basliyor\/","title":{"rendered":"(Turkish) &#8217;Aksa Elektrik&#8217;in Geleneksel Resim Yar\u0131\u015fmas\u0131n\u0131n 5&#8217;incisi Ba\u015fl\u0131yor"},"content":{"rendered":"<p class=\"qtranxs-available-languages-message qtranxs-available-languages-message-en\">Sorry, this entry is only available in <a href=\"https:\/\/www.enerjigazetesi.ist\/tr\/wp-json\/wp\/v2\/posts\/178525\" class=\"qtranxs-available-language-link qtranxs-available-language-link-tr\" title=\"Turkish\">Turkish<\/a>. For the sake of viewer convenience, the content is shown below in the alternative language. You may click the link to switch the active language.<\/p><p><\/p>\n<h2><strong>Aksa Elektrik\u2019in bu y\u0131l be\u015fincisini d\u00fczenledi\u011fi \u201cSenin Enerjin Senin Resmin\u201d resim yar\u0131\u015fmas\u0131, 23 A\u011fustos\u2019ta ba\u015fl\u0131yor. T\u00fcrkiye\u2019nin 81 ilinde 5, 6, 7 ve 8. s\u0131n\u0131f d\u00fczeyinde e\u011fitim g\u00f6ren \u00f6\u011frencilerin kat\u0131labilece\u011fi yar\u0131\u015fmada \u00e7ocuklar,\u00a0<\/strong>Cumhuriyet\u2019in y\u00fcz y\u0131ll\u0131k tarihine, geli\u015fimine, Mustafa Kemal Atat\u00fcrk\u2019\u00fcn ilkelerine, \u00fclkemizin sahip oldu\u011fu de\u011ferlere dikkat \u00e7eken resimleriyle ba\u015fvurabilecekler. Yar\u0131\u015fmada, dereceye giren ilk 10 eserin sahiplerini ise \u00f6d\u00fcller bekliyor.<\/h2>\n<p>Aksa Elektrik\u2019in bu y\u0131l be\u015fincisini d\u00fczenledi\u011fi <strong>\u201cSenin Enerjin Senin Resmin\u201d yar\u0131\u015fmas\u0131<\/strong> <strong>23 A\u011fustos\u2019ta<\/strong> ba\u015fl\u0131yor. Yar\u0131\u015fma, Cumhuriyet\u2019in y\u00fcz y\u0131ll\u0131k tarihine, geli\u015fimine, <strong>Mustafa Kemal Atat\u00fcrk\u2019\u00fcn<\/strong> ilkelerine, \u00fclkemizin sahip oldu\u011fu de\u011ferlere <strong>dikkat \u00e7ekmek amac\u0131yla<\/strong> bu y\u0131l <img loading=\"lazy\" class=\"alignright wp-image-178527\" src=\"https:\/\/www.enerjigazetesi.ist\/wp-content\/uploads\/2023\/08\/aksa-elektrik-in-geleneksel-resim-yarismasinin-5incisi-basliyor.jpg\" alt=\"\" width=\"320\" height=\"226\" srcset=\"https:\/\/www.enerjigazetesi.ist\/wp-content\/uploads\/2023\/08\/aksa-elektrik-in-geleneksel-resim-yarismasinin-5incisi-basliyor.jpg 550w, https:\/\/www.enerjigazetesi.ist\/wp-content\/uploads\/2023\/08\/aksa-elektrik-in-geleneksel-resim-yarismasinin-5incisi-basliyor-300x212.jpg 300w, https:\/\/www.enerjigazetesi.ist\/wp-content\/uploads\/2023\/08\/aksa-elektrik-in-geleneksel-resim-yarismasinin-5incisi-basliyor-500x354.jpg 500w, https:\/\/www.enerjigazetesi.ist\/wp-content\/uploads\/2023\/08\/aksa-elektrik-in-geleneksel-resim-yarismasinin-5incisi-basliyor-71x50.jpg 71w\" sizes=\"(max-width: 320px) 100vw, 320px\" \/>\u201cCumhuriyet\u2019in Y\u00fcz\u00fcnc\u00fc Y\u0131l Enerjisi\u201d temas\u0131yla ger\u00e7ekle\u015fiyor. T\u00fcrkiye\u2019nin t\u00fcm illerinden <strong>5, 6, 7 ve 8\u2019inci s\u0131n\u0131fta e\u011fitim g\u00f6ren \u00f6\u011frenciler<\/strong>, <strong>06 Eyl\u00fcl<\/strong> tarihine kadar <strong>Aksa Elektrik<\/strong>\u2019in <strong>Facebook ve Instagram<\/strong> <strong>sosyal medya hesaplar\u0131 \u00fczerinden resimlerini g\u00f6ndererek<\/strong> yar\u0131\u015fmaya kat\u0131labilecek. Aksa Elektrik taraf\u0131ndan belirlenen j\u00fcrinin yapt\u0131\u011f\u0131 de\u011ferlendirme sonucunda ise kazananlar <strong>15 Eyl\u00fcl Cuma<\/strong> g\u00fcn\u00fc <strong>Aksa Elektrik\u2019in<\/strong> <strong>sosyal medya hesaplar\u0131nda<\/strong> a\u00e7\u0131klanacak.<\/p>\n<p>Be\u015finci defa d\u00fczenlenen<strong> \u201cSenin Enerjin Senin Resmin\u201d yar\u0131\u015fmas\u0131nda<\/strong> birbirinden de\u011ferli \u00f6d\u00fcller ise yeni e\u011fitim ve \u00f6\u011fretim y\u0131l\u0131 hediyesi olarak kazanan \u00f6\u011frencilerin olacak.\u00a0Yar\u0131\u015fman\u0131n <strong>birincisi laptop, ikincisi tablet ve \u00fc\u00e7\u00fcnc\u00fcs\u00fc ise ak\u0131ll\u0131 saat kazan\u0131rken<\/strong>, <strong>ilk 10 i\u00e7erisinde yer almay\u0131 ba\u015faran di\u011fer kat\u0131l\u0131mc\u0131lar ise 1000 TL\u2019lik Amazon Hediye Kart\u0131<\/strong> ile \u00f6d\u00fcllendirilecek. Ayr\u0131ca yar\u0131\u015fmaya kat\u0131l\u0131m sa\u011flayan <strong>t\u00fcm \u00f6\u011frenciler<\/strong> ad\u0131na <strong>afet b\u00f6lgesindeki \u00e7ocuklar\u0131n nitelikli e\u011fitim deste\u011fi<\/strong> almas\u0131 ad\u0131na ba\u011f\u0131\u015f yap\u0131lacak.<\/p>\n<h3><strong>\u00c7ocuklar Cumhuriyetin 100. Y\u0131l Enerjisi\u2019ni Resmedecek<\/strong><\/h3>\n<p>Aksa Elektrik \u201cSenin Enerjin Senin Resmin\u201d yar\u0131\u015fmas\u0131na ba\u015fvurmak i\u00e7in ebeveynlerin veya yasal temsilcilerin, Aksa Elektrik\u2019in Instagram veya Facebook sosyal medya hesaplar\u0131n\u0131 takip etmesi ve mesaj yoluyla resimleri iletmeleri yeterli olacak. Kat\u0131lmak isteyen \u00e7ocuklar\u0131n, <strong>kur\u015fun kalemle \u00e7izdikleri<\/strong> veya <strong>pastel boya, sulu boya, ke\u00e7eli kalem, kuru boya<\/strong> gibi alternatif boyalarla yapt\u0131klar\u0131 resimlerin istedikleri bir b\u00f6l\u00fcm\u00fcne <strong>#CumhuriyetinY\u00fcz\u00fcnc\u00fcY\u0131lEnerjisi<\/strong> yazarak <strong>resimlerini ebeveynlerinin bilgileriyle birlikte payla\u015fmalar\u0131<\/strong> gerekiyor. Resimlerin sa\u011f arka k\u00f6\u015fesine yar\u0131\u015fmaya kat\u0131lan <strong>\u00e7ocu\u011fun ad\u0131, soyad\u0131, ya\u015f\u0131, \u00a0s\u0131n\u0131f\u0131 velisinin ad\u0131, soyad\u0131 ve cep telefonu<\/strong> bilgisi yaz\u0131l\u0131p <strong>bu k\u0131sm\u0131n g\u00f6rsel olarak mesaj b\u00f6l\u00fcm\u00fcnden iletilmesi de<\/strong> yar\u0131\u015fman\u0131n \u015fartlar\u0131 aras\u0131nda yer al\u0131yor.<\/p>\n<p>Aksa Elektrik\u2019in \u201cSenin Enerjin Senin Resmin\u201d Resim Yar\u0131\u015fmas\u0131\u2019na kat\u0131l\u0131m ko\u015fullar\u0131 hakk\u0131nda detayl\u0131 bilgiye Aksa Elektrik\u2019in<strong> Instagram ve Facebook sosyal medya hesaplar\u0131ndan<\/strong> veya <strong>web sitesi \u00fczerinden<\/strong> ula\u015f\u0131labiliyor.<\/p>","protected":false},"excerpt":{"rendered":"<p>Sorry, this entry is only available in Turkish. For the sake of viewer convenience, the content is shown below in the alternative language. You may click the link to switch the active language. Aksa Elektrik\u2019in bu y\u0131l be\u015fincisini d\u00fczenledi\u011fi \u201cSenin Enerjin Senin Resmin\u201d resim yar\u0131\u015fmas\u0131, 23 A\u011fustos\u2019ta ba\u015fl\u0131yor. T\u00fcrkiye\u2019nin 81 ilinde 5, 6, 7 ve [&hellip;]<\/p>\n","protected":false},"author":1,"featured_media":178527,"comment_status":"open","ping_status":"open","sticky":false,"template":"","format":"standard","meta":[],"categories":[51,53],"tags":[91620,24146,45318,49294],"views":50,"_links":{"self":[{"href":"https:\/\/www.enerjigazetesi.ist\/en\/wp-json\/wp\/v2\/posts\/178525"}],"collection":[{"href":"https:\/\/www.enerjigazetesi.ist\/en\/wp-json\/wp\/v2\/posts"}],"about":[{"href":"https:\/\/www.enerjigazetesi.ist\/en\/wp-json\/wp\/v2\/types\/post"}],"author":[{"embeddable":true,"href":"https:\/\/www.enerjigazetesi.ist\/en\/wp-json\/wp\/v2\/users\/1"}],"replies":[{"embeddable":true,"href":"https:\/\/www.enerjigazetesi.ist\/en\/wp-json\/wp\/v2\/comments?post=178525"}],"version-history":[{"count":0,"href":"https:\/\/www.enerjigazetesi.ist\/en\/wp-json\/wp\/v2\/posts\/178525\/revisions"}],"wp:featuredmedia":[{"embeddable":true,"href":"https:\/\/www.enerjigazetesi.ist\/en\/wp-json\/wp\/v2\/media\/178527"}],"wp:attachment":[{"href":"https:\/\/www.enerjigazetesi.ist\/en\/wp-json\/wp\/v2\/media?parent=178525"}],"wp:term":[{"taxonomy":"category","embeddable":true,"href":"https:\/\/www.enerjigazetesi.ist\/en\/wp-json\/wp\/v2\/categories?post=178525"},{"taxonomy":"post_tag","embeddable":true,"href":"https:\/\/www.enerjigazetesi.ist\/en\/wp-json\/wp\/v2\/tags?post=178525"}],"curies":[{"name":"wp","href":"https:\/\/api.w.org\/{rel}","templated":true}]}}