{"id":178516,"date":"2023-08-22T16:24:01","date_gmt":"2023-08-22T13:24:01","guid":{"rendered":"https:\/\/www.enerjigazetesi.ist\/?p=178516"},"modified":"2023-08-22T16:24:40","modified_gmt":"2023-08-22T13:24:40","slug":"afet-bolgesi-nde-lisanssiz-elektrik-uretim-tesisi-uygulamalari","status":"publish","type":"post","link":"https:\/\/www.enerjigazetesi.ist\/en\/afet-bolgesi-nde-lisanssiz-elektrik-uretim-tesisi-uygulamalari\/","title":{"rendered":"(Turkish) Afet B\u00f6lgesinde Lisanss\u0131z Elektrik \u00dcretim Tesisi Uygulamalar\u0131"},"content":{"rendered":"<p class=\"qtranxs-available-languages-message qtranxs-available-languages-message-en\">Sorry, this entry is only available in <a href=\"https:\/\/www.enerjigazetesi.ist\/tr\/wp-json\/wp\/v2\/posts\/178516\" class=\"qtranxs-available-language-link qtranxs-available-language-link-tr\" title=\"Turkish\">Turkish<\/a>. For the sake of viewer convenience, the content is shown below in the alternative language. You may click the link to switch the active language.<\/p><p><\/p>\n<h2><strong>EPDK, 22 A\u011fustos 2023 tarihli Resmi Gazete\u2019de yay\u0131mlanan Kurul Karar\u0131 ile 6 \u015eubat 2023 tarihinde meydana gelen depremler nedeniyle ola\u011fan\u00fcst\u00fc hal ve\/veya afet b\u00f6lgesi ilan edilen \u015fehirlerdeki lisanss\u0131z elektrik \u00fcretim tesisleriyle ili\u015fkilendirilen orta hasarl\u0131 ve a\u011f\u0131r hasarl\u0131 yap\u0131lar ile y\u0131k\u0131lm\u0131\u015f ve y\u0131k\u0131lacak yap\u0131lar i\u00e7in 09 May\u0131s 2023 tarihinden itibaren 31 A\u011fustos 2024 tarihine kadar, y\u00f6netmelikte yer alan baz\u0131 yapt\u0131r\u0131m h\u00fck\u00fcmlerinin uygulanmayaca\u011f\u0131n\u0131 duyurdu.<\/strong><\/h2>\n<p style=\"text-align: center;\"><img loading=\"lazy\" class=\"aligncenter wp-image-178518\" src=\"https:\/\/www.enerjigazetesi.ist\/wp-content\/uploads\/2023\/08\/afet-bolgesi-nde-lisanssiz-elektrik-uretim-tesisi-uygulamalari.jpg\" alt=\"\" width=\"500\" height=\"328\" srcset=\"https:\/\/www.enerjigazetesi.ist\/wp-content\/uploads\/2023\/08\/afet-bolgesi-nde-lisanssiz-elektrik-uretim-tesisi-uygulamalari.jpg 550w, https:\/\/www.enerjigazetesi.ist\/wp-content\/uploads\/2023\/08\/afet-bolgesi-nde-lisanssiz-elektrik-uretim-tesisi-uygulamalari-300x197.jpg 300w, https:\/\/www.enerjigazetesi.ist\/wp-content\/uploads\/2023\/08\/afet-bolgesi-nde-lisanssiz-elektrik-uretim-tesisi-uygulamalari-500x328.jpg 500w, https:\/\/www.enerjigazetesi.ist\/wp-content\/uploads\/2023\/08\/afet-bolgesi-nde-lisanssiz-elektrik-uretim-tesisi-uygulamalari-76x50.jpg 76w\" sizes=\"(max-width: 500px) 100vw, 500px\" \/><\/p>\n<h3><strong>Muafiyetin ge\u00e7erli oldu\u011fu Madde 28 ve f\u0131kra h\u00fck\u00fcmleri \u015fu \u015fekilde:<\/strong><\/h3>\n<p>\u27a1(8) (De\u011fi\u015fik:RG-9\/5\/2021-31479) Kabul\u00fc tamamlanarak i\u015fletmeye al\u0131nan \u00fcretim tesislerine ili\u015fkin olarak; \u00fcretim tesisi ile ili\u015fkilendirilen t\u00fcketim tesisi veya tesislerinden herhangi biri i\u00e7in t\u00fcketim i\u00e7in yap\u0131lan anla\u015fma veya s\u00f6zle\u015fmenin ge\u00e7ersiz hale gelmesi ve\/veya s\u00f6z konusu t\u00fcketim tesisleri i\u00e7in ba\u015fvuruya esas ba\u011flant\u0131 anla\u015fmas\u0131ndaki s\u00f6zle\u015fme g\u00fcc\u00fcn\u00fcn d\u00fc\u015fmesi halinde, ilgili (De\u011fi\u015fik ibare:RG-11\/8\/2022-31920) d\u00f6neme ili\u015fkin \u00fcretilen enerjinin g\u00f6revli tedarik \u015firketi taraf\u0131ndan \u00fcretilerek sisteme verilmi\u015f oldu\u011fu kabul edilerek bu enerji ile ilgili olarak piyasa i\u015fletmecisi ve g\u00f6revli tedarik \u015firketi taraf\u0131ndan herhangi bir \u00f6deme yap\u0131lmaz ve bu kapsamda sisteme verilen enerji #YEKDEM\u2019e bedelsiz katk\u0131 olarak dikkate al\u0131n\u0131r.<\/p>\n<p>\u27a1(9) (De\u011fi\u015fik:RG-31\/10\/2021-31645) Kabul\u00fc tamamlanarak i\u015fletmeye al\u0131nan \u00fcretim tesislerine ili\u015fkin olarak; \u00fcretim tesisi ile ili\u015fkilendirilen t\u00fcketim tesisi veya tesislerinde m\u00fccbir sebep halleri hari\u00e7 elektrik t\u00fcketimi olmamas\u0131 halinde, ilgili aya ili\u015fkin \u00fcretilen enerjinin g\u00f6revli tedarik \u015firketi taraf\u0131ndan \u00fcretilerek sisteme verilmi\u015f oldu\u011fu kabul edilerek bu enerji ile ilgili olarak piyasa i\u015fletmecisi ve g\u00f6revli tedarik \u015firketi taraf\u0131ndan herhangi bir \u00f6deme yap\u0131lmaz ve bu kapsamda sisteme verilen enerji YEKDEM\u2019e bedelsiz katk\u0131 olarak dikkate al\u0131n\u0131r.<\/p>\n<p>Kurul karar\u0131na ula\u015fmak i\u00e7in <a href=\"https:\/\/www.resmigazete.gov.tr\/eskiler\/2023\/08\/20230822-3.pdf\" target=\"_blank\" rel=\"noopener\">T\u0131klay\u0131n&gt;&gt;<\/a><\/p>","protected":false},"excerpt":{"rendered":"<p>Sorry, this entry is only available in Turkish. For the sake of viewer convenience, the content is shown below in the alternative language. You may click the link to switch the active language. EPDK, 22 A\u011fustos 2023 tarihli Resmi Gazete\u2019de yay\u0131mlanan Kurul Karar\u0131 ile 6 \u015eubat 2023 tarihinde meydana gelen depremler nedeniyle ola\u011fan\u00fcst\u00fc hal ve\/veya [&hellip;]<\/p>\n","protected":false},"author":1,"featured_media":178518,"comment_status":"open","ping_status":"open","sticky":false,"template":"","format":"standard","meta":[],"categories":[51,53],"tags":[110436,750,64073,52860,1388,8275],"views":40,"_links":{"self":[{"href":"https:\/\/www.enerjigazetesi.ist\/en\/wp-json\/wp\/v2\/posts\/178516"}],"collection":[{"href":"https:\/\/www.enerjigazetesi.ist\/en\/wp-json\/wp\/v2\/posts"}],"about":[{"href":"https:\/\/www.enerjigazetesi.ist\/en\/wp-json\/wp\/v2\/types\/post"}],"author":[{"embeddable":true,"href":"https:\/\/www.enerjigazetesi.ist\/en\/wp-json\/wp\/v2\/users\/1"}],"replies":[{"embeddable":true,"href":"https:\/\/www.enerjigazetesi.ist\/en\/wp-json\/wp\/v2\/comments?post=178516"}],"version-history":[{"count":0,"href":"https:\/\/www.enerjigazetesi.ist\/en\/wp-json\/wp\/v2\/posts\/178516\/revisions"}],"wp:featuredmedia":[{"embeddable":true,"href":"https:\/\/www.enerjigazetesi.ist\/en\/wp-json\/wp\/v2\/media\/178518"}],"wp:attachment":[{"href":"https:\/\/www.enerjigazetesi.ist\/en\/wp-json\/wp\/v2\/media?parent=178516"}],"wp:term":[{"taxonomy":"category","embeddable":true,"href":"https:\/\/www.enerjigazetesi.ist\/en\/wp-json\/wp\/v2\/categories?post=178516"},{"taxonomy":"post_tag","embeddable":true,"href":"https:\/\/www.enerjigazetesi.ist\/en\/wp-json\/wp\/v2\/tags?post=178516"}],"curies":[{"name":"wp","href":"https:\/\/api.w.org\/{rel}","templated":true}]}}