{"id":17851,"date":"2013-11-20T10:18:14","date_gmt":"2013-11-20T07:18:14","guid":{"rendered":"https:\/\/www.enerjigazetesi.ist\/?p=17851"},"modified":"2013-11-20T10:18:14","modified_gmt":"2013-11-20T07:18:14","slug":"yildiz-yabanci-sirketler-enerjide-yerli-sanayide-de-projelere-dahil-edilmeli","status":"publish","type":"post","link":"https:\/\/www.enerjigazetesi.ist\/en\/yildiz-yabanci-sirketler-enerjide-yerli-sanayide-de-projelere-dahil-edilmeli\/","title":{"rendered":"(Turkish) Y\u0131ld\u0131z: \u2018Yabanc\u0131 \u015eirketler Enerjide Yerli Sanayide de Projelere Dahil Edilmeli&#8230;'"},"content":{"rendered":"<p class=\"qtranxs-available-languages-message qtranxs-available-languages-message-en\">Sorry, this entry is only available in <a href=\"https:\/\/www.enerjigazetesi.ist\/tr\/wp-json\/wp\/v2\/posts\/17851\" class=\"qtranxs-available-language-link qtranxs-available-language-link-tr\" title=\"Turkish\">Turkish<\/a>. For the sake of viewer convenience, the content is shown below in the alternative language. You may click the link to switch the active language.<\/p><p><strong>Enerji Bakan\u0131 Taner Y\u0131ld\u0131z, T\u00fcrkiye\u2019nin i\u00e7inde bulundu\u011fu enerji projeleri ile ilgili a\u00e7\u0131klamalarda bulundu. Enerji Bakan\u0131 Taner Y\u0131ld\u0131z, T\u00fcrkiye\u2019de enerji alan\u0131nda i\u015f yapacak olan yabanc\u0131 \u015firketlerin yerli sanayiyi de projelere dahil ederek destekleyecek bir yap\u0131 kurmas\u0131 gerekti\u011fini s\u00f6yledi.<\/strong><\/p>\n<p>Uluslararas\u0131 Enerji Ajans\u0131 (UEA) bakanlar toplant\u0131s\u0131 i\u00e7in Paris\u2019te bulunan ve \u00e7e\u015fitli temaslar ger\u00e7ekle\u015ftiren Y\u0131ld\u0131z, d\u00fczenledi\u011fi bas\u0131n toplant\u0131s\u0131nda, \u201cT\u00fcrkiye\u2019de ister <strong>yenilenebilir enerji<\/strong> ister <strong>enerji verimlili\u011fi<\/strong> ve <strong>tasarrufu<\/strong> ya da <strong>n\u00fckleer<\/strong> ile ilgili alanda i\u015f yapacak olan her \u015firket yerli sanayiyi destekleyecek bir yap\u0131 kurmal\u0131. Yan sanayi kuracak bir yap\u0131y\u0131 bize sunmalar\u0131 laz\u0131m\u201d dedi.<\/p>\n<p>T\u00fcrkiye ile Fransa aras\u0131nda zaman zaman ya\u015fanan siyasi anla\u015fmazl\u0131klar iki \u00fclke aras\u0131ndaki enerji projelerine de yans\u0131yor. Fransa\u2019da Ermeni soyk\u0131r\u0131m\u0131 iddialar\u0131n\u0131n inkar\u0131n\u0131n su\u00e7 say\u0131lmas\u0131n\u0131 \u00f6ng\u00f6ren yasa tasar\u0131s\u0131 nedeniyle T\u00fcrkiye, iki Frans\u0131z \u015firketin n\u00fckleer santral yap\u0131m\u0131na kat\u0131lma talebini reddetmi\u015fti. T\u00fcrkiye, ayn\u0131 nedenle, Frans\u0131z \u015firketlerin Nabucco Projesi\u2019ne ortak olmas\u0131n\u0131 da veto etmi\u015fti. Fransa\u2019da Ermeni soyk\u0131r\u0131m\u0131 iddialar\u0131n\u0131n inkar\u0131n\u0131 su\u00e7 sayan yasa ge\u00e7en y\u0131l \u015eubat ay\u0131nda Fransa Anayasa Konseyi taraf\u0131ndan iptal edilmi\u015fti.<a href=\"https:\/\/www.enerjigazetesi.ist\/wp-content\/uploads\/2013\/06\/taner-y\u0131ld\u0131z-3919.jpg\"><img loading=\"lazy\" class=\"alignleft size-medium wp-image-11658\" title=\"taner-y\u0131ld\u0131z\" src=\"https:\/\/www.enerjigazetesi.ist\/wp-content\/uploads\/2013\/06\/taner-y\u0131ld\u0131z-3919-300x209.jpg\" alt=\"\" width=\"300\" height=\"209\" srcset=\"https:\/\/www.enerjigazetesi.ist\/wp-content\/uploads\/2013\/06\/taner-y\u0131ld\u0131z-3919-300x209.jpg 300w, https:\/\/www.enerjigazetesi.ist\/wp-content\/uploads\/2013\/06\/taner-y\u0131ld\u0131z-3919-71x50.jpg 71w, https:\/\/www.enerjigazetesi.ist\/wp-content\/uploads\/2013\/06\/taner-y\u0131ld\u0131z-3919.jpg 429w\" sizes=\"(max-width: 300px) 100vw, 300px\" \/><\/a><\/p>\n<p>\u201cS\u00f6zde Ermeni soyk\u0131r\u0131m\u0131 ile ilgili resmi kurumlar taraf\u0131ndan telaffuz edilecek bir yap\u0131n\u0131n bizim k\u0131rm\u0131z\u0131 \u00e7izgilerimiz oldu\u011funu ve bu hassasiyetimizin onlar taraf\u0131ndan da anla\u015f\u0131lmas\u0131 gerekti\u011fini vurgulad\u0131k. Bunun fark\u0131ndalar\u201d diyen Y\u0131ld\u0131z, s\u00f6zlerini \u015f\u00f6yle s\u00fcrd\u00fcrd\u00fc:<\/p>\n<p>\u201cBu t\u00fcr k\u0131rm\u0131z\u0131 \u00e7izgilere girmeyeceklerini \u00fcmit ediyoruz. Teknik fizibilitesi olan projelerin siyasi fizibiliteyle beraber uluslararas\u0131 arenada ger\u00e7ekle\u015ftirildi\u011fini biliyoruz. Uluslararas\u0131 ili\u015fkilerden ar\u0131nd\u0131r\u0131lamayacak kadar b\u00fcy\u00fck olan enerji projelerinin mutlaka do\u011fru yap\u0131land\u0131r\u0131lmas\u0131 laz\u0131m. Olmazsa olmaz \u015fart\u0131m\u0131z oldu\u011funu b\u00fct\u00fcn d\u00fcnya biliyor. Hak etmedi\u011fimiz bir noktadan dolay\u0131 enerji \u00fczerindeki y\u00fck\u00fc art\u0131k kald\u0131ramayaca\u011f\u0131m\u0131z\u0131 b\u00fct\u00fcn kom\u015fular\u0131m\u0131z da enerji ile ilgili ili\u015fkimiz olan \u00fclkeler de biliyor.\u201d<\/p>\n<p>Japonya\u2019n\u0131n 22 milyar dolarl\u0131k yat\u0131r\u0131mla Sinop\u2019a yapaca\u011f\u0131 T\u00fcrkiye\u2019nin ikinci n\u00fckleer santralinde Frans\u0131z GDF Suez\u2019in de ortakl\u0131\u011f\u0131 bulunuyor.<\/p>\n<p>Sinop\u2019taki n\u00fckleer santral i\u00e7in denizdeki sismik \u00e7al\u0131\u015fmalara ba\u015flad\u0131\u011f\u0131n\u0131 s\u00f6yleyen Y\u0131ld\u0131z, 2023 y\u0131l\u0131nda Sinop\u2019ta en az bir \u00fcnitenin devreye al\u0131naca\u011f\u0131 \u015fekilde bir proje dizayn ettiklerini vurgulad\u0131.<\/p>\n<p>Japonya\u2019n\u0131n \u00fc\u00e7\u00fcnc\u00fc n\u00fckleer santralin yerinin belirlenmesi i\u00e7in de \u00e7al\u0131\u015fmalar yapaca\u011f\u0131n\u0131 vurgulayan Y\u0131ld\u0131z, \u201cBunun herhangi bir ba\u011flay\u0131c\u0131l\u0131\u011f\u0131 yok. Bu i\u015fi Japonlar, Amerikal\u0131lar ya da \u00c7inliler yapacak diye bir tasarruf, ba\u011flay\u0131c\u0131 bir y\u00f6n yok\u201d dedi. T\u00fcrkiye\u2019nin g\u00fcndeme getirdi\u011fi ve sorumlulu\u011fu tamamen yat\u0131r\u0131mc\u0131lar\u0131n \u00fcstlenece\u011fi \u015fekilde geli\u015ftirilen modelin ba\u015far\u0131l\u0131 oldu\u011funu vurgulayan Y\u0131ld\u0131z, \u015f\u00f6yle devam etti:<\/p>\n<p>\u201cBa\u015fta bunun ger\u00e7ekle\u015ftirilebilece\u011fine kimse inanm\u0131yordu, fakat farkl\u0131 \u015firketler de bize teklif verebilece\u011fini s\u00f6yl\u00fcyorlar. Bunun do\u011fru oldu\u011funu g\u00f6rd\u00fck. Bundan \u00f6nce yap\u0131lan 442 n\u00fckleer santralin hi\u00e7biri bu modelle yap\u0131lmad\u0131.\u201d<\/p>\n<p>Kaynak: <a href=\"http:\/\/enerjienstitusu.com\/2013\/11\/19\/yildiz-turkiyede-enerji-alaninda-yapacak-yabanci-sirketler-yerli-sanayiyi-de-projelere-dahil-etmeli\/\" target=\"_blank\">Enerji Enstit\u00fcs\u00fc<\/a><\/p>","protected":false},"excerpt":{"rendered":"<p>Sorry, this entry is only available in Turkish. For the sake of viewer convenience, the content is shown below in the alternative language. You may click the link to switch the active language.Enerji Bakan\u0131 Taner Y\u0131ld\u0131z, T\u00fcrkiye\u2019nin i\u00e7inde bulundu\u011fu enerji projeleri ile ilgili a\u00e7\u0131klamalarda bulundu. Enerji Bakan\u0131 Taner Y\u0131ld\u0131z, T\u00fcrkiye\u2019de enerji alan\u0131nda i\u015f yapacak olan [&hellip;]<\/p>\n","protected":false},"author":1,"featured_media":11658,"comment_status":"open","ping_status":"open","sticky":false,"template":"","format":"standard","meta":[],"categories":[53],"tags":[710,63,67,1009,1306,165,667,5873,1022],"views":762,"_links":{"self":[{"href":"https:\/\/www.enerjigazetesi.ist\/en\/wp-json\/wp\/v2\/posts\/17851"}],"collection":[{"href":"https:\/\/www.enerjigazetesi.ist\/en\/wp-json\/wp\/v2\/posts"}],"about":[{"href":"https:\/\/www.enerjigazetesi.ist\/en\/wp-json\/wp\/v2\/types\/post"}],"author":[{"embeddable":true,"href":"https:\/\/www.enerjigazetesi.ist\/en\/wp-json\/wp\/v2\/users\/1"}],"replies":[{"embeddable":true,"href":"https:\/\/www.enerjigazetesi.ist\/en\/wp-json\/wp\/v2\/comments?post=17851"}],"version-history":[{"count":2,"href":"https:\/\/www.enerjigazetesi.ist\/en\/wp-json\/wp\/v2\/posts\/17851\/revisions"}],"predecessor-version":[{"id":17853,"href":"https:\/\/www.enerjigazetesi.ist\/en\/wp-json\/wp\/v2\/posts\/17851\/revisions\/17853"}],"wp:featuredmedia":[{"embeddable":true,"href":"https:\/\/www.enerjigazetesi.ist\/en\/wp-json\/wp\/v2\/media\/11658"}],"wp:attachment":[{"href":"https:\/\/www.enerjigazetesi.ist\/en\/wp-json\/wp\/v2\/media?parent=17851"}],"wp:term":[{"taxonomy":"category","embeddable":true,"href":"https:\/\/www.enerjigazetesi.ist\/en\/wp-json\/wp\/v2\/categories?post=17851"},{"taxonomy":"post_tag","embeddable":true,"href":"https:\/\/www.enerjigazetesi.ist\/en\/wp-json\/wp\/v2\/tags?post=17851"}],"curies":[{"name":"wp","href":"https:\/\/api.w.org\/{rel}","templated":true}]}}