{"id":178484,"date":"2023-08-22T12:38:46","date_gmt":"2023-08-22T09:38:46","guid":{"rendered":"https:\/\/www.enerjigazetesi.ist\/?p=178484"},"modified":"2023-08-22T12:39:07","modified_gmt":"2023-08-22T09:39:07","slug":"mia-teknoloji-istiraki-enerjey-enerji-romanya-pazarina-aciliyor","status":"publish","type":"post","link":"https:\/\/www.enerjigazetesi.ist\/en\/mia-teknoloji-istiraki-enerjey-enerji-romanya-pazarina-aciliyor\/","title":{"rendered":"(Turkish) M\u0130A Teknoloji \u0130\u015ftiraki &#8216;Enerjey Enerji&#8217; Romanya Pazar\u0131na A\u00e7\u0131l\u0131yor"},"content":{"rendered":"<p class=\"qtranxs-available-languages-message qtranxs-available-languages-message-en\">Sorry, this entry is only available in <a href=\"https:\/\/www.enerjigazetesi.ist\/tr\/wp-json\/wp\/v2\/posts\/178484\" class=\"qtranxs-available-language-link qtranxs-available-language-link-tr\" title=\"Turkish\">Turkish<\/a>. For the sake of viewer convenience, the content is shown below in the alternative language. You may click the link to switch the active language.<\/p><p><\/p>\n<h2><strong>Katma de\u011ferli teknolojileri ile T\u00fcrkiye\u2019nin en b\u00fcy\u00fck bili\u015fim \u015firketleri aras\u0131nda yer alan M\u0130A Teknoloji\u2019nin i\u015ftiraki Enerjey Enerji, yenilenebilir enerji alan\u0131nda cazip hale gelen Romanya pazar\u0131na a\u00e7\u0131l\u0131yor.<\/strong><\/h2>\n<p>AR-GE, inovasyon, yaz\u0131l\u0131m geli\u015ftirme, entegrasyon ve \u00e7\u00f6z\u00fcm sa\u011flama alanlar\u0131nda faaliyet g\u00f6steren yerli yaz\u0131l\u0131m firmas\u0131 <strong>M\u0130A Teknoloji\u2019nin i\u015ftiraki Enerjey Enerji<\/strong>, yenilenebilir enerji sekt\u00f6r\u00fcnde g\u00fc\u00e7l\u00fc bir <img loading=\"lazy\" class=\"alignright wp-image-178490\" src=\"https:\/\/www.enerjigazetesi.ist\/wp-content\/uploads\/2023\/08\/mia-teknoloji-istiraki-enerjey-enerji-romanya-pazarina-aciliyor.jpg\" alt=\"\" width=\"320\" height=\"213\" srcset=\"https:\/\/www.enerjigazetesi.ist\/wp-content\/uploads\/2023\/08\/mia-teknoloji-istiraki-enerjey-enerji-romanya-pazarina-aciliyor.jpg 550w, https:\/\/www.enerjigazetesi.ist\/wp-content\/uploads\/2023\/08\/mia-teknoloji-istiraki-enerjey-enerji-romanya-pazarina-aciliyor-300x200.jpg 300w, https:\/\/www.enerjigazetesi.ist\/wp-content\/uploads\/2023\/08\/mia-teknoloji-istiraki-enerjey-enerji-romanya-pazarina-aciliyor-500x333.jpg 500w, https:\/\/www.enerjigazetesi.ist\/wp-content\/uploads\/2023\/08\/mia-teknoloji-istiraki-enerjey-enerji-romanya-pazarina-aciliyor-75x50.jpg 75w, https:\/\/www.enerjigazetesi.ist\/wp-content\/uploads\/2023\/08\/mia-teknoloji-istiraki-enerjey-enerji-romanya-pazarina-aciliyor-450x300.jpg 450w\" sizes=\"(max-width: 320px) 100vw, 320px\" \/>marka olma hedefiyle faaliyetlerine h\u0131zla devam ediyor.<\/p>\n<p><strong>M\u0130A Teknoloji<\/strong> taraf\u0131ndan yap\u0131lan a\u00e7\u0131klamaya g\u00f6re, <strong>Enerjey Enerji<\/strong>\u2019nin Avrupa\u2019n\u0131n yenilenebilir enerji alan\u0131nda \u00f6ne \u00e7\u0131kan pazarlar\u0131ndan <strong>Romanya\u2019da<\/strong> faaliyet g\u00f6stermesi hedefleniyor. \u015eirketin, Romanya pazar\u0131nda <strong>fotovoltaik solar enerji projeleri geli\u015ftirmesi, \u00f6z kaynaklar<\/strong> veya <strong>uluslararas\u0131 finans ve yat\u0131r\u0131m kurulu\u015flar\u0131 ile ortak giri\u015fim projeleri<\/strong> hayata ge\u00e7irmesi ve <strong>anahtar teslim proje ve m\u00fchendislik, tedarik ve in\u015faat hizmetleri<\/strong> vermesi planl\u0131yor.<\/p>\n<p><strong>Enerjey Enerji A.\u015e Genel M\u00fcd\u00fcr\u00fc G\u00f6khan Dilek, <\/strong><em>\u201cT\u00fcm d\u00fcnyada enerjiye olan ihtiya\u00e7 her ge\u00e7en g\u00fcn b\u00fcy\u00fcyor. 2050 net s\u0131f\u0131r karbon ve k\u00fcresel \u0131s\u0131nmay\u0131 <strong>1,5\u00b0C<\/strong> ile <strong>s\u0131n\u0131rland\u0131rma hedefi<\/strong> do\u011frultusunda ise yenilenebilir enerjinin \u00f6nemi giderek art\u0131yor. Net s\u0131f\u0131r hedefi i\u00e7in <strong>2050 y\u0131l\u0131na kadar<\/strong> yenilenebilir enerjinin toplam elektrik \u00fcretimi i\u00e7erisindeki pay\u0131n\u0131n<strong> %86 seviyelerine<\/strong> ula\u015fmas\u0131 gerekiyor. <strong>M\u0130A Teknoloji<\/strong> olarak biz de i\u015ftirakimiz <strong>Enerjey Enerji<\/strong> ile h\u0131zla b\u00fcy\u00fcyen yenilenebilir enerji alan\u0131nda emin ad\u0131mlarla ilerliyoruz. <strong>Ar-Ge<\/strong> ve <strong>inovasyon<\/strong> g\u00fcc\u00fcm\u00fcz, s\u00fcrd\u00fcr\u00fclebilirlik bak\u0131\u015f a\u00e7\u0131m\u0131zla sekt\u00f6rde \u00f6nc\u00fc bir oyuncu haline gelmeyi hedefliyoruz. Avrupa\u2019da cazip bir pazar haline gelen <strong>Romanya\u2019da<\/strong> faaliyete ge\u00e7mek i\u00e7in h\u0131zl\u0131 ad\u0131mlarla ve heyecanla \u00e7al\u0131\u015fmalar\u0131m\u0131za ba\u015fl\u0131yor olaca\u011f\u0131z. Portf\u00f6y\u00fcm\u00fcze yeni pazarlar ekleyerek sekt\u00f6rdeki varl\u0131\u011f\u0131m\u0131z\u0131 daha da g\u00fc\u00e7lendirmi\u015f olaca\u011f\u0131z\u201d<\/em> dedi.<\/p>","protected":false},"excerpt":{"rendered":"<p>Sorry, this entry is only available in Turkish. For the sake of viewer convenience, the content is shown below in the alternative language. You may click the link to switch the active language. Katma de\u011ferli teknolojileri ile T\u00fcrkiye\u2019nin en b\u00fcy\u00fck bili\u015fim \u015firketleri aras\u0131nda yer alan M\u0130A Teknoloji\u2019nin i\u015ftiraki Enerjey Enerji, yenilenebilir enerji alan\u0131nda cazip hale [&hellip;]<\/p>\n","protected":false},"author":1,"featured_media":178490,"comment_status":"open","ping_status":"open","sticky":false,"template":"","format":"standard","meta":[],"categories":[53,49],"tags":[110429,110430,2206,110428,3940],"views":53,"_links":{"self":[{"href":"https:\/\/www.enerjigazetesi.ist\/en\/wp-json\/wp\/v2\/posts\/178484"}],"collection":[{"href":"https:\/\/www.enerjigazetesi.ist\/en\/wp-json\/wp\/v2\/posts"}],"about":[{"href":"https:\/\/www.enerjigazetesi.ist\/en\/wp-json\/wp\/v2\/types\/post"}],"author":[{"embeddable":true,"href":"https:\/\/www.enerjigazetesi.ist\/en\/wp-json\/wp\/v2\/users\/1"}],"replies":[{"embeddable":true,"href":"https:\/\/www.enerjigazetesi.ist\/en\/wp-json\/wp\/v2\/comments?post=178484"}],"version-history":[{"count":0,"href":"https:\/\/www.enerjigazetesi.ist\/en\/wp-json\/wp\/v2\/posts\/178484\/revisions"}],"wp:featuredmedia":[{"embeddable":true,"href":"https:\/\/www.enerjigazetesi.ist\/en\/wp-json\/wp\/v2\/media\/178490"}],"wp:attachment":[{"href":"https:\/\/www.enerjigazetesi.ist\/en\/wp-json\/wp\/v2\/media?parent=178484"}],"wp:term":[{"taxonomy":"category","embeddable":true,"href":"https:\/\/www.enerjigazetesi.ist\/en\/wp-json\/wp\/v2\/categories?post=178484"},{"taxonomy":"post_tag","embeddable":true,"href":"https:\/\/www.enerjigazetesi.ist\/en\/wp-json\/wp\/v2\/tags?post=178484"}],"curies":[{"name":"wp","href":"https:\/\/api.w.org\/{rel}","templated":true}]}}