{"id":178460,"date":"2023-08-22T11:20:59","date_gmt":"2023-08-22T08:20:59","guid":{"rendered":"https:\/\/www.enerjigazetesi.ist\/?p=178460"},"modified":"2023-08-22T11:28:15","modified_gmt":"2023-08-22T08:28:15","slug":"turkiye-de-dogalgaz-abone-sayisi-yuzde-6-1-artti","status":"publish","type":"post","link":"https:\/\/www.enerjigazetesi.ist\/en\/turkiye-de-dogalgaz-abone-sayisi-yuzde-6-1-artti\/","title":{"rendered":"(Turkish) T\u00fcrkiye&#8217;de Do\u011falgaz Abone Say\u0131s\u0131 % 6,1 Artt\u0131"},"content":{"rendered":"<p class=\"qtranxs-available-languages-message qtranxs-available-languages-message-en\">Sorry, this entry is only available in <a href=\"https:\/\/www.enerjigazetesi.ist\/tr\/wp-json\/wp\/v2\/posts\/178460\" class=\"qtranxs-available-language-link qtranxs-available-language-link-tr\" title=\"Turkish\">Turkish<\/a>. For the sake of viewer convenience, the content is shown below in the alternative language. You may click the link to switch the active language.<\/p><p><\/p>\n<h2><strong>Evlerimizin ve di\u011fer ya\u015fam alanlar\u0131n\u0131n;<\/strong> <strong>\u0131s\u0131tma ve s\u0131cak su ihtiyac\u0131n\u0131 kar\u015f\u0131layan ayn\u0131 zamanda f\u0131r\u0131nlara ve ocaklara enerji sa\u011flayan do\u011falgaza olan talep her ge\u00e7en g\u00fcn art\u0131yor. Enerji Piyasas\u0131 D\u00fczenleme Kurumu\u2019nun (EPDK) raporuna g\u00f6re, 2022 y\u0131l\u0131nda T\u00fcrkiye&#8217;de konut abone say\u0131s\u0131 y\u00fczde 6,1 art\u0131\u015fla 18 milyon 982 bin 872&#8217;ye y\u00fckseldi.<\/strong><\/h2>\n<p>Yaz\u0131n son g\u00fcnleri, so\u011fuklar kap\u0131da. So\u011fuk havalarda da evlerinde ve i\u015fyerlerinde ki konfor \u015fartlar\u0131n\u0131 korumak isteyenler, bug\u00fcnden do\u011falgaz d\u00f6n\u00fc\u015f\u00fcm \u00e7al\u0131\u015fmalar\u0131n\u0131 tamamlayarak, rahat bir k\u0131\u015fa haz\u0131rlan\u0131yor. Yaz aylar\u0131nda \u00f6nlemini almayanlar ise <strong>Eyl\u00fcl-Kas\u0131m aylar\u0131nda<\/strong> artan abonelik ba\u015fvurular\u0131 nedeniyle hem do\u011falgaz aboneli\u011fini a\u00e7t\u0131rmak hem de kombi takt\u0131rmak i\u00e7in g\u00fcnlerce hatta aylarca bekleyebiliyor.<\/p>\n<p><img loading=\"lazy\" class=\"alignright wp-image-178466\" src=\"https:\/\/www.enerjigazetesi.ist\/wp-content\/uploads\/2023\/08\/turkiye-de-dogalgaz-abone-sayisi-yuzde-6-1-artti-1.jpg\" alt=\"\" width=\"320\" height=\"260\" srcset=\"https:\/\/www.enerjigazetesi.ist\/wp-content\/uploads\/2023\/08\/turkiye-de-dogalgaz-abone-sayisi-yuzde-6-1-artti-1.jpg 550w, https:\/\/www.enerjigazetesi.ist\/wp-content\/uploads\/2023\/08\/turkiye-de-dogalgaz-abone-sayisi-yuzde-6-1-artti-1-300x244.jpg 300w, https:\/\/www.enerjigazetesi.ist\/wp-content\/uploads\/2023\/08\/turkiye-de-dogalgaz-abone-sayisi-yuzde-6-1-artti-1-492x400.jpg 492w, https:\/\/www.enerjigazetesi.ist\/wp-content\/uploads\/2023\/08\/turkiye-de-dogalgaz-abone-sayisi-yuzde-6-1-artti-1-62x50.jpg 62w, https:\/\/www.enerjigazetesi.ist\/wp-content\/uploads\/2023\/08\/turkiye-de-dogalgaz-abone-sayisi-yuzde-6-1-artti-1-500x406.jpg 500w\" sizes=\"(max-width: 320px) 100vw, 320px\" \/>Eyl\u00fcl, Ekim ve Kas\u0131m aylar\u0131nda do\u011falgaz abonelik ba\u015fvurular\u0131nda ya\u015fanan art\u0131\u015fa dikkat \u00e7eken <strong>\u00dc\u00e7ay Grup \u0130klimlendirme ve \u015eubeler Grup Direkt\u00f6r\u00fc \u00d6zg\u00fcr \u015eahin<\/strong>, evlerinde ve i\u015fyerlerinde do\u011falgaz d\u00f6n\u00fc\u015f\u00fcm\u00fc yapt\u0131rmak isteyenleri, erken davranmalar\u0131 ve <span style=\"text-decoration: underline;\">firma se\u00e7imi konusunda uyard\u0131:<\/span><\/p>\n<h3><strong>Kas\u0131m\u2019da do\u011falgaz aboneli\u011fi pik yapt\u0131<\/strong><\/h3>\n<p><em>&#8220;<strong>T\u00fcrkiye Do\u011falgaz Da\u011f\u0131t\u0131c\u0131lar\u0131 Birli\u011fi (GAZB\u0130R)<\/strong> ise 2022 y\u0131l\u0131nda en y\u00fcksek do\u011falgaz abonesi al\u0131m\u0131n\u0131n <strong>171 bin abone<\/strong> ile kas\u0131m ay\u0131nda yap\u0131ld\u0131\u011f\u0131n\u0131 a\u00e7\u0131klad\u0131. Sonbahar aylar\u0131nda do\u011falgaz abonelik ba\u015fvurular\u0131nda ya\u015fanan art\u0131\u015f ise <strong>do\u011falgaz aboneli\u011fi a\u00e7t\u0131rma s\u00fcreleri<\/strong> ile <strong>do\u011falgaz tesisat\u0131 kurulum s\u00fcre\u00e7lerinin uzamas\u0131na<\/strong> neden oluyor. Bu nedenle evlerinde ve i\u015fyerlerinde do\u011falgaz d\u00f6n\u00fc\u015f\u00fcm\u00fc yapt\u0131rmak isteyenlerin <strong>yaz aylar\u0131n\u0131n sonunda harekete ge\u00e7melerini<\/strong> tavsiye ediyoruz\u201d<\/em><\/p>\n<p><strong>\u00d6zg\u00fcr \u015eahin, <\/strong>konu\u015fmas\u0131nda do\u011falgaz d\u00f6n\u00fc\u015f\u00fcm\u00fcnde izlenecek <span style=\"text-decoration: underline;\">ad\u0131mlar\u0131 da payla\u015ft\u0131:<\/span><\/p>\n<p>\u201cDo\u011fru bir do\u011falgaz d\u00f6n\u00fc\u015f\u00fcm\u00fc, m\u00fchendislik \u00e7al\u0131\u015fmas\u0131 gerektiriyor. Yani \u00f6nce bir m\u00fchendislik \u015firketi ile anla\u015f\u0131larak, proje \u00e7izdirilmeli. Do\u011falgaz proje \u00e7izimi i\u00e7in m\u00fchendislik firmas\u0131n\u0131n yetkililerinin yani makine m\u00fchendislerinin ve teknikerlerinin projesi \u00e7izilecek olan meskende ke\u015fif \u00e7al\u0131\u015fmas\u0131 yapmalar\u0131 gerekiyor. \u015eirket, projeyi \u00e7izdikten sonra da ilgili \u015fehrin do\u011falgaz da\u011f\u0131t\u0131m merkezine gidilerek, onay s\u00fcreci ba\u015flat\u0131lmal\u0131.<\/p>\n<p>Do\u011falgaz da\u011f\u0131t\u0131m merkezinden onay al\u0131nd\u0131ktan sonra ev veya i\u015fyeri sahibinin gerekli evraklar ile aboneli\u011fi a\u00e7t\u0131rmak i\u00e7in ba\u015fvuru yapmas\u0131 gerekiyor. Ba\u015fvuru yap\u0131ld\u0131ktan sonra do\u011falgaz sayac\u0131, ki\u015fiye emanet ediliyor ve g\u00f6revli, randevu verilen tarihte meskene gelerek sayac\u0131 tak\u0131yor.<\/p>\n<p>Abonelik a\u00e7\u0131ld\u0131ktan sonra do\u011falgaz da\u011f\u0131t\u0131m \u015firketinden gelen g\u00f6revli, kombi d\u00fczene\u011fini kontrol ederek, olas\u0131 s\u0131z\u0131nt\u0131 riskine kar\u015f\u0131 test yap\u0131yor. E\u011fer kombi kullan\u0131m\u0131na dair herhangi bir sorun yoksa onay veriliyor.<\/p>\n<h3><strong>Elektrik ba\u011flant\u0131s\u0131na m\u00fcdahale etmeyin<\/strong><\/h3>\n<p><strong>Do\u011falgaz a\u00e7\u0131m i\u015flemleri<\/strong> tamamland\u0131ktan sonra da s\u0131ra <strong>elektrik a\u00e7t\u0131rma i\u015flemine<\/strong> geliyor. Kombi \u00fcreticisi firma ile ilgili firman\u0131n personeli, <strong>meskene gelerek, elektrik ba\u011flant\u0131s\u0131n\u0131<\/strong> yap\u0131yor. Sonras\u0131nda kombi kullan\u0131ma a\u00e7\u0131l\u0131yor. Bu a\u015famada elektrik ba\u011flant\u0131s\u0131na asla kendiniz m\u00fcdahale etmemelisiniz. \u015eayet kendiniz ba\u011flant\u0131 yapar ya da yapt\u0131r\u0131rsan\u0131z ve kombi \u00e7al\u0131\u015fmazsa, ne <strong>\u00fccretsiz onar\u0131m deste\u011fi<\/strong> alabilirsiniz ne de <strong>paran\u0131z iade edilir<\/strong>. Kombi \u00fcreticisi firma, kurallar gere\u011fi ancak elektrik ba\u011flant\u0131s\u0131n\u0131 kendileri yaparsa garanti belgesini imzal\u0131yor.<\/p>\n<h3><strong>\u201cDo\u011falgaz tesisat\u0131n\u0131 1 g\u00fcnde tamaml\u0131yoruz\u201d<\/strong><\/h3>\n<p>Abonelik ba\u015fvurusu, proje, kurulum ve elektrik ba\u011flant\u0131s\u0131 i\u015flemlerinin tamam\u0131 ortalama iki hafta s\u00fcr\u00fcyor. Sonbaharda yani eyl\u00fcl-kas\u0131m aylar\u0131nda do\u011falgaz abonelik ba\u015fvurular\u0131nda ya\u015fanan art\u0131\u015f ise bu s\u00fcrenin bir aya kadar uzamas\u0131na neden oluyor. <strong>Sonbaharda vakit kayb\u0131 ya\u015famak istemeyenlerin yaz aylar\u0131nda ba\u015fvuru s\u00fcre\u00e7lerini ba\u015flatmalar\u0131n\u0131<\/strong> tavsiye ediyoruz.<\/p>\n<p><strong>\u00dc\u00c7AY M\u00fchendislik<\/strong> olarak, T\u00fcrkiye\u2019nin bir\u00e7ok il ve il\u00e7esindeki \u015fubelerimiz ve \u00fcst\u00fcn m\u00fchendislik kabiliyetimiz ile m\u00fc\u015fterilerimize, <strong>\u00fccretsiz \u00f6n ke\u015fif<\/strong> ve <strong>anahtar teslim sistem kurulumu hizmetini<\/strong>, <strong>1 g\u00fcnde i\u015f teslimi prensibiyle<\/strong> tamaml\u0131yoruz. Abonelik s\u00fcre\u00e7leri tamamlanan projelerde, bir hafta gibi k\u0131sa bir s\u00fcrede <strong>do\u011falgaz\u0131 kullan\u0131ma uygun<\/strong> hale getiriyoruz\u201d dedi.<\/p>","protected":false},"excerpt":{"rendered":"<p>Sorry, this entry is only available in Turkish. For the sake of viewer convenience, the content is shown below in the alternative language. You may click the link to switch the active language. Evlerimizin ve di\u011fer ya\u015fam alanlar\u0131n\u0131n; \u0131s\u0131tma ve s\u0131cak su ihtiyac\u0131n\u0131 kar\u015f\u0131layan ayn\u0131 zamanda f\u0131r\u0131nlara ve ocaklara enerji sa\u011flayan do\u011falgaza olan talep her [&hellip;]<\/p>\n","protected":false},"author":1,"featured_media":178465,"comment_status":"open","ping_status":"open","sticky":false,"template":"","format":"standard","meta":[],"categories":[46,53],"tags":[30765,43848,82809],"views":30,"_links":{"self":[{"href":"https:\/\/www.enerjigazetesi.ist\/en\/wp-json\/wp\/v2\/posts\/178460"}],"collection":[{"href":"https:\/\/www.enerjigazetesi.ist\/en\/wp-json\/wp\/v2\/posts"}],"about":[{"href":"https:\/\/www.enerjigazetesi.ist\/en\/wp-json\/wp\/v2\/types\/post"}],"author":[{"embeddable":true,"href":"https:\/\/www.enerjigazetesi.ist\/en\/wp-json\/wp\/v2\/users\/1"}],"replies":[{"embeddable":true,"href":"https:\/\/www.enerjigazetesi.ist\/en\/wp-json\/wp\/v2\/comments?post=178460"}],"version-history":[{"count":0,"href":"https:\/\/www.enerjigazetesi.ist\/en\/wp-json\/wp\/v2\/posts\/178460\/revisions"}],"wp:featuredmedia":[{"embeddable":true,"href":"https:\/\/www.enerjigazetesi.ist\/en\/wp-json\/wp\/v2\/media\/178465"}],"wp:attachment":[{"href":"https:\/\/www.enerjigazetesi.ist\/en\/wp-json\/wp\/v2\/media?parent=178460"}],"wp:term":[{"taxonomy":"category","embeddable":true,"href":"https:\/\/www.enerjigazetesi.ist\/en\/wp-json\/wp\/v2\/categories?post=178460"},{"taxonomy":"post_tag","embeddable":true,"href":"https:\/\/www.enerjigazetesi.ist\/en\/wp-json\/wp\/v2\/tags?post=178460"}],"curies":[{"name":"wp","href":"https:\/\/api.w.org\/{rel}","templated":true}]}}