{"id":178443,"date":"2023-08-21T14:31:32","date_gmt":"2023-08-21T11:31:32","guid":{"rendered":"https:\/\/www.enerjigazetesi.ist\/?p=178443"},"modified":"2023-08-21T14:31:48","modified_gmt":"2023-08-21T11:31:48","slug":"yesil-hidrojen-ureticileri-dernegi-h2der-hydrogen-europe-uyesi-oldu","status":"publish","type":"post","link":"https:\/\/www.enerjigazetesi.ist\/en\/yesil-hidrojen-ureticileri-dernegi-h2der-hydrogen-europe-uyesi-oldu\/","title":{"rendered":"(Turkish) Ye\u015fil Hidrojen \u00dcreticileri Derne\u011fi (H2DER), \u2018Hydrogen Europe\u2019 \u00dcyesi Oldu"},"content":{"rendered":"<p class=\"qtranxs-available-languages-message qtranxs-available-languages-message-en\">Sorry, this entry is only available in <a href=\"https:\/\/www.enerjigazetesi.ist\/tr\/wp-json\/wp\/v2\/posts\/178443\" class=\"qtranxs-available-language-link qtranxs-available-language-link-tr\" title=\"Turkish\">Turkish<\/a>. For the sake of viewer convenience, the content is shown below in the alternative language. You may click the link to switch the active language.<\/p><p><\/p>\n<h2><strong>Ye\u015fil hidrojen alan\u0131nda faaliyet a\u011f\u0131n\u0131 g\u00fc\u00e7lendiren H2DER Ye\u015fil Hidrojen \u00dcreticileri Derne\u011fi Avrupa ve d\u00fcnyada ayn\u0131 hedefler do\u011frultusunda y\u00fcr\u00fct\u00fclen hidrojen ekosisteminin bir par\u00e7as\u0131 olarak \u2018Hydrogen Europe\u2019 \u00fcyesi oldu.<\/strong><\/h2>\n<p><strong>H2DER Ba\u015fkan\u0131 Yusuf G\u00fcnay<\/strong>, \u00fcyelik a\u00e7\u0131klamas\u0131n\u0131 \u015fu s\u00f6zlerle de\u011ferlendirdi: <em>\u201cYe\u015fil hidrojeni, <img loading=\"lazy\" class=\"alignright wp-image-178445\" src=\"https:\/\/www.enerjigazetesi.ist\/wp-content\/uploads\/2023\/08\/yesil-hidrojen-ureticileri-dernegi-h2der-hydrogen-europe-uyesi-oldu.jpg\" alt=\"\" width=\"320\" height=\"260\" srcset=\"https:\/\/www.enerjigazetesi.ist\/wp-content\/uploads\/2023\/08\/yesil-hidrojen-ureticileri-dernegi-h2der-hydrogen-europe-uyesi-oldu.jpg 550w, https:\/\/www.enerjigazetesi.ist\/wp-content\/uploads\/2023\/08\/yesil-hidrojen-ureticileri-dernegi-h2der-hydrogen-europe-uyesi-oldu-300x244.jpg 300w, https:\/\/www.enerjigazetesi.ist\/wp-content\/uploads\/2023\/08\/yesil-hidrojen-ureticileri-dernegi-h2der-hydrogen-europe-uyesi-oldu-492x400.jpg 492w, https:\/\/www.enerjigazetesi.ist\/wp-content\/uploads\/2023\/08\/yesil-hidrojen-ureticileri-dernegi-h2der-hydrogen-europe-uyesi-oldu-62x50.jpg 62w, https:\/\/www.enerjigazetesi.ist\/wp-content\/uploads\/2023\/08\/yesil-hidrojen-ureticileri-dernegi-h2der-hydrogen-europe-uyesi-oldu-500x406.jpg 500w\" sizes=\"(max-width: 320px) 100vw, 320px\" \/>enerjideki d\u00f6n\u00fc\u015f\u00fcm\u00fcn ana hedefi olarak g\u00f6r\u00fcyoruz. Temiz enerji d\u00fcnyas\u0131n\u0131n en g\u00fc\u00e7l\u00fc oyuncusu \u201cye\u015fil hidrojen\u201d olacak. \u00dclke ekonomisine katk\u0131s\u0131 i\u00e7in potansiyelimizi de bir an \u00f6nce hareketlendirmeye \u00e7al\u0131\u015f\u0131yoruz. Avrupa Birli\u011fi, bu konuya y\u00fcksek hassasiyetle \u00f6ncelik veriyor. En g\u00fc\u00e7l\u00fc yap\u0131lar\u0131ndan biri olan \u201cHydrogen Europe\u201d, bu alan\u0131n de\u011ferini de ortaya koyuyor. Dernek olarak \u00fcyeli\u011fimiz, <strong>b\u00fcy\u00fck bir temiz enerji a\u011f\u0131na girdi\u011fimiz<\/strong> anlam\u0131n\u0131 ta\u015f\u0131yor. T\u00fcrkiye, AB i\u00e7in en g\u00fc\u00e7l\u00fc <strong>ye\u015fil hidrojen tedarik\u00e7isi<\/strong> olabilir. Bu konuda yasal zemin i\u00e7in de \u00e7al\u0131\u015fmalar h\u0131zland\u0131r\u0131lm\u0131\u015f durumda. <strong>\u201cHydrogen Europe\u201d<\/strong>, bize b\u00fcy\u00fck bir bilgi deste\u011fi sunuyor. Ayn\u0131 zamanda, uluslararas\u0131 i\u015fbirliktelikleri ve f\u0131rsatlar da sa\u011flayacakt\u0131r. \u00dcyelerimizden ba\u015flayarak \u00fclkemiz gelece\u011fine de katk\u0131s\u0131 olacak bu geli\u015fmenin, hay\u0131rl\u0131 olmas\u0131n\u0131 diliyorum.\u201d<\/em><\/p>\n<h3><strong>Ye\u015fil Hidrojen \u00dcreticileri Derne\u011fi (H2DER) Hakk\u0131nda:<\/strong><\/h3>\n<p>Enerji sekt\u00f6r\u00fcnde \u00e7ok uluslu yap\u0131lar i\u00e7inde yer alan, T\u00fcrkiye\u2019nin yan\u0131 s\u0131ra \u00e7e\u015fitli AB \u00fclkeleri (Almanya-\u0130talya-Litvanya-Yunanistan gibi), ABD ve Kanada\u2019da faaliyet g\u00f6steren \u015firketler; \u00fclkemizin enerji sekt\u00f6r\u00fcn\u00fcn yap\u0131sal geli\u015fim ve d\u00f6n\u00fc\u015f\u00fcme y\u00f6n vermi\u015f y\u00f6neticiler ve akademisyenlerden olu\u015fan kurucu kadrosuyla, <strong>H2DER Ye\u015fil Hidrojen \u00dcreticileri Derne\u011fi<\/strong>, enerjideki zorunlu d\u00f6n\u00fc\u015f\u00fcm\u00fc idrak etmi\u015f <strong>yetkin<\/strong> ve <strong>sorumlu \u00fcyeleriyle<\/strong>, enerji sekt\u00f6r\u00fcn\u00fcn<strong> s\u0131f\u0131r karbon yolculu\u011funda<\/strong>, <strong>ye\u015fil hidrojen \u00fcretimi<\/strong> ve <strong>fosil yak\u0131tlar<\/strong> ile ikamesine katk\u0131da bulunmay\u0131 ama\u00e7lamaktad\u0131r. H2DER, ayn\u0131 zamanda kabul g\u00f6rm\u00fc\u015f ortak zeminler aras\u0131nda yer alarak <strong>enerji alan\u0131n\u0131n karar vericileri<\/strong> ve <strong>t\u00fcm sekt\u00f6r payda\u015flar\u0131<\/strong> i\u00e7in <strong>ye\u015fil hidrojen ba\u015fl\u0131\u011f\u0131nda yol g\u00f6stericiler aras\u0131nda yer almay\u0131<\/strong> hedeflemektedir. Derne\u011fin \u00e7al\u0131\u015fmalar\u0131nda odak noktas\u0131, T\u00fcrkiye\u2019nin 2053 s\u0131f\u0131r karbon hedefinde ye\u015fil hidrojenin zorunlu varl\u0131\u011f\u0131n\u0131 anlatabilmektir.<\/p>","protected":false},"excerpt":{"rendered":"<p>Sorry, this entry is only available in Turkish. For the sake of viewer convenience, the content is shown below in the alternative language. You may click the link to switch the active language. Ye\u015fil hidrojen alan\u0131nda faaliyet a\u011f\u0131n\u0131 g\u00fc\u00e7lendiren H2DER Ye\u015fil Hidrojen \u00dcreticileri Derne\u011fi Avrupa ve d\u00fcnyada ayn\u0131 hedefler do\u011frultusunda y\u00fcr\u00fct\u00fclen hidrojen ekosisteminin bir par\u00e7as\u0131 [&hellip;]<\/p>\n","protected":false},"author":1,"featured_media":178445,"comment_status":"open","ping_status":"open","sticky":false,"template":"","format":"standard","meta":[],"categories":[53],"tags":[110421,104036,110422],"views":47,"_links":{"self":[{"href":"https:\/\/www.enerjigazetesi.ist\/en\/wp-json\/wp\/v2\/posts\/178443"}],"collection":[{"href":"https:\/\/www.enerjigazetesi.ist\/en\/wp-json\/wp\/v2\/posts"}],"about":[{"href":"https:\/\/www.enerjigazetesi.ist\/en\/wp-json\/wp\/v2\/types\/post"}],"author":[{"embeddable":true,"href":"https:\/\/www.enerjigazetesi.ist\/en\/wp-json\/wp\/v2\/users\/1"}],"replies":[{"embeddable":true,"href":"https:\/\/www.enerjigazetesi.ist\/en\/wp-json\/wp\/v2\/comments?post=178443"}],"version-history":[{"count":0,"href":"https:\/\/www.enerjigazetesi.ist\/en\/wp-json\/wp\/v2\/posts\/178443\/revisions"}],"wp:featuredmedia":[{"embeddable":true,"href":"https:\/\/www.enerjigazetesi.ist\/en\/wp-json\/wp\/v2\/media\/178445"}],"wp:attachment":[{"href":"https:\/\/www.enerjigazetesi.ist\/en\/wp-json\/wp\/v2\/media?parent=178443"}],"wp:term":[{"taxonomy":"category","embeddable":true,"href":"https:\/\/www.enerjigazetesi.ist\/en\/wp-json\/wp\/v2\/categories?post=178443"},{"taxonomy":"post_tag","embeddable":true,"href":"https:\/\/www.enerjigazetesi.ist\/en\/wp-json\/wp\/v2\/tags?post=178443"}],"curies":[{"name":"wp","href":"https:\/\/api.w.org\/{rel}","templated":true}]}}