{"id":178375,"date":"2023-08-20T16:59:47","date_gmt":"2023-08-20T13:59:47","guid":{"rendered":"https:\/\/www.enerjigazetesi.ist\/?p=178375"},"modified":"2023-08-20T16:59:47","modified_gmt":"2023-08-20T13:59:47","slug":"solarstorage-exclusive-forum-istanbul-tuyap-palace-hotelde","status":"publish","type":"post","link":"https:\/\/www.enerjigazetesi.ist\/en\/solarstorage-exclusive-forum-istanbul-tuyap-palace-hotelde\/","title":{"rendered":"(Turkish) &#8217;Solar+Storage Exclusive Forum&#8217; \u0130stanbul T\u00fcyap Palace Hotel&#8217;de&#8230;"},"content":{"rendered":"<p class=\"qtranxs-available-languages-message qtranxs-available-languages-message-en\">Sorry, this entry is only available in <a href=\"https:\/\/www.enerjigazetesi.ist\/tr\/wp-json\/wp\/v2\/posts\/178375\" class=\"qtranxs-available-language-link qtranxs-available-language-link-tr\" title=\"Turkish\">Turkish<\/a>. For the sake of viewer convenience, the content is shown below in the alternative language. You may click the link to switch the active language.<\/p><p><\/p>\n<h2><strong>\u0130stanbul, 31 A\u011fustos \u2013 01 Eyl\u00fcl 2023 tarihlerinde \u0130stanbul\u2019da T\u00dcYAP Palace Hotel\u2019de T\u00fcrkiye\u2019nin g\u00fcne\u015f enerjisi ve enerji depolama alan\u0131ndaki potansiyelini ve projelerini gelece\u011fe ta\u015f\u0131yacak uluslararas\u0131 Solar+Storage Exclusive Forum\u2019a ev sahipli\u011fi yapmaya haz\u0131rlan\u0131yor.<\/strong><\/h2>\n<p>Solis Renewable Hub taraf\u0131ndan, k\u00fcresel g\u00fcne\u015f enerjisi medyas\u0131n\u0131n prestijli yay\u0131nlar\u0131ndan PV Magazine Group stratejik ortakl\u0131\u011f\u0131 ve T\u00fcrkiye G\u00fcne\u015f Enerjisi Sanayicileri ve End\u00fcstrisi Derne\u011fi GENSED\u2019in deste\u011fiyle d\u00fczenlenen <strong>Solar+Storage Exclusive Forum<\/strong>, 31 A\u011fustos- 1 Eyl\u00fcl 2023 tarihleri aras\u0131nda <img loading=\"lazy\" class=\"alignright wp-image-178378\" src=\"https:\/\/www.enerjigazetesi.ist\/wp-content\/uploads\/2023\/08\/solarstorage-exclusive-forum-istanbul-tuyap-palace-hotelde-1.jpg\" alt=\"\" width=\"320\" height=\"195\" srcset=\"https:\/\/www.enerjigazetesi.ist\/wp-content\/uploads\/2023\/08\/solarstorage-exclusive-forum-istanbul-tuyap-palace-hotelde-1.jpg 709w, https:\/\/www.enerjigazetesi.ist\/wp-content\/uploads\/2023\/08\/solarstorage-exclusive-forum-istanbul-tuyap-palace-hotelde-1-300x183.jpg 300w, https:\/\/www.enerjigazetesi.ist\/wp-content\/uploads\/2023\/08\/solarstorage-exclusive-forum-istanbul-tuyap-palace-hotelde-1-500x305.jpg 500w, https:\/\/www.enerjigazetesi.ist\/wp-content\/uploads\/2023\/08\/solarstorage-exclusive-forum-istanbul-tuyap-palace-hotelde-1-80x50.jpg 80w\" sizes=\"(max-width: 320px) 100vw, 320px\" \/>\u0130stanbul T\u00fcyap Palace Hotel&#8217;de ger\u00e7ekle\u015ftirilecek.<\/p>\n<p>T\u00fcrkiye\u2019nin g\u00fcne\u015f enerjisi ve enerji depolama sekt\u00f6r\u00fcndeki gelece\u011fine y\u00f6n verecek Foruma\u2019a say\u0131l\u0131 g\u00fcnler kald\u0131\u011f\u0131n\u0131 ifade eden <strong>Solis Fuarc\u0131l\u0131k ve Dan\u0131\u015fmanl\u0131k Hizmetleri A.\u015e. Genel M\u00fcd\u00fcr\u00fc Feraye G\u00fcrel<\/strong>, <em>\u201cT\u00fcrk i\u015f d\u00fcnyas\u0131 liderlerine y\u00f6nelik olarak 4 ana oturumda 20\u2019ye yak\u0131n uzman konu\u015fmac\u0131, d\u00fcnya genelinden 200\u2019\u00fc a\u015fk\u0131n yat\u0131r\u0131mc\u0131, enerji geli\u015ftirici ve teknoloji sa\u011flay\u0131c\u0131lar\u0131, finans\u00f6rler ile kamu hizmetleri, \u00e7ok tarafl\u0131 kurulu\u015flardan sekt\u00f6r uzmanlar\u0131n\u0131 bir araya getiriyoruz. Enerji depolama ve g\u00fcne\u015f enerjisi alan\u0131ndaki teknolojik geli\u015fmeleri d\u00fcnya \u00e7ap\u0131ndaki uzmanlardan \u00f6\u011frenmek ve sekt\u00f6rdeki en son trendler hakk\u0131nda bilgi sahibi olmak istiyorsan\u0131z s\u0131n\u0131rl\u0131 say\u0131da yer kalan etkinli\u011fimize kay\u0131t olmay\u0131 unutmay\u0131n.\u201d<\/em> dedi. (Kay\u0131t olmak i\u00e7in: <a href=\"https:\/\/exclusiveforum.solarstoragenx.com\/tr\/\">https:\/\/exclusiveforum.solarstoragenx.com\/tr\/<\/a> )<\/p>\n<h3><strong>G\u00fcne\u015f enerjisi ve enerji depolama sekt\u00f6r\u00fcn\u00fcn yeni platformu <\/strong><\/h3>\n<p><strong>Feraye G\u00fcrel, <\/strong>GENSED i\u015fbirli\u011fi ile sekt\u00f6r\u00fcn tek g\u00fcne\u015f enerjisi ve enerji depolama fuar\u0131 Solar+Storage NX Fuar\u0131 ile TEHAD i\u015fbirli\u011fi ile elektrikli ara\u00e7 \u015farj altyap\u0131s\u0131 ile E-Mobilite end\u00fcstrisinin gereksinimlerini oda\u011f\u0131na alan <strong>NextGen E-Mobility + Charge Expo &amp; Summit Fuar\u0131 ve Zirvesi\u2019nin<\/strong> de Forum\u2019la e\u015f zamanl\u0131 olarak <strong>\u0130stanbul T\u00fcyap Fuar ve Kongre Merkezi\u2019nde<\/strong> ilk kez d\u00fczenlenece\u011fine dikkat \u00e7ekti.<\/p>\n<h3><strong>T\u00fcrkiye, g\u00fcne\u015f panelleri tedarik zincirinde kritik kav\u015fak noktas\u0131nda yer al\u0131yor <\/strong><\/h3>\n<p>Solar+Storage NX 2023 Fuar\u0131 kapsam\u0131nda ilk kez hayata ge\u00e7irilen benzersiz bir platform olan Solar+Storage Exclusive Forum, \u00fcst d\u00fczey uluslararas\u0131 konu\u015fmac\u0131lar\u0131 ile dikkatleri \u00e7ekerken, ayn\u0131 zamanda kat\u0131l\u0131mc\u0131lar\u0131na e\u015fsiz bir networking ortam\u0131 sa\u011fl\u0131yor. Forumun ilk g\u00fcn\u00fc; \u201cPV H\u00fccre ve Panel \u00dcretim Teknolojileri Bug\u00fcn\u00fc ve Yar\u0131n\u0131\u201d ile GENSED Interaktif \u00d6zel Oturumu: SOLAR Mevzuat &#8211; D\u00fcn\u00fc Bug\u00fcn\u00fc ve Yar\u0131n\u0131\u201d ba\u015fl\u0131kl\u0131 2 ana oturumdan olu\u015fuyor. Asya&#8217;n\u0131n etkileyici g\u00fcne\u015f \u00fcretim end\u00fcstrisi ile Avrupa&#8217;n\u0131n geli\u015fmekte olan pazarlar\u0131 aras\u0131ndaki kritik kav\u015fak noktas\u0131nda bulunan T\u00fcrkiye, g\u00fcne\u015f panelleri tedarik zincirinde giderek daha \u00f6nemli bir rol \u00fcstlenmeyi hedefliyor. \u00dclkemiz hali haz\u0131rda 15 GW&#8217;den fazla teorik g\u00fcne\u015f paneli \u00fcretim kapasitesi ile b\u00fcy\u00fck bir potansiyel bar\u0131nd\u0131r\u0131yor ve dikkatleri \u00fczerine \u00e7ekiyor. \u0130lk g\u00fcn oturumlar\u0131nda T\u00fcrkiye&#8217;nin g\u00fcne\u015f enerjisi ve buna ba\u011fl\u0131 teknolojilere ili\u015fkin gelece\u011fini sa\u011flamla\u015ft\u0131rmak i\u00e7in g\u00fc\u00e7l\u00fc h\u00fccre teknolojileri alan\u0131nda izlemesi gereken stratejiler ve teknolojik geli\u015fmelere dair ipu\u00e7lar\u0131, en son trendler konu\u015fulacak. Ayr\u0131ca g\u00fcne\u015f enerjisi alan\u0131nda yap\u0131lacak yat\u0131r\u0131mlar, i\u015fbirlikleri i\u00e7in bilinmesi gereken yasal d\u00fczenlemeler, mevzuatlar, devlet destekleri gibi hayati \u00f6nemdeki son geli\u015fmeler, GENSED \u00d6zel Oturumu\u2019nda detaylar\u0131 ile g\u00fcndeme ta\u015f\u0131nacak.<\/p>\n<h3><strong>Enerji depolamada yasal mevzuat konusunda merak edilenler cevap bulacak<\/strong><\/h3>\n<p>Forumun son g\u00fcn\u00fcnde GENSED \u0130nteraktif \u00d6zel Oturumu ile bu kez \u201cEnerji Depolama Mevzuat\u0131 Bug\u00fcn\u00fc ve Yar\u0131n\u0131\u201d ba\u015fl\u0131\u011f\u0131 kat\u0131l\u0131mc\u0131lardan gelen sorular ve \u00f6neriler \u0131\u015f\u0131\u011f\u0131nda her y\u00f6n\u00fcyle ele al\u0131nacak. \u00d6\u011fleden sonraki oturumda \u201cEnerji Depolama Sistemleri Bug\u00fcn\u00fc ve Yar\u0131n\u0131\u201d ba\u015fl\u0131\u011f\u0131 ile ger\u00e7ekle\u015fecek. T\u00fcrkiye, b\u00fcy\u00fck \u00f6l\u00e7ekli enerji depolamada pazar segmentini b\u00fcy\u00fctmede giderek daha fazla rol oynamaya aday konumda. Ancak, b\u00fcy\u00fck batarya maliyetleri hala y\u00fcksek ve finansal a\u00e7\u0131dan ba\u015far\u0131l\u0131 olmak i\u00e7in do\u011fru donan\u0131m ve yaz\u0131l\u0131m se\u00e7imlerini yapmak b\u00fcy\u00fck \u00f6nem ta\u015f\u0131yor. Batarya enerji depolamas\u0131ndaki en son geli\u015fmeler, T\u00fcrkiye&#8217;deki projelere uygulanabilecek enerji depolama teknolojileri gibi pek \u00e7ok soru, Forum\u2019da konunun uzmanlar\u0131 taraf\u0131ndan cevaplanacak.<\/p>\n<h3><strong>Sekt\u00f6rden Forum\u2019a destek<\/strong><\/h3>\n<p>31 A\u011fustos- 1 Eyl\u00fcl 2023 tarihleri aras\u0131nda \u0130stanbul T\u00fcyap Palace Hotel&#8217;de ger\u00e7ekle\u015fecek Solar+Storage Exclusive Forum, G\u00fcne\u015f Enerjisi Sanayicileri ve End\u00fcstrisi Derne\u011fi GENSED i\u015fbirli\u011fi ve konferans i\u00e7erik orta\u011f\u0131 d\u00fcnyan\u0131n en sayg\u0131n solar teknoloji dergisi kabul edilen PV Magazine Grup\u2019un stratejik ortakl\u0131\u011f\u0131 ile Solis Renewable Hub taraf\u0131ndan d\u00fczenleniyor. Forumlar\u0131n moderat\u00f6rl\u00fc\u011f\u00fc PV Magazine Grup temsilcileri Goetz Fischbeck (pv magazine Contributor &amp; Consultant (Smart Solar Consulting), Jonathan Gifford (Editor in Chief &#8211; pv magazine Global) ve Hakan Erkan (Genel Sekreter \u2013 GENSED) \u00fcstleniyor. Ar\u00e7elik, Elin, TM Maxxen, Gumbel Group, Smart G\u00fcne\u015f Teknolojileri ve SMA Solar Technology, Forum\u2019un sponsorlar\u0131 aras\u0131nda yer al\u0131yor.<\/p>\n<h3><strong>\u00dcst d\u00fczey enerji liderleri konu\u015fmac\u0131 olarak yer al\u0131yor<\/strong><\/h3>\n<p>4 ana oturumun yer ald\u0131\u011f\u0131 2 g\u00fcn s\u00fcreli Forum\u2019da <strong>Norve\u00e7, Almanya, \u0130ngiltere, Hollanda, Bulgaristan\u2019dan<\/strong>, alanlar\u0131nda uzman; Bonna Newman (Head of Solar at Lightyear), Davor Sutija (CEO NexWafe), Dirk Br\u00e4unlich (Managing Director of Sales &amp; Business Development Asia at von Ardenne Group), Dr. Peter Fath(RCT Solutions-CEO), Kaloyan Milushev(Growth Associate EMEA at Fluence Energy), Assoc. Prof. Dr. Muhsin Mazman (T Dinamik Energy), Bilal \u015eim\u015fek (Founder at BS Dagitik Enerji Sistemler Ltd. Sti.), Hakki Karacaoglan (CEO KRC Energy), \u00a0James Li (Director ESS at Sungrow), Mark Junker (Head of Section Grid Integration and Storage System Analysis- NIS), Sonu\u00e7 Erba\u015f (Co-Founder and General Manager @Sonsuz Enerji &amp; \u0130ntetra Enerji) ve \u0130lkay Y\u00fcksel (Deputy General Manager at Meram Electricity Distribution Co.) gibi \u00fcst d\u00fczey enerji liderleri konu\u015fmac\u0131 olarak yer al\u0131yor.<\/p>\n<p><strong>Forum Etkinlik Program\u0131:<\/strong> <a href=\"https:\/\/exclusiveforum.solarstoragenx.com\/\" target=\"_blank\" rel=\"noopener\">https:\/\/exclusiveforum.solarstoragenx.com\/<\/a><\/p>","protected":false},"excerpt":{"rendered":"<p>Sorry, this entry is only available in Turkish. For the sake of viewer convenience, the content is shown below in the alternative language. You may click the link to switch the active language. \u0130stanbul, 31 A\u011fustos \u2013 01 Eyl\u00fcl 2023 tarihlerinde \u0130stanbul\u2019da T\u00dcYAP Palace Hotel\u2019de T\u00fcrkiye\u2019nin g\u00fcne\u015f enerjisi ve enerji depolama alan\u0131ndaki potansiyelini ve projelerini [&hellip;]<\/p>\n","protected":false},"author":1,"featured_media":178377,"comment_status":"open","ping_status":"open","sticky":false,"template":"","format":"standard","meta":[],"categories":[51,53,49],"tags":[2258,13,2206,110402,110049],"views":44,"_links":{"self":[{"href":"https:\/\/www.enerjigazetesi.ist\/en\/wp-json\/wp\/v2\/posts\/178375"}],"collection":[{"href":"https:\/\/www.enerjigazetesi.ist\/en\/wp-json\/wp\/v2\/posts"}],"about":[{"href":"https:\/\/www.enerjigazetesi.ist\/en\/wp-json\/wp\/v2\/types\/post"}],"author":[{"embeddable":true,"href":"https:\/\/www.enerjigazetesi.ist\/en\/wp-json\/wp\/v2\/users\/1"}],"replies":[{"embeddable":true,"href":"https:\/\/www.enerjigazetesi.ist\/en\/wp-json\/wp\/v2\/comments?post=178375"}],"version-history":[{"count":0,"href":"https:\/\/www.enerjigazetesi.ist\/en\/wp-json\/wp\/v2\/posts\/178375\/revisions"}],"wp:featuredmedia":[{"embeddable":true,"href":"https:\/\/www.enerjigazetesi.ist\/en\/wp-json\/wp\/v2\/media\/178377"}],"wp:attachment":[{"href":"https:\/\/www.enerjigazetesi.ist\/en\/wp-json\/wp\/v2\/media?parent=178375"}],"wp:term":[{"taxonomy":"category","embeddable":true,"href":"https:\/\/www.enerjigazetesi.ist\/en\/wp-json\/wp\/v2\/categories?post=178375"},{"taxonomy":"post_tag","embeddable":true,"href":"https:\/\/www.enerjigazetesi.ist\/en\/wp-json\/wp\/v2\/tags?post=178375"}],"curies":[{"name":"wp","href":"https:\/\/api.w.org\/{rel}","templated":true}]}}