{"id":178303,"date":"2023-08-17T17:57:05","date_gmt":"2023-08-17T14:57:05","guid":{"rendered":"https:\/\/www.enerjigazetesi.ist\/?p=178303"},"modified":"2023-08-17T17:57:05","modified_gmt":"2023-08-17T14:57:05","slug":"escon-enerji-esco-4-zero-is-modeliyle-stevie-odulu-aldi","status":"publish","type":"post","link":"https:\/\/www.enerjigazetesi.ist\/en\/escon-enerji-esco-4-zero-is-modeliyle-stevie-odulu-aldi\/","title":{"rendered":"(Turkish) ESCON Enerji &#8216;ESCO 4 Zero&#8217; \u0130\u015f Modeliyle Stevie \u00d6d\u00fcl\u00fc Ald\u0131"},"content":{"rendered":"<p class=\"qtranxs-available-languages-message qtranxs-available-languages-message-en\">Sorry, this entry is only available in <a href=\"https:\/\/www.enerjigazetesi.ist\/tr\/wp-json\/wp\/v2\/posts\/178303\" class=\"qtranxs-available-language-link qtranxs-available-language-link-tr\" title=\"Turkish\">Turkish<\/a>. For the sake of viewer convenience, the content is shown below in the alternative language. You may click the link to switch the active language.<\/p><p><\/p>\n<h2><strong>D\u00fc\u015f\u00fck karbonlu ekonomiye ge\u00e7i\u015f s\u00fcrecindeki i\u015fletmelere yenilik\u00e7i \u00e7\u00f6z\u00fcmler sunan T\u00fcrkiye\u2019nin ilk ve tek global enerji hizmet \u015firketi ESCON Enerji, Stevie International Business Awards\u2019ta \u2018Enerji Sekt\u00f6r\u00fcnde Y\u0131l\u0131n \u0130novasyonu\u2019 kategorisinde \u00f6d\u00fcle lay\u0131k g\u00f6r\u00fcld\u00fc. Bu \u00f6d\u00fcl\u00fc, \u2018karbon net s\u0131f\u0131r i\u00e7in enerji geri kazan\u0131m\u0131, enerji verimlili\u011fi, enerji d\u00f6n\u00fc\u015f\u00fcm\u00fc ve yenilenebilir enerji\u2019yi kapsayan ve \u2018ESCO 4 Zero\u2019 s\u00f6ylemiyle s\u00fcrd\u00fcrd\u00fckleri i\u015f modelleri ile ald\u0131klar\u0131n\u0131 s\u00f6yleyen ESCON Enerji CEO\u2019su Onur \u00dcnl\u00fc, \u201cKatma de\u011feri y\u00fcksek, yenilik\u00e7i, performans garantili ve ileri teknoloji sistem \u00e7\u00f6z\u00fcmlerimizle binalar\u0131n ve end\u00fcstriyel tesislerin enerji ba\u011flant\u0131l\u0131 sistemlerini karbondan ar\u0131nd\u0131rmak i\u00e7in \u00fclke genelinde ve d\u00fcnya \u00e7ap\u0131ndaki \u00e7al\u0131\u015fmalar\u0131m\u0131za devam edece\u011fiz\u201d dedi.<\/strong><\/h2>\n<p>T\u00fcrkiye\u2019nin ilk ve tek global enerji hizmet \u015firketi ESCON Enerji, 61 \u00fclkeden 3.700 kurulu\u015fun ba\u015fvurdu\u011fu<strong> 20. Stevie International Business Awards\u2019ta<\/strong> (Uluslararas\u0131 \u0130\u015f \u00d6d\u00fclleri) Enerji Sekt\u00f6r\u00fcnde <img loading=\"lazy\" class=\"alignright size-full wp-image-178306\" src=\"https:\/\/www.enerjigazetesi.ist\/wp-content\/uploads\/2023\/08\/escon-enerji-esco-4-zero-is-modeliyle-stevie-odulu-aldi-1.jpg\" alt=\"\" width=\"240\" height=\"480\" srcset=\"https:\/\/www.enerjigazetesi.ist\/wp-content\/uploads\/2023\/08\/escon-enerji-esco-4-zero-is-modeliyle-stevie-odulu-aldi-1.jpg 240w, https:\/\/www.enerjigazetesi.ist\/wp-content\/uploads\/2023\/08\/escon-enerji-esco-4-zero-is-modeliyle-stevie-odulu-aldi-1-150x300.jpg 150w, https:\/\/www.enerjigazetesi.ist\/wp-content\/uploads\/2023\/08\/escon-enerji-esco-4-zero-is-modeliyle-stevie-odulu-aldi-1-200x400.jpg 200w, https:\/\/www.enerjigazetesi.ist\/wp-content\/uploads\/2023\/08\/escon-enerji-esco-4-zero-is-modeliyle-stevie-odulu-aldi-1-25x50.jpg 25w\" sizes=\"(max-width: 240px) 100vw, 240px\" \/>Y\u0131l\u0131n \u0130novasyonu\u2019 kategorisinde bronz \u00f6d\u00fcl\u00fcn sahibi oldu.<\/p>\n<h3><strong>Onur \u00dcnl\u00fc: \u201cKarbonsuzla\u015ft\u0131rmaya ve \u015firketlerin s\u00fcrd\u00fcr\u00fclebilirli\u011fine katk\u0131 sa\u011fl\u0131yoruz\u201d<\/strong><\/h3>\n<p><strong>ESCON Enerji CEO\u2019su Onur \u00dcnl\u00fc<\/strong>, kendilerine \u00f6d\u00fcl getiren ve \u2018ESCO 4 Zero\u2019 s\u00f6ylemiyle s\u00fcrd\u00fcrd\u00fckleri i\u015f modelleri hakk\u0131nda \u015funlar\u0131 s\u00f6yledi; \u201cESCO 4 Zero; karbon net s\u0131f\u0131r i\u00e7in enerji geri kazan\u0131m\u0131, enerji verimlili\u011fi, enerji d\u00f6n\u00fc\u015f\u00fcm\u00fc ve yenilenebilir enerjiyi kaps\u0131yor. <strong>\u0130klim de\u011fi\u015fikli\u011fi nedeniyle<\/strong> d\u00fcnyan\u0131n \u00f6ncelikli g\u00fcndemlerinden birinin <strong>karbonsuzla\u015fma<\/strong> oldu\u011fu g\u00fcn\u00fcm\u00fczde i\u015fletmeler de bu alanda yapt\u0131klar\u0131 \u00e7al\u0131\u015fmalar ile hem s\u00fcrece katk\u0131 sa\u011flamay\u0131 hem de daha s\u00fcrd\u00fcr\u00fclebilir ve rekabet\u00e7i olmay\u0131 hedefliyor. Biz de bu kapsamda katma de\u011feri y\u00fcksek, yenilik\u00e7i, performans garantili ve ileri teknoloji sistem \u00e7\u00f6z\u00fcmleri geli\u015ftiriyoruz. Hedefimizi gerek \u00fclkemizde gerekse global \u00f6l\u00e7ekte <strong>binalar\u0131n<\/strong> ve <strong>end\u00fcstriyel tesislerin<\/strong> <strong>enerji ba\u011flant\u0131l\u0131 sistemlerini karbondan ar\u0131nd\u0131rmak<\/strong> olarak belirledik. Bu \u00e7al\u0131\u015fmalar\u0131m\u0131z\u0131n i\u015f d\u00fcnyas\u0131n\u0131n en sayg\u0131n \u00f6d\u00fcllerinden biri olan <strong>Stevie International Business Awards\u2019ta<\/strong> \u00f6d\u00fcle lay\u0131k g\u00f6r\u00fclmesinden mutluluk duyuyoruz.\u201d<\/p>\n<h3><strong>Ulusal Eylem Plan\u0131\u2019na destek<\/strong><\/h3>\n<p>ESCO 4 Zero kapsam\u0131nda yapt\u0131klar\u0131 \u00e7al\u0131\u015fmalar hakk\u0131nda bilgi veren <strong>\u00dcnl\u00fc<\/strong>, <em>\u201cAvrupa Birli\u011fi\u2019nin enerjinin d\u00f6n\u00fc\u015f\u00fcm\u00fcnde en \u00f6nemli teknolojilerden biri olarak kabul etti\u011fi end\u00fcstriyel \u0131s\u0131 pompas\u0131 alan\u0131nda yapt\u0131\u011f\u0131m\u0131z \u00e7al\u0131\u015fmalar, enerji verimlili\u011finin ve proses performans\u0131n\u0131n takip ve analiz edilmesini sa\u011flamak i\u00e7in geli\u015ftirdi\u011fimiz <strong>IoT platformumuz Energy Eye<\/strong> ve <strong>karbonsuzla\u015fma hedefleri<\/strong> kapsam\u0131nda sundu\u011fumuz hizmetler ile i\u015fletmeler i\u00e7in katma de\u011fer yarat\u0131yoruz. Emisyon azaltmaya y\u00f6nelik hizmetlerimizle <strong>enerji maliyetlerini d\u00fc\u015f\u00fcr\u00fcyor<\/strong>, bu projeleri <strong>performans garantili finanse ederek i\u015fletmelerin sermaye b\u00fct\u00e7elerine dokunmamalar\u0131n\u0131<\/strong> sa\u011fl\u0131yor ve <strong>ihracat\u00e7\u0131 firmalar\u0131n<\/strong> <strong>uluslararas\u0131 tedarik zincirlerindeki pazar paylar\u0131n\u0131n artmas\u0131na<\/strong> destek oluyoruz. \u00d6te yandan kamu binas\u0131 yenilemeleri i\u00e7in teknik destek alan\u0131nda dan\u0131\u015fmanl\u0131k veriyor, \u00fclkemizin <strong>Ulusal Enerji Verimlili\u011fi Vizyonu<\/strong> ve <strong>Stratejisi ile Eylem Plan\u0131&#8217;n\u0131n<\/strong> haz\u0131rlanmas\u0131na da <strong>konsorsiyum \u00fcyesi<\/strong> olarak katk\u0131 sunuyoruz\u201d<\/em> diye konu\u015ftu.<\/p>","protected":false},"excerpt":{"rendered":"<p>Sorry, this entry is only available in Turkish. For the sake of viewer convenience, the content is shown below in the alternative language. You may click the link to switch the active language. D\u00fc\u015f\u00fck karbonlu ekonomiye ge\u00e7i\u015f s\u00fcrecindeki i\u015fletmelere yenilik\u00e7i \u00e7\u00f6z\u00fcmler sunan T\u00fcrkiye\u2019nin ilk ve tek global enerji hizmet \u015firketi ESCON Enerji, Stevie International Business [&hellip;]<\/p>\n","protected":false},"author":1,"featured_media":178305,"comment_status":"open","ping_status":"open","sticky":false,"template":"","format":"standard","meta":[],"categories":[53,52],"tags":[110376,1564,10210,12,110377,85432,89462,31929,793,105],"views":44,"_links":{"self":[{"href":"https:\/\/www.enerjigazetesi.ist\/en\/wp-json\/wp\/v2\/posts\/178303"}],"collection":[{"href":"https:\/\/www.enerjigazetesi.ist\/en\/wp-json\/wp\/v2\/posts"}],"about":[{"href":"https:\/\/www.enerjigazetesi.ist\/en\/wp-json\/wp\/v2\/types\/post"}],"author":[{"embeddable":true,"href":"https:\/\/www.enerjigazetesi.ist\/en\/wp-json\/wp\/v2\/users\/1"}],"replies":[{"embeddable":true,"href":"https:\/\/www.enerjigazetesi.ist\/en\/wp-json\/wp\/v2\/comments?post=178303"}],"version-history":[{"count":0,"href":"https:\/\/www.enerjigazetesi.ist\/en\/wp-json\/wp\/v2\/posts\/178303\/revisions"}],"wp:featuredmedia":[{"embeddable":true,"href":"https:\/\/www.enerjigazetesi.ist\/en\/wp-json\/wp\/v2\/media\/178305"}],"wp:attachment":[{"href":"https:\/\/www.enerjigazetesi.ist\/en\/wp-json\/wp\/v2\/media?parent=178303"}],"wp:term":[{"taxonomy":"category","embeddable":true,"href":"https:\/\/www.enerjigazetesi.ist\/en\/wp-json\/wp\/v2\/categories?post=178303"},{"taxonomy":"post_tag","embeddable":true,"href":"https:\/\/www.enerjigazetesi.ist\/en\/wp-json\/wp\/v2\/tags?post=178303"}],"curies":[{"name":"wp","href":"https:\/\/api.w.org\/{rel}","templated":true}]}}