{"id":178170,"date":"2023-08-06T17:21:38","date_gmt":"2023-08-06T14:21:38","guid":{"rendered":"https:\/\/www.enerjigazetesi.ist\/?p=178170"},"modified":"2023-08-06T17:23:10","modified_gmt":"2023-08-06T14:23:10","slug":"akbelen-ormani-icin-gec-degil","status":"publish","type":"post","link":"https:\/\/www.enerjigazetesi.ist\/en\/akbelen-ormani-icin-gec-degil\/","title":{"rendered":"(Turkish) Akbelen Orman\u0131 \u0130\u00e7in Ge\u00e7 De\u011fil!"},"content":{"rendered":"<p class=\"qtranxs-available-languages-message qtranxs-available-languages-message-en\">Sorry, this entry is only available in <a href=\"https:\/\/www.enerjigazetesi.ist\/tr\/wp-json\/wp\/v2\/posts\/178170\" class=\"qtranxs-available-language-link qtranxs-available-language-link-tr\" title=\"Turkish\">Turkish<\/a>. For the sake of viewer convenience, the content is shown below in the alternative language. You may click the link to switch the active language.<\/p><p><\/p>\n<h2>G\u00fcnlerdir T\u00fcrkiye g\u00fcndeminde yer alan Mu\u011fla Milas Akbelen Orman\u0131\u2019ndaki a\u011fa\u00e7 kesimleri sonras\u0131nda uzmanlar uyar\u0131yor: A\u011fa\u00e7lar kesilse de orman \u00f6lmedi. Ge\u00e7ti\u011fimiz 11 g\u00fcnde b\u00f6lgede binlerce k\u0131z\u0131l\u00e7am a\u011fac\u0131 kesildi. Ancak uzmanlar orman topra\u011f\u0131na ve a\u011fa\u00e7lardan geriye kalan makiliklere dokunulmamas\u0131 gerekti\u011fini s\u00f6yl\u00fcyor. Orman\u0131n kendini yenilemesi i\u00e7in gerekli olan toprak tabakas\u0131n\u0131n korunmas\u0131 ve restorasyon \u00e7al\u0131\u015fmalar\u0131n\u0131n ba\u015flat\u0131lmas\u0131n\u0131 talep ediyor.<\/h2>\n<p><strong>\u0130kizk\u00f6y<\/strong>\u2019deki <strong>Akbelen Ormanlar\u0131<\/strong>\u2019nda \u00e7ok say\u0131da <strong>k\u0131z\u0131l\u00e7am a\u011fac\u0131<\/strong> katledildi. Kamu vicdan\u0131n\u0131n b\u00fct\u00fcn tepkilerine ra\u011fmen <strong>maden \u015firketi<\/strong> taraf\u0131ndan ger\u00e7ekle\u015ftirilen <strong>bu katliam<\/strong> sonucunda b\u00f6lgedeki <strong>yeti\u015fkin \u00e7am a\u011fa\u00e7lar\u0131 tomruk haline getirildi<\/strong> ve <strong>b\u00f6lgeden uzakla\u015ft\u0131r\u0131lmaya ba\u015fland\u0131<\/strong>. Bu s\u00fcre\u00e7te b\u00f6lgeyi ziyaret eden <strong>do\u011fa koruma<\/strong> ve<strong> biyo\u00e7e\u015fitlilik uzmanlar\u0131<\/strong> a\u011fa\u00e7lar\u0131n kesilmesinin <img loading=\"lazy\" class=\"alignright wp-image-178173\" src=\"https:\/\/www.enerjigazetesi.ist\/wp-content\/uploads\/2023\/08\/akbelen-ormani-icin-gec-degil-1.jpg\" alt=\"\" width=\"320\" height=\"240\" srcset=\"https:\/\/www.enerjigazetesi.ist\/wp-content\/uploads\/2023\/08\/akbelen-ormani-icin-gec-degil-1.jpg 550w, https:\/\/www.enerjigazetesi.ist\/wp-content\/uploads\/2023\/08\/akbelen-ormani-icin-gec-degil-1-300x225.jpg 300w, https:\/\/www.enerjigazetesi.ist\/wp-content\/uploads\/2023\/08\/akbelen-ormani-icin-gec-degil-1-500x375.jpg 500w, https:\/\/www.enerjigazetesi.ist\/wp-content\/uploads\/2023\/08\/akbelen-ormani-icin-gec-degil-1-67x50.jpg 67w\" sizes=\"(max-width: 320px) 100vw, 320px\" \/>orman\u0131n sonu olmad\u0131\u011f\u0131n\u0131 belirtiyor.<\/p>\n<h3><strong>Akbelen\u2019de orman dokusu ekosistem b\u00fct\u00fcnl\u00fc\u011f\u00fcn\u00fc koruyor<\/strong><\/h3>\n<p>Alanda \u00e7ok say\u0131da <strong>gen\u00e7 k\u0131z\u0131l\u00e7am a\u011fac\u0131<\/strong> ve<strong> maki bitkisi,\u00a0s\u00fcr\u00fcngen, b\u00f6cek, ku\u015f<\/strong> ve <strong>memeli yaban hayvan\u0131\u00a0ya\u015fam\u0131n\u0131<\/strong> s\u00fcrd\u00fcrmeye devam ediyor. Akdeniz ormanlar\u0131 aslen <strong>gen\u00e7<\/strong> ve <strong>ya\u015fl\u0131 a\u011fa\u00e7lar<\/strong> aras\u0131ndaki <strong>ge\u00e7i\u015f evrelerinden<\/strong> olu\u015fuyor. Bu nedenle, Akbelen\u2019deki a\u011fa\u00e7 kesimlerinden geriye kalan orman dokusu ekosistem b\u00fct\u00fcnl\u00fc\u011f\u00fc a\u00e7\u0131s\u0131ndan de\u011ferini hala koruyor.\u00a0Bu sistem i\u00e7indeki d\u00f6ng\u00fc, <strong>var olan<\/strong> <strong>bitki \u00f6rt\u00fcs\u00fc, toprak alt\u0131<\/strong> ve <strong>\u00fcst\u00fcndeki binlerce mikroorganizma<\/strong> ve her an b\u00fcy\u00fcmeye haz\u0131r <strong>fidan<\/strong> ve<strong> tohumlarla<\/strong> devam ediyor.<\/p>\n<p>Kesilen \u00e7ok say\u0131da a\u011fa\u00e7 olmas\u0131na ra\u011fmen b\u00f6lgedeki bitki \u00f6rt\u00fcs\u00fc k\u0131sa s\u00fcrede kendini yenileme kabiliyetine sahip. Alandaki <strong>do\u011fal floran\u0131n ye\u015ferdi\u011fi toprak zemin<\/strong> tahrip edilmedi\u011fi takdirde <strong>Akbelen Orman\u0131<\/strong> bu \u00f6zelli\u011fini korumaya bundan sonra da devam edecek.<\/p>\n<h3><strong>\u201cOrman\u0131 \u00f6ld\u00fcremezsiniz\u201d<\/strong><\/h3>\n<p>Konuyla ilgili a\u00e7\u0131klamalarda bulunan <strong>Do\u011fa Derne\u011fi Y\u00f6netim Kurulu Ba\u015fkan\u0131 Dicle Tuba K\u0131l\u0131\u00e7;<\/strong> <em>\u201cAkbelen Orman\u0131\u2019nda hunharca kesilen k\u0131z\u0131l\u00e7amlara ra\u011fmen orman ekosistemi ya\u015famaya devem ediyor.\u00a0Orman sadece a\u011fa\u00e7lardan de\u011fil tohumdan ku\u015funa, fidan\u0131ndan kelebe\u011fine kocaman ya\u015fayan bir ekosistemdir. A\u011fa\u00e7 kesmekle orman\u0131 \u00f6ld\u00fcremezsiniz. Orman daima kendini yenileme g\u00fcc\u00fcne sahiptir. Bundan sonra Akbelen direni\u015finin ekolojik a\u00e7\u0131dan asli hedefi do\u011fal ya\u015fam\u0131 i\u00e7inde bar\u0131nd\u0131ran toprak tabakas\u0131n\u0131 korumak olacak.\u2019\u2019<\/em> diyerek \u015funlar\u0131 ekledi;<\/p>\n<p>\u201cAkbelen Orman\u0131\u2019n\u0131n \u00f6nemli bir par\u00e7as\u0131 da \u0130kizk\u00f6y\u2019d\u00fcr. Burada ya\u015fayan insanlar, onlar\u0131n \u00fcretimleri ve k\u0131rsal ya\u015fam do\u011fan\u0131n destek\u00e7ileri. Buradaki t\u00fcm ya\u015fam\u0131n var olma hakk\u0131n\u0131 savunuyoruz. Akla, hukuka ve vicdana ayk\u0131r\u0131 <strong>bu maden \u00e7al\u0131\u015fmas\u0131 hemen iptal edilmeli<\/strong> ve <strong>orman kendini yenilemesi<\/strong> i\u00e7in <strong>rahat b\u0131rak\u0131lmal\u0131.<\/strong>\u201d<\/p>\n<h3><strong>&#8220;Orman\u0131m\u0131z i\u00e7in buraday\u0131z, hi\u00e7 bir yere gitmiyoruz&#8221;<\/strong><\/h3>\n<p><strong>\u0130kizk\u00f6y \u00c7evre Komitesi Ba\u015fkan\u0131 Nejla I\u015f\u0131k<\/strong> yapt\u0131\u011f\u0131 a\u00e7\u0131klamada; \u2018\u2019D\u00f6rt senedir k\u00f6y\u00fcm\u00fczde ya\u015fam m\u00fccadelesi veriyoruz. <strong>Orman<\/strong> i\u00e7in, <strong>hava<\/strong> i\u00e7in, <strong>zeytin<\/strong> i\u00e7in. K\u00f6y\u00fcm\u00fcz\u00fcn kad\u0131nlar\u0131 bu a\u011fa\u00e7lar\u0131 evlad\u0131ndan ayr\u0131 g\u00f6rm\u00fcyor. Kesilen her bir a\u011fa\u00e7 bizim i\u00e7in bir \u00f6l\u00fcm haberi. Ama orman\u0131m\u0131z \u00f6lmedi. <strong>Ku\u015flar, kelebekler, gen\u00e7 fidanlarla<\/strong> topra\u011f\u0131m\u0131z i\u00e7in n\u00f6betteyiz. Bir avu\u00e7 toprak kalsa da buraday\u0131z, hi\u00e7 bir yere gitmiyoruz. <strong>6 A\u011fustos Pazar<\/strong> g\u00fcn\u00fc n\u00f6bet alan\u0131nda ger\u00e7ekle\u015ftirece\u011fimiz <strong>B\u00fcy\u00fck Bulu\u015fma<\/strong>\u2019ya herkesi bekliyoruz. Akbelen\u2019i yaln\u0131z b\u0131rakmay\u0131n.\u2019\u2019 dedi.<\/p>\n<h3><strong>\u201cAkbelen\u2019de restorasyon \u00e7al\u0131\u015fmas\u0131 ba\u015flat\u0131lmal\u0131\u201d\u00a0<\/strong><\/h3>\n<p><strong>Hacettepe \u00dcniversitesi Biyoloji B\u00f6l\u00fcm\u00fc\u2019nden Prof. Dr. Utku Perkta\u015f<\/strong> yapt\u0131\u011f\u0131 a\u00e7\u0131klamada; <em>\u201cD\u00fcnya bir yok olu\u015fa do\u011fru s\u00fcr\u00fckleniyor. \u015eakas\u0131 kalmad\u0131: <strong>a\u015f\u0131r\u0131 s\u0131caklar\u0131n \u015fekillendirdi\u011fi hava dalgalar\u0131, anormal ya\u011f\u0131\u015flar, artan seller<\/strong> ve m\u00fcthi\u015f bir bo\u015f vermi\u015flik. <strong>BM Genel Sekreteri Antonio Guterres<\/strong> ge\u00e7enlerde \u201cK\u00fcresel \u0131s\u0131nma sona erdi, k\u00fcresel kaynama ba\u015flad\u0131\u201d diye \u00fclkeleri acil \u00f6nlem almaya \u00e7a\u011f\u0131rd\u0131. Kimse \u00fcst\u00fcne al\u0131nm\u0131yor. Elimizden geleni ard\u0131m\u0131za koymadan ekosistem b\u0131rakmad\u0131k, g\u00f6zle g\u00f6rmedi\u011fimiz bir omurgas\u0131z canl\u0131dan kendi t\u00fcr\u00fcm\u00fcze kadar ya\u015fayacak alan b\u0131rakmad\u0131k. Bunun en g\u00f6r\u00fcnen \u015fekli de <strong>orman tahribat\u0131<\/strong> ve <strong>ormans\u0131zla\u015ft\u0131rma.\u201d<\/strong><\/em> dedi ve ekledi;<\/p>\n<p><em>\u201cOrman, a\u011fa\u00e7lar\u0131n bask\u0131n ya\u015fam formu oldu\u011fu karma\u015f\u0131k bir ekolojik sistemdir. Esasen hem <strong>bitki<\/strong> hem de <strong>hayvan sistemlerini<\/strong> etkileyen <strong>y\u00fcksek oranda fotosentezle<\/strong> <strong>do\u011fan\u0131n en verimli ekosistemleridir.<\/strong> Orman a\u011fa\u00e7lardan fazlas\u0131d\u0131r ve a\u011fa\u00e7lar kesilse de kendini yenileyebilir. Bu g\u00f6z ard\u0131 edilmezse <strong>Akbelen Ormanlar\u0131 <\/strong>kurtulabilir ve gelecek ku\u015faklara aktar\u0131labilir. Akbelen\u2019deki <strong>maden projesi iptal edilmeli<\/strong> ve uzmanlar e\u015fli\u011finde<strong> bir restorasyon plan\u0131 haz\u0131rlanarak<\/strong> <strong>orman\u0131n kendini yenilemesine imkan tan\u0131nmal\u0131.<\/strong><\/em><\/p>\n<p><em>Anadolu do\u011fas\u0131n\u0131n kaybetmeye tahamm\u00fcl\u00fc kalmad\u0131 art\u0131k. Talebimiz belli: t\u00fcrler i\u00e7in adalet, k\u0131z\u0131l\u00e7am i\u00e7in adalet, sar\u0131\u00e7am i\u00e7in adalet, Anadolu s\u0131vac\u0131s\u0131 i\u00e7in adalet, ormanlar i\u00e7in adalet\u2026 Ve Akbelen i\u00e7in adalet istiyoruz!\u201d.<\/em><\/p>","protected":false},"excerpt":{"rendered":"<p>Sorry, this entry is only available in Turkish. For the sake of viewer convenience, the content is shown below in the alternative language. You may click the link to switch the active language. G\u00fcnlerdir T\u00fcrkiye g\u00fcndeminde yer alan Mu\u011fla Milas Akbelen Orman\u0131\u2019ndaki a\u011fa\u00e7 kesimleri sonras\u0131nda uzmanlar uyar\u0131yor: A\u011fa\u00e7lar kesilse de orman \u00f6lmedi. Ge\u00e7ti\u011fimiz 11 g\u00fcnde [&hellip;]<\/p>\n","protected":false},"author":1,"featured_media":178172,"comment_status":"open","ping_status":"open","sticky":false,"template":"","format":"standard","meta":[],"categories":[53],"tags":[110341,110340,39965,39962,54387,103703,110342,110339],"views":39,"_links":{"self":[{"href":"https:\/\/www.enerjigazetesi.ist\/en\/wp-json\/wp\/v2\/posts\/178170"}],"collection":[{"href":"https:\/\/www.enerjigazetesi.ist\/en\/wp-json\/wp\/v2\/posts"}],"about":[{"href":"https:\/\/www.enerjigazetesi.ist\/en\/wp-json\/wp\/v2\/types\/post"}],"author":[{"embeddable":true,"href":"https:\/\/www.enerjigazetesi.ist\/en\/wp-json\/wp\/v2\/users\/1"}],"replies":[{"embeddable":true,"href":"https:\/\/www.enerjigazetesi.ist\/en\/wp-json\/wp\/v2\/comments?post=178170"}],"version-history":[{"count":0,"href":"https:\/\/www.enerjigazetesi.ist\/en\/wp-json\/wp\/v2\/posts\/178170\/revisions"}],"wp:featuredmedia":[{"embeddable":true,"href":"https:\/\/www.enerjigazetesi.ist\/en\/wp-json\/wp\/v2\/media\/178172"}],"wp:attachment":[{"href":"https:\/\/www.enerjigazetesi.ist\/en\/wp-json\/wp\/v2\/media?parent=178170"}],"wp:term":[{"taxonomy":"category","embeddable":true,"href":"https:\/\/www.enerjigazetesi.ist\/en\/wp-json\/wp\/v2\/categories?post=178170"},{"taxonomy":"post_tag","embeddable":true,"href":"https:\/\/www.enerjigazetesi.ist\/en\/wp-json\/wp\/v2\/tags?post=178170"}],"curies":[{"name":"wp","href":"https:\/\/api.w.org\/{rel}","templated":true}]}}