{"id":178139,"date":"2023-08-06T16:50:35","date_gmt":"2023-08-06T13:50:35","guid":{"rendered":"https:\/\/www.enerjigazetesi.ist\/?p=178139"},"modified":"2023-08-06T16:50:35","modified_gmt":"2023-08-06T13:50:35","slug":"sisecam-in-ilk-yariyil-net-satislari-58-milyar-tl-seviyesine-yukseldi","status":"publish","type":"post","link":"https:\/\/www.enerjigazetesi.ist\/en\/sisecam-in-ilk-yariyil-net-satislari-58-milyar-tl-seviyesine-yukseldi\/","title":{"rendered":"(Turkish) \u015ei\u015fecam&#8217;\u0131n \u0130lk Yar\u0131y\u0131l Net Sat\u0131\u015flar\u0131 58 Milyar TL Seviyesine Y\u00fckseldi"},"content":{"rendered":"<p class=\"qtranxs-available-languages-message qtranxs-available-languages-message-en\">Sorry, this entry is only available in <a href=\"https:\/\/www.enerjigazetesi.ist\/tr\/wp-json\/wp\/v2\/posts\/178139\" class=\"qtranxs-available-language-link qtranxs-available-language-link-tr\" title=\"Turkish\">Turkish<\/a>. For the sake of viewer convenience, the content is shown below in the alternative language. You may click the link to switch the active language.<\/p><p><\/p>\n<h2>\u015ei\u015fecam 2023 ilk yar\u0131y\u0131l d\u00f6nemine ili\u015fkin finansal sonu\u00e7lar\u0131n\u0131 a\u00e7\u0131klad\u0131. \u015ei\u015fecam&#8217;\u0131n bu d\u00f6nemdeki konsolide net sat\u0131\u015flar\u0131 58 Milyar TL (2,9 Milyar dolar) seviyesine ula\u015f\u0131rken, T\u00fcrkiye&#8217;den yap\u0131lan ihracat ile T\u00fcrkiye d\u0131\u015f\u0131 \u00fcretimlerden yap\u0131lan sat\u0131\u015flar\u0131n toplam\u0131n\u0131 ifade eden uluslararas\u0131 sat\u0131\u015flar\u0131n konsolide sat\u0131\u015flar i\u00e7indeki pay\u0131 ise %64 seviyesinde ger\u00e7ekle\u015fti. Y\u0131l\u0131n ilk yar\u0131s\u0131nda \u015ei\u015fecam&#8217;\u0131n toplam yat\u0131r\u0131mlar\u0131 7,1 Milyar TL (357 Milyon dolar), ihracat\u0131 ise 560 Milyon dolar oldu. Bu d\u00f6nemde 2,5 Milyon ton cam \u00fcreten \u015firket, 2,3 Milyon ton soda k\u00fcl\u00fc ve 1,8 Milyon ton end\u00fcstriyel hammadde \u00fcretimi ger\u00e7ekle\u015ftirdi.<\/h2>\n<p style=\"text-align: center;\"><img loading=\"lazy\" class=\"aligncenter wp-image-178168\" src=\"https:\/\/www.enerjigazetesi.ist\/wp-content\/uploads\/2023\/08\/sisecam-in-ilk-yariyil-net-satislari-58-milyar-tl-seviyesine-yukseldi.jpg\" alt=\"\" width=\"500\" height=\"265\" srcset=\"https:\/\/www.enerjigazetesi.ist\/wp-content\/uploads\/2023\/08\/sisecam-in-ilk-yariyil-net-satislari-58-milyar-tl-seviyesine-yukseldi.jpg 550w, https:\/\/www.enerjigazetesi.ist\/wp-content\/uploads\/2023\/08\/sisecam-in-ilk-yariyil-net-satislari-58-milyar-tl-seviyesine-yukseldi-300x159.jpg 300w, https:\/\/www.enerjigazetesi.ist\/wp-content\/uploads\/2023\/08\/sisecam-in-ilk-yariyil-net-satislari-58-milyar-tl-seviyesine-yukseldi-500x265.jpg 500w, https:\/\/www.enerjigazetesi.ist\/wp-content\/uploads\/2023\/08\/sisecam-in-ilk-yariyil-net-satislari-58-milyar-tl-seviyesine-yukseldi-80x42.jpg 80w\" sizes=\"(max-width: 500px) 100vw, 500px\" \/><\/p>\n<p>\u015ei\u015fecam&#8217;\u0131n 2023 yar\u0131y\u0131l sonu\u00e7lar\u0131na ili\u015fkin a\u00e7\u0131klama yapan<strong> \u015ei\u015fecam Genel M\u00fcd\u00fcr\u00fc G\u00f6rkem Elverici<\/strong> \u015funlar\u0131 s\u00f6yledi: <em>&#8220;\u0130\u015f d\u00fcnyas\u0131 global \u00f6l\u00e7ekte devam eden ekonomik ve jeopolitik risklerle m\u00fccadelesini s\u00fcrd\u00fcr\u00fcrken, \u015ei\u015fecam zaman\u0131n ruhuna ve \u00e7a\u011f\u0131n getirdiklerine h\u0131zla uyum sa\u011flama yetkinli\u011finden ald\u0131\u011f\u0131 g\u00fc\u00e7le, d\u00f6n\u00fc\u015f\u00fcmle ve veri odakl\u0131 karar alma yakla\u015f\u0131m\u0131yla b\u00fcy\u00fcme yolculu\u011funu s\u00fcrd\u00fcr\u00fcyor. Ak\u0131ll\u0131 teknoloji kullan\u0131m\u0131m\u0131z ve yetkin insan kayna\u011f\u0131m\u0131zla ayr\u0131\u015f\u0131yor, <strong>88 y\u0131ll\u0131k k\u00f6kl\u00fc ve global bir sanayi \u015firketi olarak<\/strong> elde etti\u011fimiz e\u015fsiz deneyimleri geli\u015fimle harmanl\u0131yoruz. Geli\u015fim yolculu\u011fumuzu gelecek vaat eden ve ana faaliyet alanlar\u0131m\u0131zda <strong>d\u00fcnyan\u0131n ilk 3 \u00fcreticisinden birisi olma hedefimizi<\/strong> destekleyen yat\u0131r\u0131mlarla s\u00fcrd\u00fcr\u00fcyoruz.&#8221;<\/em><\/p>\n<h3><strong>Teknoloji odakl\u0131 b\u00fcy\u00fcme hamlesi\u00a0<\/strong><\/h3>\n<p>Geni\u015f bir co\u011frafyaya yay\u0131lm\u0131\u015f operasyonlar\u0131n\u0131 b\u00fct\u00fcnsel dijitalle\u015fme ve operasyonel m\u00fckemmeliyet yakla\u015f\u0131m\u0131yla y\u00f6neten \u015ei\u015fecam, <strong>2023 y\u0131l\u0131n\u0131n ikinci \u00e7eyre\u011finde de yat\u0131r\u0131m hamlelerini s\u00fcrd\u00fcrd\u00fc<\/strong>. T\u00fcrkiye d\u0131\u015f\u0131 ilk yat\u0131r\u0131m\u0131n\u0131 <strong>1997 y\u0131l\u0131nda G\u00fcrcistan&#8217;a yapan \u015ei\u015fecam,<\/strong> \u00fclkedeki ikinci cam ambalaj f\u0131r\u0131n\u0131n\u0131 yakla\u015f\u0131k <strong>20 Milyon Euro yat\u0131r\u0131mla<\/strong> so\u011fuk tamire alarak, yeni teknolojilerle destekledi. Haziran ay\u0131nda ate\u015flenen f\u0131r\u0131nla <strong>G\u00fcrcistan&#8217;\u0131n<\/strong> tek cam \u00fcreticisi olan <strong>\u015ei\u015fecam&#8217;\u0131n<\/strong> \u00fclkedeki cam \u00fcretim kapasitesi <strong>%25<\/strong> artt\u0131. Ula\u015f\u0131lan <strong>75 bin tonluk y\u0131ll\u0131k \u00fcretim kapasitesi<\/strong> ve teknolojik yetkinlikler ile hem <strong>G\u00fcrcistan&#8217;\u0131n<\/strong> hem de<strong> \u00e7evre \u00fclkelerin cam ambalaj taleplerine<\/strong> daha h\u0131zl\u0131 cevap vermek hedefleniyor. ,<\/p>\n<h3><strong>Y\u00fcksek prestijli \u00f6d\u00fcl<\/strong><\/h3>\n<p>Ba\u015far\u0131y\u0131 finansal b\u00fcy\u00fcmenin yan\u0131 s\u0131ra t\u00fcm payda\u015flar\u0131 ve sekt\u00f6rleri i\u00e7in kazan\u0131mlar sa\u011flayan b\u00fct\u00fcnsel bir kalk\u0131nma anlay\u0131\u015f\u0131 olarak g\u00f6ren \u015ei\u015fecam&#8217;\u0131n bu katk\u0131lar\u0131 uluslararas\u0131 \u00f6d\u00fcllerle ta\u00e7lan\u0131yor. <strong>\u015ei\u015fecam Y\u00f6netim Kurulu Ba\u015fkan\u0131 ve Murahhas \u00dcyesi Prof. Dr. Ahmet K\u0131rman<\/strong>, <strong>global cam sekt\u00f6r\u00fcn\u00fcn<\/strong> geli\u015fimine y\u00f6nelik katk\u0131lar\u0131 nedeniyle<strong> Phoenix \u00d6d\u00fcl Komitesi<\/strong> taraf\u0131ndan verilen<strong> Y\u0131l\u0131n Cama De\u011fer Katan \u0130nsan\u0131 \u00f6d\u00fcl\u00fcne<\/strong> lay\u0131k g\u00f6r\u00fcld\u00fc. <strong>Cam sekt\u00f6r\u00fcn\u00fcn<\/strong> en prestijli \u00f6d\u00fclleri aras\u0131nda yer alan bu de\u011ferli \u00f6d\u00fcl, <strong>1971 y\u0131l\u0131ndan bu yana cam\u0131n Ar-Ge,<\/strong> <strong>\u00fcr\u00fcn tasar\u0131m\u0131<\/strong> ve <strong>m\u00fchendisli\u011fi, imalat, pazarlama ve sat\u0131\u015f<\/strong> gibi alanlar\u0131nda geli\u015fimi destekleyen ve liderlik eden<strong> bilim adamlar\u0131, tasar\u0131mc\u0131lar, m\u00fchendisler<\/strong> ve <strong>i\u015f insanlar\u0131na<\/strong> takdim ediliyor.<\/p>","protected":false},"excerpt":{"rendered":"<p>Sorry, this entry is only available in Turkish. For the sake of viewer convenience, the content is shown below in the alternative language. You may click the link to switch the active language. \u015ei\u015fecam 2023 ilk yar\u0131y\u0131l d\u00f6nemine ili\u015fkin finansal sonu\u00e7lar\u0131n\u0131 a\u00e7\u0131klad\u0131. \u015ei\u015fecam&#8217;\u0131n bu d\u00f6nemdeki konsolide net sat\u0131\u015flar\u0131 58 Milyar TL (2,9 Milyar dolar) seviyesine [&hellip;]<\/p>\n","protected":false},"author":19,"featured_media":178168,"comment_status":"open","ping_status":"open","sticky":false,"template":"","format":"standard","meta":[],"categories":[53,52,157],"tags":[20832,109129,32733,97],"views":37,"_links":{"self":[{"href":"https:\/\/www.enerjigazetesi.ist\/en\/wp-json\/wp\/v2\/posts\/178139"}],"collection":[{"href":"https:\/\/www.enerjigazetesi.ist\/en\/wp-json\/wp\/v2\/posts"}],"about":[{"href":"https:\/\/www.enerjigazetesi.ist\/en\/wp-json\/wp\/v2\/types\/post"}],"author":[{"embeddable":true,"href":"https:\/\/www.enerjigazetesi.ist\/en\/wp-json\/wp\/v2\/users\/19"}],"replies":[{"embeddable":true,"href":"https:\/\/www.enerjigazetesi.ist\/en\/wp-json\/wp\/v2\/comments?post=178139"}],"version-history":[{"count":0,"href":"https:\/\/www.enerjigazetesi.ist\/en\/wp-json\/wp\/v2\/posts\/178139\/revisions"}],"wp:featuredmedia":[{"embeddable":true,"href":"https:\/\/www.enerjigazetesi.ist\/en\/wp-json\/wp\/v2\/media\/178168"}],"wp:attachment":[{"href":"https:\/\/www.enerjigazetesi.ist\/en\/wp-json\/wp\/v2\/media?parent=178139"}],"wp:term":[{"taxonomy":"category","embeddable":true,"href":"https:\/\/www.enerjigazetesi.ist\/en\/wp-json\/wp\/v2\/categories?post=178139"},{"taxonomy":"post_tag","embeddable":true,"href":"https:\/\/www.enerjigazetesi.ist\/en\/wp-json\/wp\/v2\/tags?post=178139"}],"curies":[{"name":"wp","href":"https:\/\/api.w.org\/{rel}","templated":true}]}}