{"id":178109,"date":"2023-08-04T15:33:43","date_gmt":"2023-08-04T12:33:43","guid":{"rendered":"https:\/\/www.enerjigazetesi.ist\/?p=178109"},"modified":"2023-08-04T15:40:59","modified_gmt":"2023-08-04T12:40:59","slug":"vakif-katilim-ile-bakirlar-enerji-den-gunes-enerjisine-yatirim-icin-is-birligi","status":"publish","type":"post","link":"https:\/\/www.enerjigazetesi.ist\/en\/vakif-katilim-ile-bakirlar-enerji-den-gunes-enerjisine-yatirim-icin-is-birligi\/","title":{"rendered":"(Turkish) Vak\u0131f Kat\u0131l\u0131m ile Bak\u0131rlar Enerji&#8217;den G\u00fcne\u015f Enerjisine Yat\u0131r\u0131m \u0130\u00e7in \u0130\u015f Birli\u011fi"},"content":{"rendered":"<p class=\"qtranxs-available-languages-message qtranxs-available-languages-message-en\">Sorry, this entry is only available in <a href=\"https:\/\/www.enerjigazetesi.ist\/tr\/wp-json\/wp\/v2\/posts\/178109\" class=\"qtranxs-available-language-link qtranxs-available-language-link-tr\" title=\"Turkish\">Turkish<\/a>. For the sake of viewer convenience, the content is shown below in the alternative language. You may click the link to switch the active language.<\/p><p><\/p>\n<h2><strong>Vak\u0131f Kat\u0131l\u0131m ve Bak\u0131rlar Enerji, \u00e7at\u0131 ve arazi GES projelerinin finansman\u0131 i\u00e7in i\u015f birli\u011fi anla\u015fmas\u0131 imzalad\u0131. Vak\u0131f Kat\u0131l\u0131m Genel M\u00fcd\u00fcr\u00fc \u0130kram G\u00f6kta\u015f, \u201cOrtak ge\u00e7mi\u015fimizden ald\u0131\u011f\u0131m\u0131z ilham ile ortak gelece\u011fimizi in\u015fa eden en \u00f6nemli kurumlardan biri olarak bu i\u015f birli\u011fi Vak\u0131f Kat\u0131l\u0131m\u2019\u0131n \u00e7evreye ve ye\u015file verdi\u011fi \u00f6nemin g\u00f6stergesi\u201d dedi.<\/strong><\/h2>\n<p>Kat\u0131l\u0131m finans sekt\u00f6r\u00fcn\u00fcn referans kurumu olma vizyonuyla faaliyet g\u00f6steren <strong>Vak\u0131f Kat\u0131l\u0131m<\/strong>, yenilenebilir enerji yat\u0131r\u0131mlar\u0131na deste\u011fini s\u00fcrd\u00fcr\u00fcyor. Bu kapsamda <strong>Vak\u0131f Kat\u0131l\u0131m<\/strong> ve <strong>Bak\u0131rlar Enerji<\/strong>, <strong>GES panel \u00fcretimi, temini ve sat\u0131\u015f\u0131 noktas\u0131nda<\/strong> i\u015f birli\u011fi yapt\u0131. Yap\u0131lan anla\u015fmayla Bak\u0131rlar Enerji; <strong>GES panel \u00fcretimi, temini ve sat\u0131\u015f\u0131 noktas\u0131nda<\/strong> <strong>Vak\u0131f Kat\u0131l\u0131m m\u00fc\u015fterilerinin ihtiya\u00e7lar\u0131 do\u011frultusunda<\/strong> <strong>\u00fcr\u00fcn m\u00fcsaitli\u011fine g\u00f6re destek olabilecek.<img loading=\"lazy\" class=\"alignright wp-image-178111\" src=\"https:\/\/www.enerjigazetesi.ist\/wp-content\/uploads\/2023\/08\/vakif-katilim-ile-bakirlar-enerji-den-gunes-enerjisine-yatirim-icin-is-birligi.jpg\" alt=\"\" width=\"320\" height=\"212\" srcset=\"https:\/\/www.enerjigazetesi.ist\/wp-content\/uploads\/2023\/08\/vakif-katilim-ile-bakirlar-enerji-den-gunes-enerjisine-yatirim-icin-is-birligi.jpg 550w, https:\/\/www.enerjigazetesi.ist\/wp-content\/uploads\/2023\/08\/vakif-katilim-ile-bakirlar-enerji-den-gunes-enerjisine-yatirim-icin-is-birligi-300x199.jpg 300w, https:\/\/www.enerjigazetesi.ist\/wp-content\/uploads\/2023\/08\/vakif-katilim-ile-bakirlar-enerji-den-gunes-enerjisine-yatirim-icin-is-birligi-500x332.jpg 500w, https:\/\/www.enerjigazetesi.ist\/wp-content\/uploads\/2023\/08\/vakif-katilim-ile-bakirlar-enerji-den-gunes-enerjisine-yatirim-icin-is-birligi-75x50.jpg 75w, https:\/\/www.enerjigazetesi.ist\/wp-content\/uploads\/2023\/08\/vakif-katilim-ile-bakirlar-enerji-den-gunes-enerjisine-yatirim-icin-is-birligi-450x300.jpg 450w\" sizes=\"(max-width: 320px) 100vw, 320px\" \/><\/strong><\/p>\n<h3><strong>\u201cGe\u00e7mi\u015fimizden ald\u0131\u011f\u0131m\u0131z ilhamla gelece\u011fi in\u015fa ediyoruz\u201d<\/strong><\/h3>\n<p>Bak\u0131rlar Enerji ile yap\u0131lan i\u015f birli\u011finin \u00e7evreye verilen \u00f6nemin bir g\u00f6stergesi oldu\u011funu belirten <strong>Vak\u0131f Kat\u0131l\u0131m Genel M\u00fcd\u00fcr\u00fc \u0130kram G\u00f6kta\u015f,<\/strong> <em>\u201cVak\u0131f Kat\u0131l\u0131m olarak bu i\u015f birli\u011fi ile hem \u00e7evreye duyarl\u0131, s\u00fcrd\u00fcr\u00fclebilir bir gelece\u011fe destek veriyoruz hem de yenilenebilir enerji yat\u0131r\u0131mlar\u0131 yapan firmalarla birlikte enerjide cari a\u00e7\u0131\u011f\u0131n azalt\u0131lmas\u0131na katk\u0131 sunuyoruz. Kamu ve \u00f6zel sekt\u00f6rdeki projelere <strong>\u2018Ye\u015fil Finansman\u2019 deste\u011fi<\/strong> sunarak gelecek nesillere daha ya\u015fanabilir bir d\u00fcnya b\u0131rakma hedefiyle hareket ediyoruz. Faaliyetlerimize Birle\u015fmi\u015f Milletler\u2019in ilan etti\u011fi \u2018S\u00fcrd\u00fcr\u00fclebilir Kalk\u0131nma Plan\u0131\u2019 kapsam\u0131nda devam edecek, \u00e7evreye dost, yenilenebilir enerjiye yap\u0131lan yat\u0131r\u0131mlar\u0131n finansmanlar\u0131nda var olmay\u0131 s\u00fcrd\u00fcrece\u011fiz\u201d<\/em> dedi.<\/p>\n<p>\u201c\u00dclkemizdeki enerji potansiyelini harekete ge\u00e7irecek yat\u0131r\u0131mlar\u0131n desteklenmesi ile enerji alan\u0131nda d\u0131\u015fa ba\u011f\u0131ml\u0131l\u0131\u011f\u0131n azalt\u0131lmas\u0131 ve hanelerimizin temiz enerji ile ayd\u0131nlat\u0131lmas\u0131na katk\u0131 sunuyoruz\u201d diyen <strong>G\u00f6kta\u015f,<\/strong> <em>\u201cBu motivasyondan hareketle KOB\u0130\u2019lerimizin <strong>ye\u015fil enerji alan\u0131nda finansmana eri\u015fimlerini kolayla\u015ft\u0131rmak<\/strong> amac\u0131yla; <strong>yat\u0131r\u0131mc\u0131lar\u0131n enerji projelerine<\/strong> y\u00f6nelik <strong>u\u00e7tan uca dan\u0131\u015fmanl\u0131k<\/strong> sa\u011flayarak, <strong>KOB\u0130\u2019lerimize finansal \u00e7\u00f6z\u00fcmler<\/strong> sunuyoruz. Vak\u0131f Kat\u0131l\u0131m <strong>verimlilik<\/strong> ve <strong>tasarruf odakl\u0131<\/strong> \u00fcr\u00fcnleriyle,<strong> yenilenebilir enerji yat\u0131r\u0131mlar\u0131n\u0131 desteklemeye<\/strong>, <strong>\u00fclkemizin s\u00fcrd\u00fcr\u00fclebilirlik hedeflerine uygun \u00e7\u00f6z\u00fcmler<\/strong> geli\u015ftirmeye devam edecek\u201d<\/em> ifadeleriyle s\u00f6zlerini tamamlad\u0131.<\/p>\n<p>\u0130\u015f birli\u011fine ili\u015fkin de\u011ferlendirmelerde bulunan <strong>Bak\u0131rlar Enerji\u00a0Genel M\u00fcd\u00fcr\u00fc Murat Bak\u0131r\u00a0<\/strong>ise \u015funlar\u0131 s\u00f6yledi: \u201cTemiz Enerji &#8211; Temiz D\u00fcnya motivasyonuyla ba\u015flad\u0131\u011f\u0131m\u0131z g\u00fcne\u015f paneli \u00fcretimi alan\u0131nda, sadece ticari bir \u00fcr\u00fcn \u00fcretmekten hep daha fazlas\u0131n\u0131 hedefledik. \u00dclkemizin enerji anlam\u0131nda a\u00e7\u0131\u011f\u0131n\u0131 kapatmak, ye\u015fil enerjiyle \u00e7evreyi korumak, AB standartlar\u0131nda ye\u015fil \u00fcretime destek olmak gibi temel sosyal sorumluluk ba\u015fl\u0131klar\u0131nda g\u00fc\u00e7l\u00fc bir yer edinmek istiyoruz. Bu kapsamda Vak\u0131f Kat\u0131l\u0131m ile ger\u00e7ekle\u015ftirdi\u011fimiz anla\u015fmadan b\u00fcy\u00fck mutluluk duyuyoruz. Bu anla\u015fmayla <strong>KOB\u0130\u2019lere<\/strong> sa\u011flayaca\u011f\u0131m\u0131z destekle <strong>ye\u015fil enerjiye ula\u015f\u0131m\u0131 kolayla\u015ft\u0131racak<\/strong>, hedeflemi\u015f oldu\u011fumuz<strong> temiz d\u00fcnyaya bir ad\u0131m daha yakla\u015faca\u011f\u0131z.<\/strong>\u201d<\/p>\n<p>\u201c\u00dclkemizdeki enerji potansiyelini harekete ge\u00e7irecek yat\u0131r\u0131mlar\u0131n desteklenmesi ile enerji alan\u0131nda d\u0131\u015fa ba\u011f\u0131ml\u0131l\u0131\u011f\u0131n azalt\u0131lmas\u0131 ve hanelerimizin temiz enerji ile ayd\u0131nlat\u0131lmas\u0131na katk\u0131 sunuyoruz\u201d diyen <strong>G\u00f6kta\u015f,<\/strong> \u201cBu motivasyondan hareketle KOB\u0130\u2019lerimizin <strong>ye\u015fil enerji alan\u0131nda finansmana eri\u015fimlerini kolayla\u015ft\u0131rmak<\/strong> amac\u0131yla; <strong>yat\u0131r\u0131mc\u0131lar\u0131n enerji projelerine y\u00f6nelik u\u00e7tan uca dan\u0131\u015fmanl\u0131k<\/strong> sa\u011flayarak,<strong> KOB\u0130\u2019lerimize finansal \u00e7\u00f6z\u00fcmler<\/strong> sunuyoruz. Vak\u0131f Kat\u0131l\u0131m<strong> verimlilik<\/strong> ve <strong>tasarruf odakl\u0131 \u00fcr\u00fcnleriyle<\/strong>,<strong> yenilenebilir enerji yat\u0131r\u0131mlar\u0131n\u0131<\/strong> desteklemeye, <strong>\u00fclkemizin s\u00fcrd\u00fcr\u00fclebilirlik hedeflerine uygun \u00e7\u00f6z\u00fcmler<\/strong> geli\u015ftirmeye devam edecek\u201d ifadeleriyle s\u00f6zlerini tamamlad\u0131.<\/p>\n<p>\u0130\u015f birli\u011fine ili\u015fkin de\u011ferlendirmelerde bulunan <strong>Bak\u0131rlar Enerji\u00a0Genel M\u00fcd\u00fcr\u00fc Murat Bak\u0131r\u00a0<\/strong>ise \u015funlar\u0131 s\u00f6yledi: <em>\u201c<strong>Temiz Enerji &#8211; Temiz D\u00fcnya motivasyonuyla<\/strong> ba\u015flad\u0131\u011f\u0131m\u0131z <strong>g\u00fcne\u015f paneli \u00fcretimi<\/strong> alan\u0131nda, sadece ticari bir \u00fcr\u00fcn \u00fcretmekten hep daha fazlas\u0131n\u0131 hedefledik. \u00dclkemizin enerji anlam\u0131nda a\u00e7\u0131\u011f\u0131n\u0131 kapatmak, ye\u015fil enerjiyle \u00e7evreyi korumak, AB standartlar\u0131nda ye\u015fil \u00fcretime destek olmak gibi temel sosyal sorumluluk ba\u015fl\u0131klar\u0131nda g\u00fc\u00e7l\u00fc bir yer edinmek istiyoruz. Bu kapsamda <strong>Vak\u0131f Kat\u0131l\u0131m<\/strong> ile<strong> ger\u00e7ekle\u015ftirdi\u011fimiz anla\u015fmadan<\/strong> b\u00fcy\u00fck mutluluk duyuyoruz. Bu anla\u015fmayla <strong>KOB\u0130\u2019lere sa\u011flayaca\u011f\u0131m\u0131z destekle ye\u015fil enerjiye ula\u015f\u0131m\u0131 kolayla\u015ft\u0131racak<\/strong>, <strong>hedeflemi\u015f oldu\u011fumuz temiz d\u00fcnyaya bir ad\u0131m daha yakla\u015faca\u011f\u0131z.<\/strong>\u201d<\/em><\/p>","protected":false},"excerpt":{"rendered":"<p>Sorry, this entry is only available in Turkish. For the sake of viewer convenience, the content is shown below in the alternative language. You may click the link to switch the active language. Vak\u0131f Kat\u0131l\u0131m ve Bak\u0131rlar Enerji, \u00e7at\u0131 ve arazi GES projelerinin finansman\u0131 i\u00e7in i\u015f birli\u011fi anla\u015fmas\u0131 imzalad\u0131. Vak\u0131f Kat\u0131l\u0131m Genel M\u00fcd\u00fcr\u00fc \u0130kram G\u00f6kta\u015f, [&hellip;]<\/p>\n","protected":false},"author":1,"featured_media":178111,"comment_status":"open","ping_status":"open","sticky":false,"template":"","format":"standard","meta":[],"categories":[53,49],"tags":[110318,110072,1265,1264,2629,83535,1245,102661],"views":65,"_links":{"self":[{"href":"https:\/\/www.enerjigazetesi.ist\/en\/wp-json\/wp\/v2\/posts\/178109"}],"collection":[{"href":"https:\/\/www.enerjigazetesi.ist\/en\/wp-json\/wp\/v2\/posts"}],"about":[{"href":"https:\/\/www.enerjigazetesi.ist\/en\/wp-json\/wp\/v2\/types\/post"}],"author":[{"embeddable":true,"href":"https:\/\/www.enerjigazetesi.ist\/en\/wp-json\/wp\/v2\/users\/1"}],"replies":[{"embeddable":true,"href":"https:\/\/www.enerjigazetesi.ist\/en\/wp-json\/wp\/v2\/comments?post=178109"}],"version-history":[{"count":0,"href":"https:\/\/www.enerjigazetesi.ist\/en\/wp-json\/wp\/v2\/posts\/178109\/revisions"}],"wp:featuredmedia":[{"embeddable":true,"href":"https:\/\/www.enerjigazetesi.ist\/en\/wp-json\/wp\/v2\/media\/178111"}],"wp:attachment":[{"href":"https:\/\/www.enerjigazetesi.ist\/en\/wp-json\/wp\/v2\/media?parent=178109"}],"wp:term":[{"taxonomy":"category","embeddable":true,"href":"https:\/\/www.enerjigazetesi.ist\/en\/wp-json\/wp\/v2\/categories?post=178109"},{"taxonomy":"post_tag","embeddable":true,"href":"https:\/\/www.enerjigazetesi.ist\/en\/wp-json\/wp\/v2\/tags?post=178109"}],"curies":[{"name":"wp","href":"https:\/\/api.w.org\/{rel}","templated":true}]}}