{"id":17808,"date":"2013-11-19T11:22:31","date_gmt":"2013-11-19T08:22:31","guid":{"rendered":"https:\/\/www.enerjigazetesi.ist\/?p=17808"},"modified":"2013-11-19T11:22:31","modified_gmt":"2013-11-19T08:22:31","slug":"baskanlar-enerji-verimliligini-tartisti","status":"publish","type":"post","link":"https:\/\/www.enerjigazetesi.ist\/en\/baskanlar-enerji-verimliligini-tartisti\/","title":{"rendered":"(Turkish) Ba\u015fkanlar Enerji Verimlili\u011fini Tart\u0131\u015ft\u0131&#8230;"},"content":{"rendered":"<p class=\"qtranxs-available-languages-message qtranxs-available-languages-message-en\">Sorry, this entry is only available in <a href=\"https:\/\/www.enerjigazetesi.ist\/tr\/wp-json\/wp\/v2\/posts\/17808\" class=\"qtranxs-available-language-link qtranxs-available-language-link-tr\" title=\"Turkish\">Turkish<\/a>. For the sake of viewer convenience, the content is shown below in the alternative language. You may click the link to switch the active language.<\/p><p><strong>AB \u00fcyesi belediye ba\u015fkalar\u0131ndan olu\u015fan Covenant of Mayors\u2019un,(Belediye Ba\u015fkanlar\u0131 S\u00f6zle\u015fmesi) kapsam\u0131nda ger\u00e7ekle\u015ftirilen \u2018S\u00fcrd\u00fcr\u00fclebilir <a href=\"http:\/\/www.enve.com.tr\" target=\"_blank\">Enerji Verimlili\u011fi <\/a>Toplant\u0131s\u0131 ve \u00dcst D\u00fczey Belediye Ba\u015fkanlar\u0131 Forumu\u2019, s\u00f6zle\u015femeye \u0130stanbul\u2019dan tek \u00fcye olan Kad\u0131k\u00f6y\u2019de ger\u00e7ekle\u015fti.<\/strong><\/p>\n<p>Kad\u0131k\u00f6y Belediyesi, 5 bin100 \u00fcyesi bulunan, iklim de\u011fi\u015fimleri ve enerji verimlili\u011fi konular\u0131nda \u00e7al\u0131\u015fmalar yapan Avrupa Birli\u011fi (AB) \u00fcyesi belediye ba\u015fkanlar\u0131n\u0131n kurdu\u011fu Covenant of Mayors\u2019un,(Belediye Ba\u015fkanlar\u0131 S\u00f6zle\u015fmesi) S\u00fcrd\u00fcr\u00fclebilir Enerji Verimlili\u011fi Toplant\u0131s\u0131 ve \u00dcst D\u00fczey Belediye Ba\u015fkanlar\u0131 Forumu\u2019na ev sahipli\u011fi yapt\u0131. 2020 y\u0131l\u0131na kadar kendi b\u00f6lgesinde atmosfere sal\u0131nan karbondioksit emisyonunu azaltma ko\u015fuluyla s\u00f6zle\u015fmeye \u0130stanbul\u2019dan \u00fcye tek belediye olan Kad\u0131k\u00f6y Belediye Ba\u015fkan\u0131 Selami \u00d6zt\u00fcrk, d\u00fcnyan\u0131n bir\u00e7ok yerinden gelen yerel y\u00f6neticilerle <a href=\"http:\/\/www.enve.com.tr\" target=\"_blank\">enerji verimlili\u011fi<\/a> konusunda fikir al\u0131\u015fveri\u015finde bulundu.<\/p>\n<p><strong>&#8220;\u00c7\u00d6Z\u00dcMLER\u0130 B\u0130RL\u0130KTE BULMAK ZORUNDAYIZ&#8221;<\/strong><\/p>\n<p>Kozyata\u011f\u0131 K\u00fclt\u00fcr Merkezi\u2019nde ger\u00e7ekle\u015ftirilen toplant\u0131ya evsahipli\u011fi yapan Kad\u0131k\u00f6y Belediye Ba\u015fkan\u0131 Selami \u00d6zt\u00fcrk Gerard Magnin \u2019in moderat\u00f6rl\u00fc\u011f\u00fcndeki toplant\u0131da, Avrupa Komisyonu Kom\u015fuluk Direkt\u00f6r\u00fcMichael A.K\u00f6hler,Fas Sale Belediye Ba\u015fkan\u0131 Nourdine Lazrek, Moldova Ki\u015finev Bel<a href=\"https:\/\/www.enerjigazetesi.ist\/wp-content\/uploads\/2013\/11\/ab-li-belediye-baskanlari-enerji-verimliligini-tartisti.jpg\"><img loading=\"lazy\" class=\"alignleft size-medium wp-image-17809\" title=\"ab-li-belediye-baskanlari-enerji-verimliligini-tartisti\" src=\"https:\/\/www.enerjigazetesi.ist\/wp-content\/uploads\/2013\/11\/ab-li-belediye-baskanlari-enerji-verimliligini-tartisti-300x196.jpg\" alt=\"\" width=\"300\" height=\"196\" srcset=\"https:\/\/www.enerjigazetesi.ist\/wp-content\/uploads\/2013\/11\/ab-li-belediye-baskanlari-enerji-verimliligini-tartisti-300x196.jpg 300w, https:\/\/www.enerjigazetesi.ist\/wp-content\/uploads\/2013\/11\/ab-li-belediye-baskanlari-enerji-verimliligini-tartisti-500x328.jpg 500w, https:\/\/www.enerjigazetesi.ist\/wp-content\/uploads\/2013\/11\/ab-li-belediye-baskanlari-enerji-verimliligini-tartisti-76x50.jpg 76w, https:\/\/www.enerjigazetesi.ist\/wp-content\/uploads\/2013\/11\/ab-li-belediye-baskanlari-enerji-verimliligini-tartisti.jpg 550w\" sizes=\"(max-width: 300px) 100vw, 300px\" \/><\/a>ediye Ba\u015fkan\u0131 Dorin Chirtoaca, Akdeniz i\u00e7in Birlik Enerji Genel Sekreter Yard\u0131mc\u0131s\u0131 Teresa Ribeiro ile birlikte de\u011ferlendirmelerde bulundu.<\/p>\n<p>Enerji kullan\u0131m\u0131 sorununun ortak bir sorun oldu\u011funu belirten Kad\u0131k\u00f6y Belediye Ba\u015fkan\u0131 Selami \u00d6zt\u00fcrk, &#8220;Bizim atmam\u0131z gereken ad\u0131mlar var. E\u011fer bunlar\u0131 yapabilirsek enerji ba\u011f\u0131ml\u0131l\u0131\u011f\u0131m\u0131z\u0131 m\u00fcmk\u00fcn oldu\u011funca azalt\u0131r ya da ortadan kald\u0131rmam\u0131z m\u00fcmk\u00fcn. Bu konuda ne kadar hevesliyseniz, ad\u0131mlar at\u0131yorsan\u0131z o kadar ulusal bazda \u00e7\u00f6z\u00fcmler aramak zorundas\u0131n\u0131z. Sorunlar\u0131m\u0131z ortak ancak \u00e7\u00f6z\u00fcmleri birlikte birlikte bulmal\u0131y\u0131z&#8221; dedi.<\/p>\n<p>Kad\u0131k\u00f6y&#8217;de <a href=\"http:\/\/www.enve.com.tr\" target=\"_blank\">enerji verimlili\u011finde <\/a>at\u0131lan ad\u0131mlar\u0131n \u0130stanbul i\u00e7in yetersiz kalaca\u011f\u0131n\u0131 dile getiren Ba\u015fkan \u00d6zt\u00fcrk, &#8220;At\u0131k ayr\u0131\u015ft\u0131rmay\u0131 ilk yapan belediye biziz. O anlamda Kad\u0131k\u00f6y belediyesinin bu alanda birinci olmas\u0131 \u00e7\u0131k do\u011fal. Ama bunun arkas\u0131 gelecek. Bu sorunu tek bir il\u00e7ede \u00e7\u00f6zmek \u0130stanbul&#8217;da \u00e7\u00f6zmek anlam\u0131na gelmez. B\u00fcy\u00fck\u015fehir dahil hepimiz buna mutlaka \u015fekilde \u00fcye olmal\u0131y\u0131z&#8221; \u015feklinde konu\u015ftu.<\/p>\n<p><strong>&#8220;T\u00dcRK\u0130YE YEN\u0130LENEB\u0130L\u0130R ENERJ\u0130Y\u0130 KULLANMAK ZORUNDA&#8221;<\/strong><\/p>\n<p>Anla\u015fma gere\u011fi 2020 yoluna kadar gaz sal\u0131n\u0131m\u0131n\u0131 y\u00fczde 20 oran\u0131nda azaltacaklar\u0131n\u0131 ifade eden Selami \u00d6zt\u00fcrk, \u015funlar\u0131 s\u00f6yledi;<\/p>\n<p>&#8220;Kad\u0131k\u00f6y bakarsan\u0131z \u00e7evreye \u00e7ok duyarl\u0131 bir y\u00f6netim tarz\u0131 sergiliyoruz. Uzun zamandan beri proje uyguluyoruz. 2010 y\u0131l\u0131ndan beri bu konudaki \u00e7abalar\u0131m\u0131z \u00e7ok yo\u011funla\u015ft\u0131. Tabi bu yo\u011funla\u015ft\u0131kta d\u00fcnyadaki \u00e7\u00f6z\u00fcmleri de incelemeye ba\u015fl\u0131yorsunuz. D\u00fcnyadaki \u00e7\u00f6z\u00fcmlere bakt\u0131\u011f\u0131n\u0131z zaman da burada bununla ilgili kurulan \u00f6rg\u00fctlerle biraraya geliyorsunuz. Bu da belediye ba\u015fkanlar\u0131n\u0131n 2020 yoluna kadar kendi kentindeki gaz sal\u0131n\u0131m\u0131n\u0131 y\u00fczde 20 oran\u0131nda azalt\u0131laca\u011f\u0131na dair bir taahh\u00fct imzalan\u0131yor. Biz de belediye ba\u015fkan\u0131 olarak 2012 y\u0131l\u0131nda \u00fcye olduk. Hedefimiz 2020 y\u0131l\u0131na kadar Kad\u0131k\u00f6y&#8217;deki gaz sal\u0131n\u0131m\u0131n\u0131 y\u00fczde 20 oran\u0131nda azaltmak.&#8221;<\/p>\n<p>Anla\u015fmaya T\u00fcrkiye&#8217;den daha fazla kat\u0131l\u0131m olaca\u011f\u0131n\u0131 belirten ba\u015fkan \u00d6zt\u00fcrk, &#8220;T\u00fcrkiye&#8217;de 6 yer var ama inan\u0131yorum ki bu say\u0131 \u00e7ok fazla olacak. T\u00fcrkiye&#8217;nin yenilenebilir enerjiyi kullanmak gibi bir zorunlulu\u011fu var. Bu konuda hem h\u00fck\u00fcmet hem belediyeler \u00e7ok iyi hedefler koydu&#8221; diye konu\u015ftu.<\/p>\n<p>Kaynak: <a href=\"http:\/\/www.gazetea24.com\/yerel-basin-haber\/baskanlar-enerji-verimliligini-tartisti_11741745.html\" target=\"_blank\">Gazetea24<\/a><\/p>","protected":false},"excerpt":{"rendered":"<p>Sorry, this entry is only available in Turkish. For the sake of viewer convenience, the content is shown below in the alternative language. You may click the link to switch the active language.AB \u00fcyesi belediye ba\u015fkalar\u0131ndan olu\u015fan Covenant of Mayors\u2019un,(Belediye Ba\u015fkanlar\u0131 S\u00f6zle\u015fmesi) kapsam\u0131nda ger\u00e7ekle\u015ftirilen \u2018S\u00fcrd\u00fcr\u00fclebilir Enerji Verimlili\u011fi Toplant\u0131s\u0131 ve \u00dcst D\u00fczey Belediye Ba\u015fkanlar\u0131 Forumu\u2019, s\u00f6zle\u015femeye [&hellip;]<\/p>\n","protected":false},"author":1,"featured_media":17809,"comment_status":"open","ping_status":"open","sticky":false,"template":"","format":"standard","meta":[],"categories":[53,52],"tags":[10460,10315,63,67,1009,165,12,5415,925,10461,133,105],"views":1011,"_links":{"self":[{"href":"https:\/\/www.enerjigazetesi.ist\/en\/wp-json\/wp\/v2\/posts\/17808"}],"collection":[{"href":"https:\/\/www.enerjigazetesi.ist\/en\/wp-json\/wp\/v2\/posts"}],"about":[{"href":"https:\/\/www.enerjigazetesi.ist\/en\/wp-json\/wp\/v2\/types\/post"}],"author":[{"embeddable":true,"href":"https:\/\/www.enerjigazetesi.ist\/en\/wp-json\/wp\/v2\/users\/1"}],"replies":[{"embeddable":true,"href":"https:\/\/www.enerjigazetesi.ist\/en\/wp-json\/wp\/v2\/comments?post=17808"}],"version-history":[{"count":2,"href":"https:\/\/www.enerjigazetesi.ist\/en\/wp-json\/wp\/v2\/posts\/17808\/revisions"}],"predecessor-version":[{"id":17811,"href":"https:\/\/www.enerjigazetesi.ist\/en\/wp-json\/wp\/v2\/posts\/17808\/revisions\/17811"}],"wp:featuredmedia":[{"embeddable":true,"href":"https:\/\/www.enerjigazetesi.ist\/en\/wp-json\/wp\/v2\/media\/17809"}],"wp:attachment":[{"href":"https:\/\/www.enerjigazetesi.ist\/en\/wp-json\/wp\/v2\/media?parent=17808"}],"wp:term":[{"taxonomy":"category","embeddable":true,"href":"https:\/\/www.enerjigazetesi.ist\/en\/wp-json\/wp\/v2\/categories?post=17808"},{"taxonomy":"post_tag","embeddable":true,"href":"https:\/\/www.enerjigazetesi.ist\/en\/wp-json\/wp\/v2\/tags?post=17808"}],"curies":[{"name":"wp","href":"https:\/\/api.w.org\/{rel}","templated":true}]}}