{"id":177986,"date":"2023-08-01T18:05:02","date_gmt":"2023-08-01T15:05:02","guid":{"rendered":"https:\/\/www.enerjigazetesi.ist\/?p=177986"},"modified":"2023-08-01T18:05:37","modified_gmt":"2023-08-01T15:05:37","slug":"temsa-elektrikli-araclardaki-tecrubesini-hafif-kamyona-tasiyor","status":"publish","type":"post","link":"https:\/\/www.enerjigazetesi.ist\/en\/temsa-elektrikli-araclardaki-tecrubesini-hafif-kamyona-tasiyor\/","title":{"rendered":"(Turkish) TEMSA Elektrikli Ara\u00e7lardaki Tecr\u00fcbesini Hafif Kamyon&#8217;a Ta\u015f\u0131yor"},"content":{"rendered":"<p class=\"qtranxs-available-languages-message qtranxs-available-languages-message-en\">Sorry, this entry is only available in <a href=\"https:\/\/www.enerjigazetesi.ist\/tr\/wp-json\/wp\/v2\/posts\/177986\" class=\"qtranxs-available-language-link qtranxs-available-language-link-tr\" title=\"Turkish\">Turkish<\/a>. For the sake of viewer convenience, the content is shown below in the alternative language. You may click the link to switch the active language.<\/p><p><\/p>\n<h2><strong>Seri \u00fcretime haz\u0131r hale getirdi\u011fi 8 farkl\u0131 ara\u00e7 modeliyle, elektrikli otob\u00fcs alan\u0131nda d\u00fcnyan\u0131n say\u0131l\u0131 \u00fcreticilerinden biri haline gelen TEMSA, hafif kamyon segmentinin simge modellerinden Fuso Canter\u2019in de elektrikli versiyonunu da T\u00fcrkiye\u2019de sat\u0131\u015fa sunacak.<\/strong><\/h2>\n<p>30 y\u0131l\u0131 a\u015fk\u0131n s\u00fcredir TEMSA distrib\u00fct\u00f6rl\u00fc\u011f\u00fcnde T\u00fcrkiye pazar\u0131nda \u00f6nemli ba\u015far\u0131lara imza atan Fuso Canter, \u015fimdi de elektrikli versiyonuyla yurt i\u00e7inde yollara \u00e7\u0131kmaya haz\u0131rlan\u0131yor. Ge\u00e7ti\u011fimiz y\u0131l yenilenen y\u00fcz\u00fcyle dikkatleri \u00fczerine \u00e7eken <strong>Fuso Canter<\/strong> ailesinin yeni elektrikli \u00fcyesi <strong>Fuso eCanter<\/strong>\u2019in <img loading=\"lazy\" class=\"alignright wp-image-177988\" src=\"https:\/\/www.enerjigazetesi.ist\/wp-content\/uploads\/2023\/08\/temsa-elektrikli-araclardaki-tecrubesini-hafif-kamyona-tasiyor.jpg\" alt=\"\" width=\"320\" height=\"240\" srcset=\"https:\/\/www.enerjigazetesi.ist\/wp-content\/uploads\/2023\/08\/temsa-elektrikli-araclardaki-tecrubesini-hafif-kamyona-tasiyor.jpg 550w, https:\/\/www.enerjigazetesi.ist\/wp-content\/uploads\/2023\/08\/temsa-elektrikli-araclardaki-tecrubesini-hafif-kamyona-tasiyor-300x225.jpg 300w, https:\/\/www.enerjigazetesi.ist\/wp-content\/uploads\/2023\/08\/temsa-elektrikli-araclardaki-tecrubesini-hafif-kamyona-tasiyor-500x375.jpg 500w, https:\/\/www.enerjigazetesi.ist\/wp-content\/uploads\/2023\/08\/temsa-elektrikli-araclardaki-tecrubesini-hafif-kamyona-tasiyor-67x50.jpg 67w\" sizes=\"(max-width: 320px) 100vw, 320px\" \/>T\u00fcrkiye\u2019deki sat\u0131\u015f ve pazarlama faaliyetlerine ili\u015fkin imza t\u00f6reni <strong>TEMSA<\/strong>\u2019n\u0131n <strong>\u0130stanbul Altunizade merkezinde<\/strong> ger\u00e7ekle\u015ftirildi.<\/p>\n<p><strong>Daimler Truck Asya Y\u00f6netim Kurulu \u00dcyesi Andreas Deuschle<\/strong> ve <strong>TEMSA CEO\u2019su Tolga Kaan Do\u011fanc\u0131o\u011flu<\/strong> aras\u0131nda imzalanan lisans anla\u015fmas\u0131 kapsam\u0131nda, Fuso eCanter\u2019in T\u00fcrkiye\u2019deki sat\u0131\u015f ve pazarlama faaliyetleri TEMSA taraf\u0131ndan y\u00fcr\u00fct\u00fclecek. \u0130lk a\u015famada 2 farkl\u0131 modelde m\u00fc\u015fterilerin be\u011fenisine sunulacak Fuso eCanter\u2019in, <strong>2024 y\u0131l\u0131n\u0131n ba\u015f\u0131ndan itibaren<\/strong> yurt i\u00e7inde sat\u0131\u015fa sunulmas\u0131 planlan\u0131yor.<\/p>\n<p>Bug\u00fcn itibar\u0131yla,\u00a0Fuso Canter\u2019in kamyon ve kamyonet segmentlerinde toplam <strong>8 farkl\u0131 modeli<\/strong> bulunuyor. <strong>Fuso eCanter\u2019in de<\/strong> <strong>\u00fcr\u00fcn gam\u0131na dahil olmas\u0131yla<\/strong> birlikte <strong>model say\u0131s\u0131 da 10\u2019a<\/strong> ula\u015facak.<\/p>\n<h3><strong>\u201cB\u00dcY\u00dcME ADIMLARIMIZA B\u0130R YEN\u0130S\u0130N\u0130 EKL\u0130YORUZ\u201d<\/strong><\/h3>\n<p>Konuyla ilgili de\u011ferlendirmelerde bulunan <strong>TEMSA CEO\u2019su Tolga Kaan Do\u011fanc\u0131o\u011flu<\/strong>, s\u00fcrd\u00fcr\u00fclebilirlik konusunun TEMSA\u2019n\u0131n gelecek vizyonunun en \u00f6nemli unsuru oldu\u011funun alt\u0131n\u0131 \u00e7izerken, <em>\u201cBug\u00fcn itibar\u0131yla otob\u00fcs segmentimizde, hem model say\u0131s\u0131 hem de teknolojik yetkinlik anlam\u0131nda d\u00fcnyan\u0131n say\u0131l\u0131 \u00fcreticileri aras\u0131nda yer al\u0131yoruz. <strong>Elektrifikasyon<\/strong> ve <strong>alternatif yak\u0131tl\u0131 ara\u00e7lar<\/strong> alan\u0131ndaki tecr\u00fcbemizi, \u015fimdi de <strong>Fuso<\/strong> ile birlikte <strong>hafif kamyon segmentine<\/strong> ta\u015f\u0131maktan dolay\u0131 \u00e7ok mutluyuz. Bundan yakla\u015f\u0131k bir y\u0131l \u00f6nce yenilenen <strong>Fuso Canter<\/strong> ara\u00e7lar\u0131m\u0131z\u0131n T\u00fcrkiye\u2019deki lansman\u0131n\u0131 yapm\u0131\u015ft\u0131k. \u015eimdi de <strong>Fuso eCanter<\/strong> ile, <strong>hafif kamyon<\/strong> alan\u0131ndaki b\u00fcy\u00fcme ad\u0131mlar\u0131m\u0131za bir yenisini ekliyoruz. Fuso Canter ara\u00e7lar\u0131m\u0131zla, uzun y\u0131llar boyunca m\u00fc\u015fterilerimize <strong>ta\u015f\u0131ma kapasitesi<\/strong> ve <strong>yak\u0131t tasarrufu<\/strong> anlam\u0131nda b\u00fcy\u00fck avantajlar sa\u011flad\u0131k. \u015eimdi de, <strong>sekt\u00f6r\u00fcm\u00fcz\u00fcn<\/strong> ve <strong>\u015fehirlerimizin<\/strong> <strong>ye\u015fil d\u00f6n\u00fc\u015f\u00fcm\u00fcne<\/strong> b\u00fcy\u00fck katk\u0131da bulunacak <strong>Fuso eCanter<\/strong> ile m\u00fc\u015fterilerimizin <strong>sahip olma maliyetini ciddi \u015fekilde d\u00fc\u015f\u00fcrerek, onlara yeni bir maliyet avantaj\u0131 imkan\u0131 sunaca\u011f\u0131z<\/strong>\u201d<\/em> dedi.<\/p>","protected":false},"excerpt":{"rendered":"<p>Sorry, this entry is only available in Turkish. For the sake of viewer convenience, the content is shown below in the alternative language. You may click the link to switch the active language. Seri \u00fcretime haz\u0131r hale getirdi\u011fi 8 farkl\u0131 ara\u00e7 modeliyle, elektrikli otob\u00fcs alan\u0131nda d\u00fcnyan\u0131n say\u0131l\u0131 \u00fcreticilerinden biri haline gelen TEMSA, hafif kamyon segmentinin [&hellip;]<\/p>\n","protected":false},"author":1,"featured_media":177988,"comment_status":"open","ping_status":"open","sticky":false,"template":"","format":"standard","meta":[],"categories":[51,53],"tags":[85081,40959,13859,110266,110268,110267,29118],"views":36,"_links":{"self":[{"href":"https:\/\/www.enerjigazetesi.ist\/en\/wp-json\/wp\/v2\/posts\/177986"}],"collection":[{"href":"https:\/\/www.enerjigazetesi.ist\/en\/wp-json\/wp\/v2\/posts"}],"about":[{"href":"https:\/\/www.enerjigazetesi.ist\/en\/wp-json\/wp\/v2\/types\/post"}],"author":[{"embeddable":true,"href":"https:\/\/www.enerjigazetesi.ist\/en\/wp-json\/wp\/v2\/users\/1"}],"replies":[{"embeddable":true,"href":"https:\/\/www.enerjigazetesi.ist\/en\/wp-json\/wp\/v2\/comments?post=177986"}],"version-history":[{"count":0,"href":"https:\/\/www.enerjigazetesi.ist\/en\/wp-json\/wp\/v2\/posts\/177986\/revisions"}],"wp:featuredmedia":[{"embeddable":true,"href":"https:\/\/www.enerjigazetesi.ist\/en\/wp-json\/wp\/v2\/media\/177988"}],"wp:attachment":[{"href":"https:\/\/www.enerjigazetesi.ist\/en\/wp-json\/wp\/v2\/media?parent=177986"}],"wp:term":[{"taxonomy":"category","embeddable":true,"href":"https:\/\/www.enerjigazetesi.ist\/en\/wp-json\/wp\/v2\/categories?post=177986"},{"taxonomy":"post_tag","embeddable":true,"href":"https:\/\/www.enerjigazetesi.ist\/en\/wp-json\/wp\/v2\/tags?post=177986"}],"curies":[{"name":"wp","href":"https:\/\/api.w.org\/{rel}","templated":true}]}}