{"id":177938,"date":"2023-07-31T12:51:21","date_gmt":"2023-07-31T09:51:21","guid":{"rendered":"https:\/\/www.enerjigazetesi.ist\/?p=177938"},"modified":"2023-07-31T12:53:30","modified_gmt":"2023-07-31T09:53:30","slug":"abdi-ibrahim-den-dusuk-karbonlu-ambalaj-stratejisi-green-harmonization","status":"publish","type":"post","link":"https:\/\/www.enerjigazetesi.ist\/en\/abdi-ibrahim-den-dusuk-karbonlu-ambalaj-stratejisi-green-harmonization\/","title":{"rendered":"(Turkish) Abdi \u0130brahim\u2019den D\u00fc\u015f\u00fck Karbonlu Ambalaj Stratejisi &#8216;Green Harmonization'"},"content":{"rendered":"<p class=\"qtranxs-available-languages-message qtranxs-available-languages-message-en\">Sorry, this entry is only available in <a href=\"https:\/\/www.enerjigazetesi.ist\/tr\/wp-json\/wp\/v2\/posts\/177938\" class=\"qtranxs-available-language-link qtranxs-available-language-link-tr\" title=\"Turkish\">Turkish<\/a>. For the sake of viewer convenience, the content is shown below in the alternative language. You may click the link to switch the active language.<\/p><p><\/p>\n<h2><strong>T\u00fcrkiye\u2019nin iyile\u015ftiren g\u00fcc\u00fc Abdi \u0130brahim, HEAL2030 s\u00fcrd\u00fcr\u00fclebilirlik stratejisi kapsam\u0131nda hayata ge\u00e7irdi\u011fi d\u00fc\u015f\u00fck karbonlu ambalaj stratejisi Green Harmonization ile d\u00fcnya ila\u00e7 sekt\u00f6r\u00fcnde bir ilke imza at\u0131yor. \u00dc\u00e7 fazdan olu\u015fan Green Harmonization stratejisi ile \u00fcr\u00fcnlerin ambalaj kaynakl\u0131 \u00e7evresel etkisini en aza indirmeyi hedeflediklerini belirten Abdi \u0130brahim Kurumsal \u0130li\u015fkiler, S\u00fcrd\u00fcr\u00fclebilirlik ve \u0130leti\u015fim Direkt\u00f6r\u00fc Dr. M. O\u011fuzcan B\u00fclb\u00fcl, \u201cProjenin ilk faz\u0131nda, d\u00fcnya ila\u00e7 sekt\u00f6r\u00fcnde bir ilke imza atarak \u015firketimizin Kapsam-3 emisyonlar\u0131n\u0131 azaltmak hedefiyle \u00fcniversite-sanayi i\u015f birli\u011fi projesi kapsam\u0131nda yapay zek\u00e2 tabanl\u0131 sezgisel bir optimizasyon algoritmas\u0131 geli\u015ftirdik. Bu algoritma ile Abdi \u0130brahim\u2019e ait blisterli \u00fcr\u00fcnlerin yar\u0131s\u0131ndan fazlas\u0131n\u0131n ambalaj boyutlar\u0131n\u0131 optimize ettik. B\u00f6ylece yakla\u015f\u0131k 500 adet dolu \u00e7\u00f6p konteyn\u0131r a\u011f\u0131rl\u0131\u011f\u0131 kadar ambalaj tasarrufu sa\u011flad\u0131k ve 91 milyon kutuluk b\u00f6l\u00fcmde ambalajdan kaynaklanan karbon emisyonunu kutu ba\u015f\u0131na %28 azaltt\u0131k. Yakla\u015f\u0131k 6 Galata Kulesi y\u00fcksekli\u011finde ah\u015fap palet azalt\u0131m\u0131 sa\u011flad\u0131k\u201d dedi.<\/strong><\/h2>\n<p>T\u00dcRK ila\u00e7 sekt\u00f6r\u00fcn\u00fcn 21 y\u0131ld\u0131r kesintisiz lideri Abdi \u0130brahim, Birle\u015fmi\u015f Milletler\u2019in S\u00fcrd\u00fcr\u00fclebilir Kalk\u0131nma Ama\u00e7lar\u0131 \u0131\u015f\u0131\u011f\u0131nda tasarlad\u0131\u011f\u0131 HEAL2030 s\u00fcrd\u00fcr\u00fclebilirlik stratejisi kapsam\u0131nda daha iyi bir <img loading=\"lazy\" class=\"alignright wp-image-177941\" src=\"https:\/\/www.enerjigazetesi.ist\/wp-content\/uploads\/2023\/07\/abdi-ibrahim-den-dusuk-karbonlu-ambalaj-stratejisi-green-harmonization.jpg\" alt=\"\" width=\"320\" height=\"250\" srcset=\"https:\/\/www.enerjigazetesi.ist\/wp-content\/uploads\/2023\/07\/abdi-ibrahim-den-dusuk-karbonlu-ambalaj-stratejisi-green-harmonization.jpg 550w, https:\/\/www.enerjigazetesi.ist\/wp-content\/uploads\/2023\/07\/abdi-ibrahim-den-dusuk-karbonlu-ambalaj-stratejisi-green-harmonization-300x235.jpg 300w, https:\/\/www.enerjigazetesi.ist\/wp-content\/uploads\/2023\/07\/abdi-ibrahim-den-dusuk-karbonlu-ambalaj-stratejisi-green-harmonization-500x391.jpg 500w, https:\/\/www.enerjigazetesi.ist\/wp-content\/uploads\/2023\/07\/abdi-ibrahim-den-dusuk-karbonlu-ambalaj-stratejisi-green-harmonization-64x50.jpg 64w\" sizes=\"(max-width: 320px) 100vw, 320px\" \/>gelecek i\u00e7in ad\u0131mlar atmaya devam ediyor. Mottosu <strong>\u201cGelece\u011fi \u0130yile\u015ftirmek\u201d,<\/strong> temel hedefi de daha az kaynak kullanarak payda\u015flar\u0131 i\u00e7in daha fazla de\u011fer yaratmak olan <strong>HEAL2030 stratejisi<\/strong> kapsam\u0131nda geni\u015f bir yelpazede \u00e7ok say\u0131da proje tasarlayan Abdi \u0130brahim\u2019in, bu alandaki en \u00f6nemli ad\u0131mlar\u0131ndan biri de d\u00fc\u015f\u00fck karbonlu ambalaj stratejisi \u201cGreen Harmonization\u201d oldu.<\/p>\n<p>B\u00fct\u00fcnc\u00fcl bir bak\u0131\u015f a\u00e7\u0131s\u0131yla olu\u015fturulan \u201cHEAL2030 stratejisinin \u00e7evre ba\u015fl\u0131\u011f\u0131 alt\u0131nda hayata ge\u00e7en en \u00f6zel projelerden biri olan <strong>\u201cGreen Harmonization\u201d<\/strong>, <strong>\u201cShrink \u2013 Switch \u2013 Recycle\u201d<\/strong> (k\u00fc\u00e7\u00fclt, de\u011fi\u015ftir ve geri d\u00f6n\u00fc\u015ft\u00fcr) olmak \u00fczere \u00fc\u00e7 faz \u00fczerinde \u015fekilleniyor.<\/p>\n<h3><strong>150 hanenin y\u0131ll\u0131k elektrik t\u00fcketimi kadar enerji tasarrufu<\/strong><strong><br \/>\n<\/strong><\/h3>\n<p>Abdi \u0130brahim, Green Harmonization stratejisinin<strong>\u00a0<\/strong>\u2018Shrink\u2019 (K\u00fc\u00e7\u00fclt) olarak adland\u0131r\u0131lan birinci faz\u0131nda, d\u00fcnya ila\u00e7 sekt\u00f6r\u00fcnde ilk defa, amac\u0131 \u015firketin <strong>Kapsam-3 emisyonlar\u0131nda minimum yat\u0131r\u0131m maliyeti<\/strong> ile <strong>azami \u00f6l\u00e7\u00fcde d\u00fc\u015f\u00fc\u015f yaratmak<\/strong> olan bir algoritma geli\u015ftirdi. Bir \u00fcniversite-sanayi projesiyle geli\u015ftirilen bu yapay zek\u00e2 tabanl\u0131 sezgisel optimizasyon algoritma sayesinde, <strong>ayn\u0131 miktarda ila\u00e7 daha az ambalaj<\/strong> ve <strong>daha az kaynak kullanarak<\/strong> \u00fcretilebilir hale geldi. \u00dcretim s\u00fcrecinde kullan\u0131lan baz\u0131 kal\u0131plar\u0131n kullan\u0131m\u0131na son verilmesi, baz\u0131lar\u0131n\u0131n tek bir kal\u0131ba indirgenmesi, belirli say\u0131da yeni kal\u0131p ve yeni hat \u00e7izelgeleme \u00f6nerileri olarak \u00f6zetleyebilece\u011fimiz optimizasyon \u00e7\u0131kt\u0131lar\u0131n\u0131n uygulamaya al\u0131nmas\u0131yla, Abdi \u0130brahim<strong> ruhsatl\u0131 26 blisterli \u00fcr\u00fcn\u00fcn\u00fcn \u00fcretiminde<\/strong> \u00f6nemli kazan\u0131mlar elde edilmi\u015ftir. Buna g\u00f6re; <strong>\u015firket \u00fcretim hatlar\u0131nda sa\u011flanan<\/strong> <strong>verimlilik art\u0131\u015f\u0131<\/strong> sayesinde <strong>6 haftal\u0131k bir ek kapasite yarat\u0131lmas\u0131n\u0131n<\/strong> yan\u0131 s\u0131ra <strong>179 ton ambalaj tasarrufu<\/strong>, <strong>ambalaj kaynakl\u0131 karbon emisyonunda<\/strong> kutu ba\u015f\u0131na<strong> %28<\/strong> azalt\u0131m, <strong>150 hanenin y\u0131ll\u0131k elektrik t\u00fcketimi kadar<\/strong> enerji tasarrufu ve <strong>2.500 adet ah\u015fap palet azalt\u0131m\u0131<\/strong> sa\u011flanarak<strong> 90 kg<\/strong> \u00fcretim at\u0131\u011f\u0131n\u0131n da \u00f6n\u00fcne ge\u00e7ilerek <strong>y\u0131ll\u0131k yakla\u015f\u0131k 1 milyon Euro de\u011ferinde<\/strong> tasarruf sa\u011flanm\u0131\u015ft\u0131r.<\/p>\n<h3><strong>\u0130kinci faz i\u00e7in de \u00fcniversite-sanayi i\u015f birli\u011fi<\/strong><\/h3>\n<p>Proje hakk\u0131nda bilgi veren <strong>Abdi \u0130brahim Kurumsal \u0130li\u015fkiler, S\u00fcrd\u00fcr\u00fclebilirlik ve \u0130leti\u015fim <img loading=\"lazy\" class=\"alignleft wp-image-177940\" src=\"https:\/\/www.enerjigazetesi.ist\/wp-content\/uploads\/2023\/07\/1690785024_Dr._M._O__uzcan_B__lb__l_.jpg\" alt=\"\" width=\"320\" height=\"406\" srcset=\"https:\/\/www.enerjigazetesi.ist\/wp-content\/uploads\/2023\/07\/1690785024_Dr._M._O__uzcan_B__lb__l_.jpg 378w, https:\/\/www.enerjigazetesi.ist\/wp-content\/uploads\/2023\/07\/1690785024_Dr._M._O__uzcan_B__lb__l_-236x300.jpg 236w, https:\/\/www.enerjigazetesi.ist\/wp-content\/uploads\/2023\/07\/1690785024_Dr._M._O__uzcan_B__lb__l_-315x400.jpg 315w, https:\/\/www.enerjigazetesi.ist\/wp-content\/uploads\/2023\/07\/1690785024_Dr._M._O__uzcan_B__lb__l_-39x50.jpg 39w\" sizes=\"(max-width: 320px) 100vw, 320px\" \/>Direkt\u00f6r\u00fc Dr. M. O\u011fuzcan B\u00fclb\u00fcl\u00a0<\/strong>\u015funlar\u0131 s\u00f6yledi:<em>\u201cStratejimizin \u00e7evre ba\u015fl\u0131\u011f\u0131ndaki en \u00f6nemli hedefi 2030\u2019da karbon n\u00f6tr bir \u015firket olmak. Bu do\u011frultuda ya\u015fad\u0131\u011f\u0131m\u0131z \u00e7evre \u00fczerindeki etkimizi minimuma indirmek ve daha iyi bir gelecek i\u00e7in <strong>inovasyon, dijital d\u00f6n\u00fc\u015f\u00fcm<\/strong> ve <strong>s\u00fcrd\u00fcr\u00fclebilirlik ekseni<\/strong> etraf\u0131nda konumland\u0131rd\u0131\u011f\u0131m\u0131z \u00e7ok say\u0131da proje hayata ge\u00e7iriyoruz. <strong>\u2018Green Harmonization\u2019<\/strong> projemizin<strong> ikinci faz\u0131<\/strong> olan <strong>\u2018Switch\u2019 (De\u011fi\u015ftir)<\/strong> kapsam\u0131nda daha az karbon emisyonuna neden olan<strong> biyobozunur polimer i\u00e7erikli ambalajlara<\/strong> ge\u00e7meyi hedefliyoruz.<\/em><\/p>\n<p><em>Projemizin \u2018Recycle\u2019 (Geri D\u00f6n\u00fc\u015ft\u00fcr) olarak adland\u0131rd\u0131\u011f\u0131m\u0131z ve hayata ge\u00e7irilebilmesi i\u00e7in yeni yasal d\u00fczenlemelere ihtiya\u00e7 duyulan \u00fc\u00e7\u00fcnc\u00fc faz\u0131nda ise biyobozunur ambalajlara sahip hale gelen \u00fcr\u00fcnlerimizin <strong>bertaraf edilmesi a\u015famas\u0131nda ekonomiye geri kazand\u0131r\u0131lmas\u0131<\/strong> ve k\u0131smi de olsa <strong>ila\u00e7 sekt\u00f6r\u00fcnde bir d\u00f6ng\u00fcsellik yarat\u0131lmas\u0131<\/strong> hedeflenmektedir.<\/em><\/p>\n<p><em>111 y\u0131ll\u0131k k\u00f6kl\u00fc ge\u00e7mi\u015fimizin ve 21 y\u0131ld\u0131r T\u00fcrk ila\u00e7 sekt\u00f6r\u00fcne liderlik etmenin sorumlulu\u011fuyla, daha az kaynak kullanarak daha fazla de\u011fer yaratma hedefimize emin ad\u0131mlarla y\u00fcr\u00fcmeye devam ediyoruz. Ayn\u0131 zamanda, global olarak ya\u015fanan <strong>ye\u015fil d\u00f6n\u00fc\u015f\u00fcm s\u00fcrecinin bir par\u00e7as\u0131 olmak<\/strong> i\u00e7in var g\u00fcc\u00fcm\u00fczle \u00e7al\u0131\u015f\u0131yoruz.\u201d<\/em><\/p>","protected":false},"excerpt":{"rendered":"<p>Sorry, this entry is only available in Turkish. For the sake of viewer convenience, the content is shown below in the alternative language. You may click the link to switch the active language. T\u00fcrkiye\u2019nin iyile\u015ftiren g\u00fcc\u00fc Abdi \u0130brahim, HEAL2030 s\u00fcrd\u00fcr\u00fclebilirlik stratejisi kapsam\u0131nda hayata ge\u00e7irdi\u011fi d\u00fc\u015f\u00fck karbonlu ambalaj stratejisi Green Harmonization ile d\u00fcnya ila\u00e7 sekt\u00f6r\u00fcnde bir [&hellip;]<\/p>\n","protected":false},"author":1,"featured_media":177941,"comment_status":"open","ping_status":"open","sticky":false,"template":"","format":"standard","meta":[],"categories":[53],"tags":[18048,110258,103717,110257,5724],"views":35,"_links":{"self":[{"href":"https:\/\/www.enerjigazetesi.ist\/en\/wp-json\/wp\/v2\/posts\/177938"}],"collection":[{"href":"https:\/\/www.enerjigazetesi.ist\/en\/wp-json\/wp\/v2\/posts"}],"about":[{"href":"https:\/\/www.enerjigazetesi.ist\/en\/wp-json\/wp\/v2\/types\/post"}],"author":[{"embeddable":true,"href":"https:\/\/www.enerjigazetesi.ist\/en\/wp-json\/wp\/v2\/users\/1"}],"replies":[{"embeddable":true,"href":"https:\/\/www.enerjigazetesi.ist\/en\/wp-json\/wp\/v2\/comments?post=177938"}],"version-history":[{"count":0,"href":"https:\/\/www.enerjigazetesi.ist\/en\/wp-json\/wp\/v2\/posts\/177938\/revisions"}],"wp:featuredmedia":[{"embeddable":true,"href":"https:\/\/www.enerjigazetesi.ist\/en\/wp-json\/wp\/v2\/media\/177941"}],"wp:attachment":[{"href":"https:\/\/www.enerjigazetesi.ist\/en\/wp-json\/wp\/v2\/media?parent=177938"}],"wp:term":[{"taxonomy":"category","embeddable":true,"href":"https:\/\/www.enerjigazetesi.ist\/en\/wp-json\/wp\/v2\/categories?post=177938"},{"taxonomy":"post_tag","embeddable":true,"href":"https:\/\/www.enerjigazetesi.ist\/en\/wp-json\/wp\/v2\/tags?post=177938"}],"curies":[{"name":"wp","href":"https:\/\/api.w.org\/{rel}","templated":true}]}}