{"id":177782,"date":"2023-07-26T20:42:39","date_gmt":"2023-07-26T17:42:39","guid":{"rendered":"https:\/\/www.enerjigazetesi.ist\/?p=177782"},"modified":"2023-07-26T20:48:25","modified_gmt":"2023-07-26T17:48:25","slug":"enerji-depolama-ile-turkiyede-gunes-artik-hic-batmayacak","status":"publish","type":"post","link":"https:\/\/www.enerjigazetesi.ist\/en\/enerji-depolama-ile-turkiyede-gunes-artik-hic-batmayacak\/","title":{"rendered":"(Turkish) Enerji Depolama ile &#8220;T\u00fcrkiye\u2019de G\u00fcne\u015f Art\u0131k Hi\u00e7 Batmayacak&#8221;"},"content":{"rendered":"<p class=\"qtranxs-available-languages-message qtranxs-available-languages-message-en\">Sorry, this entry is only available in <a href=\"https:\/\/www.enerjigazetesi.ist\/tr\/wp-json\/wp\/v2\/posts\/177782\" class=\"qtranxs-available-language-link qtranxs-available-language-link-tr\" title=\"Turkish\">Turkish<\/a>. For the sake of viewer convenience, the content is shown below in the alternative language. You may click the link to switch the active language.<\/p><p><\/p>\n<h2><strong>D\u00fcnya ve \u00fclkemiz iklim de\u011fi\u015fikli\u011finin olumsuz etkilerinden biri olan a\u015f\u0131r\u0131 s\u0131caklarla bo\u011fu\u015furken; T\u00fcrkiye\u2019nin sahip oldu\u011fu g\u00fcne\u015f enerjisi varl\u0131\u011f\u0131n\u0131 s\u00fcrd\u00fcr\u00fclebilir ve depolanabilir k\u0131lan \u00e7\u00f6z\u00fcmler sunarak; hem \u00fcretimde enerji maliyetlerini azaltacak, hem de iklim de\u011fi\u015fikli\u011fi ile m\u00fccadeleye katk\u0131 sa\u011flayacak Solar+Storage NX Fuar\u0131, 31 A\u011fustos-02 Eyl\u00fcl tarihleri aras\u0131nda \u0130stanbul\u2019da T\u00fcyap Fuar ve Kongre Merkezi\u2019nde ziyarete a\u00e7\u0131l\u0131yor.<\/strong><\/h2>\n<p><strong>G\u00fcne\u015f Enerjisi Sanayicileri ve End\u00fcstrisi Derne\u011fi GENSED<\/strong> i\u015f birli\u011fi ile<strong> Solis Fuarc\u0131l\u0131k<\/strong> taraf\u0131ndan d\u00fczenlenen <strong>Solar+Storage NX Fuar\u0131<\/strong>\u2019nda <strong>12<\/strong> \u00fclkeden <strong>100\u2019\u00fc a\u015fk\u0131n firma<\/strong> yer al\u0131rken, Amerika, Avrupa, Asya ve Afrika k\u0131talar\u0131ndan 51 \u00fclkeden 10 bini a\u015fk\u0131n sekt\u00f6r profesyoneli ziyaret\u00e7i a\u011f\u0131rlanacak. <strong>9 bin 500 m2<\/strong> b\u00fcy\u00fckl\u00fc\u011f\u00fcndeki fuar alan\u0131nda,<em> G\u00fcne\u015f Enerjisi Sistemleri, Enerji Depolama Teknolojileri, M\u00fchendislik, Tedarik ve \u0130n\u015faat, EPC Projeleri, Dijitalizasyon, Ak\u0131ll\u0131 Enerji \u00c7\u00f6z\u00fcmleri ve E-Mobilite \u00fcr\u00fcn gruplar\u0131<\/em> sergilenecek. Solar+Storage NX Fuar\u0131, kamu kurulu\u015flar\u0131, belediyeler, enerji depolama yat\u0131r\u0131mc\u0131lar\u0131, lisansl\u0131\/lisanss\u0131z elektrik \u00fcreticileri, g\u00fcne\u015f enerjisi yat\u0131r\u0131mc\u0131lar\u0131, End\u00fcstriyel veya Ticari Tesis Y\u00f6neticileri, proje geli\u015ftiriciler, tar\u0131m, ula\u015f\u0131m, turizm gibi pek \u00e7ok sekt\u00f6rden geni\u015f yelpazede sekt\u00f6r profesyoneli ziyaret\u00e7inin odak noktas\u0131 olacak.<\/p>\n<h3><strong>K\u0131talararas\u0131 ticaret ortakl\u0131\u011f\u0131 ile Al\u0131m Heyetleri yeni yat\u0131r\u0131m f\u0131rsatlar\u0131 sunacak<\/strong><\/h3>\n<p>\u0130hracata odaklanan <strong>Solar+Storage NX Fuar\u0131 Al\u0131m Heyeti Program\u0131<\/strong> kapsam\u0131nda; ihracat\u00e7\u0131 firmalar, CIS \u00fclkeleri, Balkanlar, Avrupa, Ortado\u011fu ve Afrika ba\u015fta olmak \u00fczere hedef pazar \u00fclkelerden gelen<strong> 300\u2019\u00fc a\u015fk\u0131n<\/strong> <strong>uluslararas\u0131 sat\u0131n alma heyetleri<\/strong> ile <strong>ikili i\u015f g\u00f6r\u00fc\u015fmeleri f\u0131rsatlar\u0131<\/strong> sunulacak. Ayr\u0131ca, k\u0131talararas\u0131 ticaret ortakl\u0131\u011f\u0131 ile <strong>12 Afrika<\/strong> \u00fclkesinden gelecek <strong>30 ki\u015filik \u00f6zel nitelikli Al\u0131m ve Ticaret Heyeti\u2019nin<\/strong>, <strong>T\u00fcrk firmalar\u0131<\/strong> ile <strong>yeni yat\u0131r\u0131m-ticaret ad\u0131mlar\u0131<\/strong> atmas\u0131 bekleniyor.<\/p>\n<h3><strong>G\u00fcne\u015f enerjisi ile T\u00fcrkiye s\u0131f\u0131r karbon hedefine daha da yak\u0131nla\u015facak<\/strong><\/h3>\n<p>Yakla\u015fan Solar+Storage NX Fuar\u0131 hakk\u0131nda bilgi veren <strong>Solis Fuarc\u0131l\u0131k ve Dan\u0131\u015fmanl\u0131k Hizmetleri <img loading=\"lazy\" class=\"alignright wp-image-177785\" src=\"https:\/\/www.enerjigazetesi.ist\/wp-content\/uploads\/2023\/07\/Solis-Fuarcilik-ve-Danismanlik-Hizmetleri-A.S.-Genel-Muduru-Feraye-Gurel-1.jpg\" alt=\"\" width=\"320\" height=\"245\" srcset=\"https:\/\/www.enerjigazetesi.ist\/wp-content\/uploads\/2023\/07\/Solis-Fuarcilik-ve-Danismanlik-Hizmetleri-A.S.-Genel-Muduru-Feraye-Gurel-1.jpg 478w, https:\/\/www.enerjigazetesi.ist\/wp-content\/uploads\/2023\/07\/Solis-Fuarcilik-ve-Danismanlik-Hizmetleri-A.S.-Genel-Muduru-Feraye-Gurel-1-300x230.jpg 300w, https:\/\/www.enerjigazetesi.ist\/wp-content\/uploads\/2023\/07\/Solis-Fuarcilik-ve-Danismanlik-Hizmetleri-A.S.-Genel-Muduru-Feraye-Gurel-1-65x50.jpg 65w, https:\/\/www.enerjigazetesi.ist\/wp-content\/uploads\/2023\/07\/Solis-Fuarcilik-ve-Danismanlik-Hizmetleri-A.S.-Genel-Muduru-Feraye-Gurel-1-260x200.jpg 260w\" sizes=\"(max-width: 320px) 100vw, 320px\" \/>A.\u015e. Genel M\u00fcd\u00fcr\u00fc Feraye G\u00fcrel<\/strong>,<em>\u201cSolar+Storage NX, g\u00fcne\u015f enerjisi ve enerji depolama \u00e7\u00f6z\u00fcmlerinin ve teknolojilerinin geli\u015fimine katk\u0131da bulunarak, iklim de\u011fi\u015fikli\u011fi ile m\u00fccadeleye ve \u00fclkemizin ye\u015fil mutabakat kapsam\u0131nda s\u0131f\u0131r karbon hedefine ula\u015fmada \u00fczerine d\u00fc\u015fen sorumlulu\u011fu en iyi \u015fekilde yerine getirmesinde kolayla\u015ft\u0131r\u0131c\u0131 rol \u00fcstleniyor\u201d<\/em> dedi. <strong>G\u00fcrel<\/strong>, T\u00fcrkiye\u2019nin tek g\u00fcne\u015f enerjisi ve depolama fuar\u0131 olarak sekt\u00f6re y\u00f6n verme misyonu \u00fcstlendiklerini belirtti ve Solar+Storage NX Fuar\u0131\u2019n\u0131n, yat\u0131r\u0131mc\u0131larla proje geli\u015ftiricilerini, t\u00fcketicilerle arz sahiplerini ve kamu karar al\u0131c\u0131lar\u0131 ile enerji sekt\u00f6r\u00fcn\u00fc ayn\u0131 a\u011f i\u00e7inde bulu\u015fturarak; uzun vadeli kal\u0131c\u0131 i\u015f birliklerine ve ticari anla\u015fmalara imk\u00e2n yaratan f\u0131rsatlar yarataca\u011f\u0131n\u0131 kaydetti.<\/p>\n<h3><strong>NextGen E-Mobility + Charge Expo &amp; Summit Fuar\u0131 ve Zirvesi e\u015f zamanl\u0131 d\u00fczenleniyor<\/strong><\/h3>\n<p><strong>G\u00fcrel<\/strong>, Solar+Storage NX Fuar\u0131 ile e\u015f zamanl\u0131 olarak <strong>TEHAD<\/strong>\u2019\u0131n deste\u011fiyle ger\u00e7ekle\u015fecek <strong>NextGen E-Mobility + Charge Expo &amp; Summit Fuar\u0131 ve Zirvesi<\/strong> hakk\u0131nda da bilgilendirmede bulundu. Fuar\u0131n <strong>elektrikli ara\u00e7 \u015farj altyap\u0131s\u0131<\/strong> ile <strong>E-Mobilite end\u00fcstrisinin<\/strong> gereksinimlerini oda\u011f\u0131na alaca\u011f\u0131na dikkat \u00e7ekti ve \u201cNextGen E-Mobility + Charge Expo &amp; Summit Fuar\u0131 ve Zirvesi\u2019nde 12 \u00fclkeden 100\u2019\u00fc a\u015fk\u0131n kat\u0131l\u0131mc\u0131 firman\u0131n yer alaca\u011f\u0131n\u0131 ve 10 binden fazla sekt\u00f6r profesyonelinin ziyaret etmesinin beklendi\u011fini ifade etti. Zirve kapsam\u0131nda d\u00fczenlenecek etkinliklere 100\u2019\u00fc a\u015fk\u0131n uluslararas\u0131 ve ulusal d\u00fczeyde uzman konu\u015fmac\u0131 kat\u0131lacak.<\/p>\n<h3><strong>Sekt\u00f6rden fuara yo\u011fun ilgi ve kat\u0131l\u0131m devam ediyor<\/strong><\/h3>\n<p>GENSED i\u015fbirli\u011fi ile d\u00fczenlenen Solar+Storage NX Fuar\u0131\u2019n\u0131n daha ilk y\u0131l\u0131nda sekt\u00f6r\u00fcn yo\u011fun ilgisini kazand\u0131\u011f\u0131n\u0131 ifade eden <strong>G\u00fcrel<\/strong>, \u201cHSA Grup, Asunim Grup, HENSEL, EFES Enerji, Daxler Energy, JA Solar, Dron Market, Avenof, Alkan Kablo gibi \u00e7ok say\u0131da firma fuar\u0131m\u0131zda yer al\u0131yor\u201d dedi. <strong>G\u00fcrel<\/strong>, fuara paralel olarak Enerji ve T\u00fcrk i\u015f d\u00fcnyas\u0131 liderlerinin kat\u0131l\u0131m\u0131yla 31 A\u011fustos ve 01 Eyl\u00fcl\u2019de\u00a0 T\u00dcYAP Palace Hotel\u2019de GENSED i\u015fbirli\u011fi ve konferans i\u00e7erik orta\u011f\u0131 d\u00fcnyan\u0131n en sayg\u0131n solar teknoloji dergisi <strong><u>PV Magazine Grup\u2019un<\/u><\/strong> stratejik ortakl\u0131\u011f\u0131 ile Solis Renewable Hub taraf\u0131ndan<strong> Solar+Storage Exclusive Forum<\/strong> d\u00fczenlenece\u011fini belirtti.<\/p>\n<h3><strong>African Turkish United Sisterhood oturumlar\u0131 T\u00fcrk ve Afrikal\u0131 kad\u0131n liderleri biraraya getirecek<\/strong><\/h3>\n<p><strong>Solis Fuarc\u0131l\u0131k ve Dan\u0131\u015fmanl\u0131k Hizmetleri A.\u015e. Genel M\u00fcd\u00fcr\u00fc Feraye G\u00fcrel <\/strong>\u015f\u00f6yle devam etti: \u201c\u0130klim krizine y\u00f6nelik \u00e7\u00f6z\u00fcm \u00f6nerileri Solar+Storage NX\u2019de sergilenecek ve konu\u015fulacak. Bu kapsamda \u00e7ok \u00f6zel bir oturumumuz da var. T\u00fcrkiye\u2019de yenilenebilir enerji sekt\u00f6r\u00fc ba\u015fta olmak \u00fczere enerji sekt\u00f6r\u00fcn\u00fcn geli\u015fiminde aktif rol alan kad\u0131n profesyonellerin ileti\u015fim grubu; TWRE &#8211; Yenilenebilir Enerji ve Enerji Sekt\u00f6r\u00fc T\u00fcrk Kad\u0131nlar\u0131 ile enerji sekt\u00f6r\u00fcndeki Afrikal\u0131 i\u015f kad\u0131nlar\u0131n\u0131n daha ba\u015far\u0131l\u0131 ve g\u00fc\u00e7l\u00fc olmas\u0131 i\u00e7in kurulan olu\u015fum; AWEap \u2013 Enerji ve G\u00fc\u00e7 Sekt\u00f6r\u00fc Afrikal\u0131 Kad\u0131nlar\u0131, African Turkish United Sisterhood\u2019 oturumlar\u0131nda bir araya gelecek\u201d.<\/p>\n<h3><strong>Dealroom Hibrit Fuar Platformu ile randevu talebinden, \u015firket tan\u0131t\u0131m\u0131na her\u015fey elinizin alt\u0131nda<\/strong><\/h3>\n<p>Dealroom Hibrit Fuar Platformu, Solar+Storage NX Fuar\u0131\u2019n\u0131n kat\u0131l\u0131mc\u0131 ve ziyaret\u00e7ilerine sa\u011flad\u0131\u011f\u0131 f\u0131rsatlardan sadece biri. Kat\u0131l\u0131mc\u0131 ve ziyaret\u00e7iler bu alanda kendi \u015firket ve \u00fcr\u00fcnleri hakk\u0131nda bilgiler i\u00e7eren sayfalar olu\u015fturabiliyor veya var olan \u015firket sosyal medya hesaplar\u0131, \u015firket web linklerini entegre edebiliyor, <strong>B2B g\u00f6r\u00fc\u015fmeler<\/strong> i\u00e7in <strong>randevu<\/strong> talep edebiliyor, fuar esnas\u0131nda Deal Room Mobil aplikasyonunun kullanarak ziyarete gelenlerin yaka kart\u0131 \u00fczerindeki <strong>QR kodu<\/strong> okutarak ki\u015fisel verilerini kay\u0131t alt\u0131nda toplayabiliyor. Hatta <strong>Deal Room platformu<\/strong> \u00fczerinden kaydolan t\u00fcm ziyaret\u00e7ilerin <strong>ki\u015fisel bilgilerini<\/strong> g\u00f6r\u00fcnt\u00fcleyebiliyor.<\/p>\n<h3><strong>20\u2019den fazla stratejik partner destekliyor<\/strong><\/h3>\n<p>Sekt\u00f6r\u00fc temsil eden bakanl\u0131klar, kamu kurulu\u015flar\u0131, i\u015f d\u00fcnyas\u0131 ve sivil toplum \u00f6rg\u00fctleri ile g\u00fc\u00e7l\u00fc i\u015f birlikleri kuran Solar+Storage NX Fuar\u0131, T.C. Enerji ve Tabii Kaynaklar Bakanl\u0131\u011f\u0131 ve Ticaret Bakanl\u0131\u011f\u0131 ba\u015fta olmak \u00fczere <strong>EPDK, EP\u0130A\u015e<\/strong> deste\u011fi, <strong>GENSED<\/strong> i\u015fbirli\u011fi ve <strong>AK\u00dcDER, \u00c7EDB\u0130K, ETD, G\u00dcYAD, M\u00dcS\u0130AD, TENVA, T\u00dcROB<\/strong>\u2019un stratejik partnerli\u011fi ile d\u00fczenleniyor. Efes Enerji \u201cAna Konferans Salonu\u201d sponsorlu\u011funu \u00fcstlenirken, Kontek Enerji \u201cEPC\u201d sponsorlu\u011funu, HSA Enerji \u201cSolar Panel Teknoloji\u201d sponsorlu\u011funu, Dron Market \u201cDron Teknoloji\u201d sponsorlu\u011funu ve Loggma Digital Energy Solutions da \u201cBig Data\u201d sponsorlu\u011fu ile Solar+Storage NX Fuar\u0131\u2019n\u0131n \u00f6nemli kat\u0131l\u0131mc\u0131lar\u0131 aras\u0131nda yer al\u0131yor.<\/p>\n<h3><strong>Solar Challenge \u015fampiyonunu se\u00e7iyoruz<\/strong><\/h3>\n<p>Solar+Storage NX Fuar\u0131 HSA Enerji, K\u0131ra\u00e7 Metal, Odin Safety sponsorlu\u011funda \u201cSolar Challenge\u201d yar\u0131\u015fmas\u0131na da ev sahipli\u011fi yapacak. \u00c7at\u0131 GES Kurulum Ekipleri, \u00e7at\u0131 format\u0131ndaki al\u00fcminyum konstr\u00fcksiyon \u00fczerine 4 adet g\u00fcne\u015f panelini en k\u0131sa s\u00fcrede monte eden tak\u0131m\u0131 belirlemek \u00fczere k\u0131yas\u0131ya yar\u0131\u015facak. <strong>Technicall &#8211; Kerem \u00c7illi moderat\u00f6rl\u00fc\u011f\u00fcnde<\/strong> ger\u00e7ekle\u015fecek renkli ve e\u011flenceli yar\u0131\u015fma, <strong>her g\u00fcn 10 tak\u0131m\u0131n<\/strong> rekabetine sahne olacak. G\u00fcn\u00fcn h\u0131zl\u0131 tak\u0131m\u0131 olmay\u0131 ba\u015faran ekip <strong>s\u00fcrpriz hediyeler<\/strong> kazanacak ve <strong>Solar Challenge \u015fampiyonu<\/strong> unvan\u0131na sahip olacak.<\/p>\n<h3><strong>RES ve GES ba\u015fvurular\u0131n\u0131n pazara 40-45 milyar dolarl\u0131k yat\u0131r\u0131m olarak yans\u0131mas\u0131 bekleniyor<\/strong><\/h3>\n<p><strong>GENSED\u2019in Bas\u0131n ve Medya \u0130\u015flerinden Sorumlu Ba\u015fkan Yard\u0131mc\u0131s\u0131, Zeynep<\/strong> <strong>Can<\/strong>\u2019\u0131n verdi\u011fi bilgiye g\u00f6re; 2035 Ulusal Enerji Plan\u0131\u2019na g\u00f6re; \u00fclkemizin GES Kurulu g\u00fcc\u00fcn\u00fcn 53.000 MWe, RES Kurulu g\u00fcc\u00fcn\u00fcn ise 30.000 MWe olmas\u0131 hedefleniyor. H\u0131z kazanan yat\u0131r\u0131mlar ile bug\u00fcn GES kurulu g\u00fcc\u00fc <strong>10 bin megavata<\/strong> ula\u015fan T\u00fcrkiye\u2019nin GES\u2019de \u00f6n\u00fcm\u00fczdeki 12 sene i\u00e7inde yakla\u015f\u0131k <strong>6 kat<\/strong>, RES de yakla\u015f\u0131k <strong>2,5 kat <\/strong>b\u00fcy\u00fcme rakamlar\u0131na ula\u015fmas\u0131 \u00f6ng\u00f6r\u00fcl\u00fcyor. <strong>\u015eubat 2022<\/strong>\u2019de yay\u0131mlanan <strong>Cumhurba\u015fkan\u0131 Karar\u0131<\/strong> sonras\u0131ndaki <strong>15 ayl\u0131k<\/strong> s\u00fcre\u00e7te,<strong> 3 bin 818<\/strong> i\u015fletme, <strong>4 bin 600 MWe<\/strong> g\u00fcc\u00fcnde <strong>lisanss\u0131z<\/strong> <strong>GES<\/strong> ve <strong>RES<\/strong> yat\u0131r\u0131m\u0131 i\u00e7in<strong> te\u015fvik belgesi<\/strong> ald\u0131. Yan sanayi ve teknoloji yat\u0131r\u0131mlar\u0131yla birlikte EPDK\u2019ya yap\u0131lan <strong>depolamal\u0131 RES ve GES<\/strong> ba\u015fvurular\u0131n\u0131n pazara <strong>40-45 milyar dolarl\u0131k<\/strong> yat\u0131r\u0131m olarak yans\u0131mas\u0131 bekleniyor.<\/p>","protected":false},"excerpt":{"rendered":"<p>Sorry, this entry is only available in Turkish. For the sake of viewer convenience, the content is shown below in the alternative language. You may click the link to switch the active language. D\u00fcnya ve \u00fclkemiz iklim de\u011fi\u015fikli\u011finin olumsuz etkilerinden biri olan a\u015f\u0131r\u0131 s\u0131caklarla bo\u011fu\u015furken; T\u00fcrkiye\u2019nin sahip oldu\u011fu g\u00fcne\u015f enerjisi varl\u0131\u011f\u0131n\u0131 s\u00fcrd\u00fcr\u00fclebilir ve depolanabilir k\u0131lan [&hellip;]<\/p>\n","protected":false},"author":1,"featured_media":177787,"comment_status":"open","ping_status":"open","sticky":false,"template":"","format":"standard","meta":[],"categories":[51,53,49],"tags":[2258,2326,13,275,110053],"views":55,"_links":{"self":[{"href":"https:\/\/www.enerjigazetesi.ist\/en\/wp-json\/wp\/v2\/posts\/177782"}],"collection":[{"href":"https:\/\/www.enerjigazetesi.ist\/en\/wp-json\/wp\/v2\/posts"}],"about":[{"href":"https:\/\/www.enerjigazetesi.ist\/en\/wp-json\/wp\/v2\/types\/post"}],"author":[{"embeddable":true,"href":"https:\/\/www.enerjigazetesi.ist\/en\/wp-json\/wp\/v2\/users\/1"}],"replies":[{"embeddable":true,"href":"https:\/\/www.enerjigazetesi.ist\/en\/wp-json\/wp\/v2\/comments?post=177782"}],"version-history":[{"count":0,"href":"https:\/\/www.enerjigazetesi.ist\/en\/wp-json\/wp\/v2\/posts\/177782\/revisions"}],"wp:featuredmedia":[{"embeddable":true,"href":"https:\/\/www.enerjigazetesi.ist\/en\/wp-json\/wp\/v2\/media\/177787"}],"wp:attachment":[{"href":"https:\/\/www.enerjigazetesi.ist\/en\/wp-json\/wp\/v2\/media?parent=177782"}],"wp:term":[{"taxonomy":"category","embeddable":true,"href":"https:\/\/www.enerjigazetesi.ist\/en\/wp-json\/wp\/v2\/categories?post=177782"},{"taxonomy":"post_tag","embeddable":true,"href":"https:\/\/www.enerjigazetesi.ist\/en\/wp-json\/wp\/v2\/tags?post=177782"}],"curies":[{"name":"wp","href":"https:\/\/api.w.org\/{rel}","templated":true}]}}