{"id":177688,"date":"2023-07-23T14:00:09","date_gmt":"2023-07-23T11:00:09","guid":{"rendered":"https:\/\/www.enerjigazetesi.ist\/?p=177688"},"modified":"2023-07-23T14:00:09","modified_gmt":"2023-07-23T11:00:09","slug":"cafer-demir-guram-danisma-kurulu-uyesi-oldu","status":"publish","type":"post","link":"https:\/\/www.enerjigazetesi.ist\/en\/cafer-demir-guram-danisma-kurulu-uyesi-oldu\/","title":{"rendered":"(Turkish) &#8217;Cafer Demir&#8217; G\u00dcRAM Dan\u0131\u015fma Kurulu \u00dcyesi Oldu"},"content":{"rendered":"<p class=\"qtranxs-available-languages-message qtranxs-available-languages-message-en\">Sorry, this entry is only available in <a href=\"https:\/\/www.enerjigazetesi.ist\/tr\/wp-json\/wp\/v2\/posts\/177688\" class=\"qtranxs-available-language-link qtranxs-available-language-link-tr\" title=\"Turkish\">Turkish<\/a>. For the sake of viewer convenience, the content is shown below in the alternative language. You may click the link to switch the active language.<\/p><p><\/p>\n<h2><strong>OEDA\u015e Afyonkarahisar \u0130l M\u00fcd\u00fcr\u00fc Cafer Demir, Afyonkarahisar Kocatepe \u00dcniversitesi G\u00fcne\u015f ve R\u00fczgar Enerjisi Uygulama ve Ara\u015ft\u0131rma Merkezi (G\u00dcRAM) Dan\u0131\u015fma Kurulu \u00dcyesi oldu. Demir, \u201cYenilenebilir enerji sistemlerinin \u015febekeye entegrasyonu \u00fczerine yapaca\u011f\u0131m\u0131z \u00e7al\u0131\u015fmalarla gelece\u011fin ak\u0131ll\u0131 teknolojilerinin geli\u015ftirilmesine katk\u0131 sa\u011flayaca\u011f\u0131z.\u201d dedi.<\/strong><\/h2>\n<p><img loading=\"lazy\" class=\"alignright wp-image-177690\" src=\"https:\/\/www.enerjigazetesi.ist\/wp-content\/uploads\/2023\/07\/cafer-demir-guram-danisma-kurulu-uyesi-oldu.jpg\" alt=\"\" width=\"320\" height=\"266\" srcset=\"https:\/\/www.enerjigazetesi.ist\/wp-content\/uploads\/2023\/07\/cafer-demir-guram-danisma-kurulu-uyesi-oldu.jpg 550w, https:\/\/www.enerjigazetesi.ist\/wp-content\/uploads\/2023\/07\/cafer-demir-guram-danisma-kurulu-uyesi-oldu-300x249.jpg 300w, https:\/\/www.enerjigazetesi.ist\/wp-content\/uploads\/2023\/07\/cafer-demir-guram-danisma-kurulu-uyesi-oldu-481x400.jpg 481w, https:\/\/www.enerjigazetesi.ist\/wp-content\/uploads\/2023\/07\/cafer-demir-guram-danisma-kurulu-uyesi-oldu-60x50.jpg 60w, https:\/\/www.enerjigazetesi.ist\/wp-content\/uploads\/2023\/07\/cafer-demir-guram-danisma-kurulu-uyesi-oldu-500x415.jpg 500w\" sizes=\"(max-width: 320px) 100vw, 320px\" \/><\/p>\n<p>Yenilenebilir enerji kurulu g\u00fcc\u00fc bak\u0131m\u0131ndan T\u00fcrkiye\u2019de \u00f6n s\u0131ralarda yer alan elektrik da\u011f\u0131t\u0131m b\u00f6lgesinde hizmet veren <strong>Osmangazi Elektrik Da\u011f\u0131t\u0131m Anonim \u015eirketi (OEDA\u015e)<\/strong>, bu alandaki \u00e7al\u0131\u015fmalar\u0131na h\u0131z vermek \u00fczere akademik \u00e7evreler ile i\u015f birliklerine devam ediyor. Bu kapsamda OEDA\u015e\u2019\u0131n hizmet verdi\u011fi iller aras\u0131nda yer alan Afyonkarahisar\u2019\u0131n <strong>\u0130l M\u00fcd\u00fcr\u00fc Cafer Demir<\/strong>, <strong>Afyonkarahisar Kocatepe \u00dcniversitesi G\u00fcne\u015f ve R\u00fczgar Enerjisi Uygulama ve Ara\u015ft\u0131rma Merkezi (G\u00dcRAM) Dan\u0131\u015fma Kurulu \u00dcyesi <\/strong>oldu. Demir\u2019in merkezdeki <strong>g\u00f6rev s\u00fcresi<\/strong> ise <strong>\u00fc\u00e7 y\u0131l<\/strong> olarak belirlendi.<\/p>\n<h3><strong>Cafer Demir: \u201cG\u00dcRAM ile OEDA\u015e\u2019\u0131n yenilenebilir enerji alan\u0131ndaki vizyonu bire bir \u00f6rt\u00fc\u015f\u00fcyor\u201d<\/strong><\/h3>\n<p>OEDA\u015e\u2019\u0131n <strong>yenilenebilir enerjinin<\/strong> ba\u015far\u0131l\u0131 bir \u015fekilde <strong>\u015febekeye entegrasyonunu sa\u011flamak<\/strong> \u00fczere \u00e7al\u0131\u015fmalar ger\u00e7ekle\u015ftirdi\u011fini ve bu kapsamda y\u00fcr\u00fct\u00fclen <strong>AB projelerinde<\/strong> yer ald\u0131\u011f\u0131n\u0131 s\u00f6yleyen <strong>Cafer<\/strong> <strong>Demir<\/strong>, <em>\u201cYenilenebilir enerji sistemleri konusunda g\u00fcncel ara\u015ft\u0131rmalar yapan ve bu ara\u015ft\u0131rmalar\u0131 pratik \u00e7al\u0131\u015fmalara d\u00f6n\u00fc\u015ft\u00fcren G\u00dcRAM\u2019\u0131n vizyonu ile OEDA\u015e\u2019\u0131n vizyonu bu alanda bire bir \u00f6rt\u00fc\u015f\u00fcyor. Merkezde bu entegrasyona y\u00f6nelik \u00e7al\u0131\u015fmalar\u0131 her y\u00f6n\u00fcyle ele alacak d\u00f6n\u00fc\u015f\u00fcm s\u00fcrecindeki t\u00fcm olas\u0131l\u0131klar\u0131n \u00fczerinde durup g\u00f6r\u00fc\u015f al\u0131\u015fveri\u015finde bulunarak gelece\u011fin ak\u0131ll\u0131 teknolojilerinin geli\u015ftirilmesine de katk\u0131 sa\u011flayaca\u011f\u0131z. Di\u011fer taraftan bu g\u00f6revim, \u00f6zel sekt\u00f6r ile akademi i\u015f birli\u011finin \u00f6nemi a\u00e7\u0131s\u0131ndan da \u00f6rnek te\u015fkil ediyor.\u201d<\/em> dedi.<\/p>\n<p><strong>Yenilenebilir enerji ara\u015ft\u0131rmalar\u0131 yapmak, e\u011fitim vermek<\/strong> ve <strong>topluma hizmet etmek misyonuyla<\/strong> faaliyetlerini s\u00fcrd\u00fcren <strong>G\u00dcRAM<\/strong>, <strong>enerji ara\u015ft\u0131rmalar\u0131nda<\/strong> farkl\u0131 teknolojilerin uygulanmas\u0131 ve kullan\u0131lmas\u0131n\u0131 bir toplumsal sorumluluk projesi olarak kabul ediyor. Merkez, \u00f6zellikle <strong>yenilenebilir enerjinin T\u00fcrkiye\u2019deki kullan\u0131m\u0131n\u0131n yayg\u0131nla\u015ft\u0131r\u0131lmas\u0131n\u0131<\/strong> ama\u00e7l\u0131yor.<\/p>","protected":false},"excerpt":{"rendered":"<p>Sorry, this entry is only available in Turkish. For the sake of viewer convenience, the content is shown below in the alternative language. You may click the link to switch the active language. OEDA\u015e Afyonkarahisar \u0130l M\u00fcd\u00fcr\u00fc Cafer Demir, Afyonkarahisar Kocatepe \u00dcniversitesi G\u00fcne\u015f ve R\u00fczgar Enerjisi Uygulama ve Ara\u015ft\u0131rma Merkezi (G\u00dcRAM) Dan\u0131\u015fma Kurulu \u00dcyesi oldu. [&hellip;]<\/p>\n","protected":false},"author":1,"featured_media":177690,"comment_status":"open","ping_status":"open","sticky":false,"template":"","format":"standard","meta":[],"categories":[51,53,49,50],"tags":[110187,110185,110186,9749,7471,105],"views":51,"_links":{"self":[{"href":"https:\/\/www.enerjigazetesi.ist\/en\/wp-json\/wp\/v2\/posts\/177688"}],"collection":[{"href":"https:\/\/www.enerjigazetesi.ist\/en\/wp-json\/wp\/v2\/posts"}],"about":[{"href":"https:\/\/www.enerjigazetesi.ist\/en\/wp-json\/wp\/v2\/types\/post"}],"author":[{"embeddable":true,"href":"https:\/\/www.enerjigazetesi.ist\/en\/wp-json\/wp\/v2\/users\/1"}],"replies":[{"embeddable":true,"href":"https:\/\/www.enerjigazetesi.ist\/en\/wp-json\/wp\/v2\/comments?post=177688"}],"version-history":[{"count":0,"href":"https:\/\/www.enerjigazetesi.ist\/en\/wp-json\/wp\/v2\/posts\/177688\/revisions"}],"wp:featuredmedia":[{"embeddable":true,"href":"https:\/\/www.enerjigazetesi.ist\/en\/wp-json\/wp\/v2\/media\/177690"}],"wp:attachment":[{"href":"https:\/\/www.enerjigazetesi.ist\/en\/wp-json\/wp\/v2\/media?parent=177688"}],"wp:term":[{"taxonomy":"category","embeddable":true,"href":"https:\/\/www.enerjigazetesi.ist\/en\/wp-json\/wp\/v2\/categories?post=177688"},{"taxonomy":"post_tag","embeddable":true,"href":"https:\/\/www.enerjigazetesi.ist\/en\/wp-json\/wp\/v2\/tags?post=177688"}],"curies":[{"name":"wp","href":"https:\/\/api.w.org\/{rel}","templated":true}]}}