{"id":177638,"date":"2023-07-21T11:39:01","date_gmt":"2023-07-21T08:39:01","guid":{"rendered":"https:\/\/www.enerjigazetesi.ist\/?p=177638"},"modified":"2023-07-21T11:39:23","modified_gmt":"2023-07-21T08:39:23","slug":"algida-turkiye-sehir-ici-lojistik-operasyonunda-elektrikli-arac-kullaniyor","status":"publish","type":"post","link":"https:\/\/www.enerjigazetesi.ist\/en\/algida-turkiye-sehir-ici-lojistik-operasyonunda-elektrikli-arac-kullaniyor\/","title":{"rendered":"(Turkish) &#8217;Algida T\u00fcrkiye&#8217; \u015eehir \u0130\u00e7i Lojistik Operasyonunda Elektrikli Ara\u00e7 Kullan\u0131yor"},"content":{"rendered":"<p class=\"qtranxs-available-languages-message qtranxs-available-languages-message-en\">Sorry, this entry is only available in <a href=\"https:\/\/www.enerjigazetesi.ist\/tr\/wp-json\/wp\/v2\/posts\/177638\" class=\"qtranxs-available-language-link qtranxs-available-language-link-tr\" title=\"Turkish\">Turkish<\/a>. For the sake of viewer convenience, the content is shown below in the alternative language. You may click the link to switch the active language.<\/p><p><\/p>\n<h2>D\u00fcnyada 100, T\u00fcrkiye\u2019de ise 30 y\u0131l\u0131 a\u015fk\u0131n s\u00fcredir dondurman\u0131n verdi\u011fi mutlulu\u011fu milyonlarla payla\u015fan Algida, \u201cMutlu \u0130nsanlar ve Mutlu Gezegen\u201d misyonu \u00e7er\u00e7evesinde, k\u00fcresel karbon sal\u0131m\u0131n\u0131 azaltma hedefiyle, \u015fehir i\u00e7i da\u011f\u0131t\u0131m filosunu elektrikli ara\u00e7larla yenilemeye ba\u015flad\u0131.<\/h2>\n<p style=\"text-align: center;\"><img loading=\"lazy\" class=\"aligncenter wp-image-177643\" src=\"https:\/\/www.enerjigazetesi.ist\/wp-content\/uploads\/2023\/07\/algida-turkiye-sehir-ici-lojistik-operasyonunda-elektrikli-arac-kullaniyor-1.jpg\" alt=\"\" width=\"500\" height=\"306\" srcset=\"https:\/\/www.enerjigazetesi.ist\/wp-content\/uploads\/2023\/07\/algida-turkiye-sehir-ici-lojistik-operasyonunda-elektrikli-arac-kullaniyor-1.jpg 550w, https:\/\/www.enerjigazetesi.ist\/wp-content\/uploads\/2023\/07\/algida-turkiye-sehir-ici-lojistik-operasyonunda-elektrikli-arac-kullaniyor-1-300x184.jpg 300w, https:\/\/www.enerjigazetesi.ist\/wp-content\/uploads\/2023\/07\/algida-turkiye-sehir-ici-lojistik-operasyonunda-elektrikli-arac-kullaniyor-1-500x306.jpg 500w, https:\/\/www.enerjigazetesi.ist\/wp-content\/uploads\/2023\/07\/algida-turkiye-sehir-ici-lojistik-operasyonunda-elektrikli-arac-kullaniyor-1-80x50.jpg 80w\" sizes=\"(max-width: 500px) 100vw, 500px\" \/><\/p>\n<p><strong>Ford Otosan<\/strong> i\u015f birli\u011fiyle Algida filosuna kat\u0131lan <strong>T\u00fcrkiye\u2019nin ilk tam elektrikli hafif ticari arac\u0131<\/strong> <strong>E-Transit<\/strong>, <strong>Ford T\u00fcrkiye \u0130\u015f Alan\u0131 Lideri \u00d6zg\u00fcr Y\u00fccet\u00fcrk<\/strong> taraf\u0131ndan <strong>Unilever T\u00fcrkiye ve Orta Do\u011fu Dondurma Genel M\u00fcd\u00fcr\u00fc Toloy Tanr\u0131da\u011fl\u0131 ve Unilever T\u00fcrkiye, Kuzey Afrika ve Orta Do\u011fu Tedarik Zinciri ve M\u00fc\u015fteri Operasyonlar\u0131 Ba\u015fkan\u0131 Graham Sommer\u2019e<\/strong> teslim edildi. Bu ad\u0131m\u0131yla Algida, T\u00fcrkiye\u2019de <strong>y\u00fczde 100 elektrikli dondurma ara\u00e7lar\u0131n\u0131<\/strong> \u015fehir i\u00e7i filosuna katan ilk marka oldu. Elektrikli ara\u00e7lar, <strong>Algida depolar\u0131nda ye\u015fil enerji ile \u015farj edilecek.<\/strong> Algida\u2019n\u0131n \u015fehir i\u00e7i da\u011f\u0131t\u0131m filosu, <strong>2025<\/strong> sonuna kadar <strong>% 100 elektrikli ara\u00e7larla<\/strong> tamamlanacak.<\/p>\n<p><strong>Unilever T\u00fcrkiye ve Orta Do\u011fu Dondurma Genel M\u00fcd\u00fcr\u00fc Toloy Tanr\u0131da\u011fl\u0131 \u201cT\u00fcrkiye\u2019de bir ilke imza at\u0131p da\u011f\u0131t\u0131m a\u011f\u0131m\u0131za katt\u0131\u011f\u0131m\u0131z y\u00fczde 100 elektrikli ara\u00e7lar\u0131m\u0131zla,<\/strong> <strong>operasyonumuzdaki karbon sal\u0131m\u0131n\u0131 y\u0131lda yakla\u015f\u0131k 125 ton azaltmay\u0131 hedefliyoruz. \u201d dedi.\u00a0<\/strong>Tanr\u0131da\u011fl\u0131, <em>\u201cT\u00fcrkiye\u2019nin dondurmac\u0131s\u0131 Algida olarak hem \u00fclkemize hem de d\u00fcnyam\u0131zla mutlulu\u011fu payla\u015f\u0131rken, d\u00fcnyan\u0131n \u00f6nde gelen dondurma \u015firketi olarak sorumluluklar\u0131m\u0131z\u0131n fark\u0131nday\u0131z. Ekosistemimize duydu\u011fumuz sayg\u0131y\u0131 ge\u00e7ti\u011fimiz y\u0131ldan bu yana d\u00fcnya genelindeki 3 milyon, T\u00fcrkiye\u2019deki 260.000 adet dondurma kabinimizin 1 senede harcad\u0131\u011f\u0131 toplam enerjiyi hesaplay\u0131p yenilenebilir enerjiye d\u00f6n\u00fc\u015ft\u00fcr\u00fcrerek g\u00f6steriyoruz. Kabinlerimizin sarf etti\u011fi enerji miktar\u0131 kadar yenilenebilir enerji \u00fcreten tesislere destek sa\u011flayarak karbon ayak izimizi azaltmay\u0131 hedefliyoruz. <strong>I-REC yenilenebilir enerji sertifikas\u0131<\/strong> ile sat\u0131n ald\u0131\u011f\u0131n\u0131z elektri\u011fin uluslararas\u0131 piyasalarda <strong>yenilenebilir enerji kaynaklar\u0131ndan sa\u011fland\u0131\u011f\u0131n\u0131<\/strong> belgeliyoruz. Bug\u00fcn ise Ford Otosan i\u015f birli\u011fi ile T\u00fcrkiye&#8217;deki \u015fehir i\u00e7i ara\u00e7 filomuza <strong>ilk elektrikli ara\u00e7lar\u0131 dahil ettik.<\/strong> Operasyonumuzdaki karbon sal\u0131m\u0131n\u0131 y\u0131lda yakla\u015f\u0131k 125 ton azaltmay\u0131 hedefliyoruz.\u201d<\/em> dedi.<\/p>\n<p><strong>Unilever T\u00fcrkiye, Kuzey Afrika ve Orta Do\u011fu Tedarik Zinciri ve M\u00fc\u015fteri Operasyonlar\u0131 Ba\u015fkan\u0131 Graham Sommer \u201c2039 y\u0131l\u0131na kadar de\u011fer zincirimiz genelinde net s\u0131f\u0131r emisyon hedefimize do\u011fru emin ad\u0131mlarla ilerliyoruz.\u201d\u00a0<\/strong>dedi<strong>.\u00a0<\/strong>Sommer, <em>\u201cUnilever olarak, 2030 y\u0131l\u0131na kadar operasyonel emisyonlar\u0131m\u0131z\u0131 s\u0131f\u0131rlamak ve 2039 y\u0131l\u0131na kadar de\u011fer zincirimiz genelinde net s\u0131f\u0131r emisyon elde etmek i\u00e7in bilime dayal\u0131 hedefler belirledik. Filolar\u0131m\u0131zda elektrikli ara\u00e7lara ge\u00e7mek de bunun en temel par\u00e7alar\u0131ndan birini olu\u015fturuyor. Algida markam\u0131z, <strong>T\u00fcrkiye\u2019de y\u00fczde 100 elektrikli E-Transit ara\u00e7lar\u0131n\u0131 filosuna katarak<\/strong> da\u011f\u0131t\u0131m operasyonlar\u0131nda kullanmaya ba\u015flayan ilk marka oldu. \u00d6n\u00fcm\u00fczdeki<strong> 5 y\u0131l i\u00e7inde<\/strong> do\u011frudan <strong>da\u011f\u0131t\u0131m filomuzun tamam\u0131n\u0131 elektrikli ara\u00e7lara d\u00f6n\u00fc\u015ft\u00fcrmeyi<\/strong> hedefliyor, T\u00fcrkiye\u2019deki <strong>elektrikli ara\u00e7 altyap\u0131s\u0131n\u0131n<\/strong> geli\u015fmesiyle bu d\u00f6n\u00fc\u015f\u00fcm\u00fc \u00fclke genelinde i\u015f ortaklar\u0131m\u0131zla y\u00fcr\u00fctt\u00fc\u011f\u00fcm\u00fcz operasyonlar\u0131m\u0131za da ta\u015f\u0131may\u0131 istiyoruz.\u201d<\/em> dedi.<\/p>\n<p><strong>Ara\u00e7lar\u0131n devir teslim t\u00f6reni s\u0131ras\u0131nda Ford T\u00fcrkiye \u0130\u015f Alan\u0131 Lideri \u00d6zg\u00fcr Y\u00fccet\u00fcrk, Unilever \u00e7at\u0131s\u0131 alt\u0131ndaki dondurma devi Algida ile i\u015f birlikleri hakk\u0131ndaki mutlulu\u011funu<\/strong>; \u201c<em>Elektrikli mobiliteye olan ba\u011fl\u0131l\u0131klar\u0131 i\u00e7in Algida\u2019ya en i\u00e7ten te\u015fekk\u00fcrlerimi sunar\u0131m. Birlikte, kar\u015f\u0131l\u0131kl\u0131 de\u011fer yaratmak ve s\u00fcrd\u00fcr\u00fclebilir b\u00fcy\u00fcmeyi desteklemek i\u00e7in \u00e7al\u0131\u015f\u0131yoruz. Ola\u011fan\u00fcst\u00fc verimlili\u011fi, \u00fcst\u00fcn performans\u0131 ve geli\u015fmi\u015f teknolojik \u00f6zellikleriyle E-Transit, otomotiv end\u00fcstrisinin elektrikli d\u00f6n\u00fc\u015f\u00fcm\u00fcne \u00f6nc\u00fcl\u00fck etme vizyonumuzun en g\u00fczide sembollerinden biri. Filo kullan\u0131c\u0131lar\u0131na elektrikli mobilitenin faydalar\u0131n\u0131 tam olarak benimserken i\u015f taleplerini etkin bir \u015fekilde kar\u015f\u0131lamalar\u0131 i\u00e7in daha fazla esneklik ve g\u00fcven sunarak onlar\u0131 g\u00fc\u00e7lendiriyor. \u00d6zetle ticaretin sadece bug\u00fcn\u00fcne de\u011fil, gelece\u011fine de y\u00f6n veriyor.\u201d<\/em> s\u00f6zleriyle dile getirdi.<\/p>\n<p>Unilever markalar\u0131ndan <strong>Algida<\/strong> bu ad\u0131mla<strong> Unilever\u2019in \u0130klim Ge\u00e7i\u015fi Eylem Plan\u0131\u2019nda<\/strong> belirtilen, <strong>2039 y\u0131l\u0131na kadar net s\u0131f\u0131r sera gaz\u0131 emisyonu<\/strong> hedefini de destekliyor. 2020\u2019li ve 2030\u2019lu y\u0131llarda ise \u00f6ncelikli oda\u011f\u0131n\u0131, <strong>sera emisyonlar\u0131n\u0131 azaltmak<\/strong> \u00fczerine kurguluyor. Algida, A\u011fustos 2023 itibar\u0131yla filosuna dahil etti\u011fi <strong>20 ara\u00e7la<\/strong> ba\u015flayan \u015fehir i\u00e7i elektrikli da\u011f\u0131t\u0131m\u0131, takip eden <strong>5 y\u0131lda<\/strong> t\u00fcm <strong>do\u011frudan da\u011f\u0131t\u0131m a\u011f\u0131na yayg\u0131nla\u015ft\u0131rmay\u0131<\/strong> hedefliyor.<\/p>\n<p>T\u00fcrkiye\u2019nin dondurmac\u0131s\u0131 Algida, mutlulu\u011fu payla\u015fmaya devam ederken hem \u00fclkeye hem de gezegene, mutlu bir gelecek sa\u011flamak i\u00e7in <strong>s\u00fcrd\u00fcr\u00fclebilirlik alan\u0131nda \u00e7al\u0131\u015fmalar\u0131na<\/strong> h\u0131zla devam ediyor.<\/p>","protected":false},"excerpt":{"rendered":"<p>Sorry, this entry is only available in Turkish. For the sake of viewer convenience, the content is shown below in the alternative language. You may click the link to switch the active language. D\u00fcnyada 100, T\u00fcrkiye\u2019de ise 30 y\u0131l\u0131 a\u015fk\u0131n s\u00fcredir dondurman\u0131n verdi\u011fi mutlulu\u011fu milyonlarla payla\u015fan Algida, \u201cMutlu \u0130nsanlar ve Mutlu Gezegen\u201d misyonu \u00e7er\u00e7evesinde, k\u00fcresel [&hellip;]<\/p>\n","protected":false},"author":1,"featured_media":177642,"comment_status":"open","ping_status":"open","sticky":false,"template":"","format":"standard","meta":[],"categories":[51,53],"tags":[110172,103271,215,65078,25153],"views":40,"_links":{"self":[{"href":"https:\/\/www.enerjigazetesi.ist\/en\/wp-json\/wp\/v2\/posts\/177638"}],"collection":[{"href":"https:\/\/www.enerjigazetesi.ist\/en\/wp-json\/wp\/v2\/posts"}],"about":[{"href":"https:\/\/www.enerjigazetesi.ist\/en\/wp-json\/wp\/v2\/types\/post"}],"author":[{"embeddable":true,"href":"https:\/\/www.enerjigazetesi.ist\/en\/wp-json\/wp\/v2\/users\/1"}],"replies":[{"embeddable":true,"href":"https:\/\/www.enerjigazetesi.ist\/en\/wp-json\/wp\/v2\/comments?post=177638"}],"version-history":[{"count":1,"href":"https:\/\/www.enerjigazetesi.ist\/en\/wp-json\/wp\/v2\/posts\/177638\/revisions"}],"predecessor-version":[{"id":177639,"href":"https:\/\/www.enerjigazetesi.ist\/en\/wp-json\/wp\/v2\/posts\/177638\/revisions\/177639"}],"wp:featuredmedia":[{"embeddable":true,"href":"https:\/\/www.enerjigazetesi.ist\/en\/wp-json\/wp\/v2\/media\/177642"}],"wp:attachment":[{"href":"https:\/\/www.enerjigazetesi.ist\/en\/wp-json\/wp\/v2\/media?parent=177638"}],"wp:term":[{"taxonomy":"category","embeddable":true,"href":"https:\/\/www.enerjigazetesi.ist\/en\/wp-json\/wp\/v2\/categories?post=177638"},{"taxonomy":"post_tag","embeddable":true,"href":"https:\/\/www.enerjigazetesi.ist\/en\/wp-json\/wp\/v2\/tags?post=177638"}],"curies":[{"name":"wp","href":"https:\/\/api.w.org\/{rel}","templated":true}]}}