{"id":177595,"date":"2023-07-19T15:54:52","date_gmt":"2023-07-19T12:54:52","guid":{"rendered":"https:\/\/www.enerjigazetesi.ist\/?p=177595"},"modified":"2023-07-19T16:00:21","modified_gmt":"2023-07-19T13:00:21","slug":"fransa-da-nukleer-santraller-asiri-sicaklar-nedeniyle-vites-dusurecek","status":"publish","type":"post","link":"https:\/\/www.enerjigazetesi.ist\/en\/fransa-da-nukleer-santraller-asiri-sicaklar-nedeniyle-vites-dusurecek\/","title":{"rendered":"(Turkish) Fransa\u2019da N\u00fckleer Santraller A\u015f\u0131r\u0131 S\u0131caklar Nedeniyle Vites D\u00fc\u015f\u00fcrecek"},"content":{"rendered":"<p class=\"qtranxs-available-languages-message qtranxs-available-languages-message-en\">Sorry, this entry is only available in <a href=\"https:\/\/www.enerjigazetesi.ist\/tr\/wp-json\/wp\/v2\/posts\/177595\" class=\"qtranxs-available-language-link qtranxs-available-language-link-tr\" title=\"Turkish\">Turkish<\/a>. For the sake of viewer convenience, the content is shown below in the alternative language. You may click the link to switch the active language.<\/p><p><\/p>\n<h2>Y\u00fcksek s\u0131cakl\u0131klar, Fransa\u2018n\u0131n Rhone Nehri k\u0131y\u0131s\u0131ndaki santrallerde n\u00fckleer enerji \u00fcretiminin yar\u0131ya indirilmesine neden olabilir. N\u00fckleer operat\u00f6r \u015firketi EDF Enerji, y\u00fcksek s\u0131cakl\u0131k tahminleri nedeniyle do\u011fu Fransa\u2019daki iki n\u00fckleer <img loading=\"lazy\" class=\"alignright wp-image-177598\" src=\"https:\/\/www.enerjigazetesi.ist\/wp-content\/uploads\/2023\/07\/fransa-da-nukleer-santraller-asiri-sicaklar-nedeniyle-vites-dusurecek.jpg\" alt=\"\" width=\"320\" height=\"180\" srcset=\"https:\/\/www.enerjigazetesi.ist\/wp-content\/uploads\/2023\/07\/fransa-da-nukleer-santraller-asiri-sicaklar-nedeniyle-vites-dusurecek.jpg 550w, https:\/\/www.enerjigazetesi.ist\/wp-content\/uploads\/2023\/07\/fransa-da-nukleer-santraller-asiri-sicaklar-nedeniyle-vites-dusurecek-300x169.jpg 300w, https:\/\/www.enerjigazetesi.ist\/wp-content\/uploads\/2023\/07\/fransa-da-nukleer-santraller-asiri-sicaklar-nedeniyle-vites-dusurecek-500x281.jpg 500w, https:\/\/www.enerjigazetesi.ist\/wp-content\/uploads\/2023\/07\/fransa-da-nukleer-santraller-asiri-sicaklar-nedeniyle-vites-dusurecek-80x45.jpg 80w\" sizes=\"(max-width: 320px) 100vw, 320px\" \/>santralde \u00fcretim k\u0131s\u0131tlamalar\u0131n\u0131n beklendi\u011fini s\u00f6yledi.<\/h2>\n<p>Bu y\u0131l, ge\u00e7en seneki benzer bir uyar\u0131dan daha erken yap\u0131lan a\u00e7\u0131klamada, bu yaz daha az santralin y\u00fcksek s\u0131cakl\u0131klardan etkilenece\u011fi de kaydedildi. Operat\u00f6r, s\u0131cak havan\u0131n 13 Temmuz\u2019dan itibaren <strong>3,6 gigawatt (GW)<\/strong> kapasiteli <strong>Bugey santrali<\/strong> ve <strong>16 Temmuz\u2019dan<\/strong> itibaren <strong>2,6 GW<\/strong> kapasiteli <strong>Saint Alban santralinden<\/strong> gelen <strong>mevcut g\u00fc\u00e7 arz\u0131n\u0131 yar\u0131ya indirece\u011fini<\/strong> a\u00e7\u0131klad\u0131.<\/p>\n<p>Ayr\u0131ca \u015febeke gereksinimlerinin kar\u015f\u0131lanmas\u0131 i\u00e7in <strong>Bugey\u2019de<\/strong> en az <strong>1,8 GW<\/strong> ve <strong>Saint Alban<\/strong>\u2019da <strong>1,3 GW<\/strong> <strong>elektrik \u00fcretimi yap\u0131laca\u011f\u0131<\/strong> ve <strong>bu miktar\u0131n \u015febeke ihtiya\u00e7lar\u0131na g\u00f6re de\u011fi\u015febilece\u011fi<\/strong> belirtildi.<\/p>\n<p><strong>Kaynak:\u00a0<\/strong><a href=\"https:\/\/yesilgazete.org\/fransada-nukleer-santraller-asiri-sicaklar-nedeniyle-vites-dusurecek\/\" target=\"_blank\" rel=\"noopener\"><strong>Ye\u015filGazete<\/strong><\/a><\/p>","protected":false},"excerpt":{"rendered":"<p>Sorry, this entry is only available in Turkish. For the sake of viewer convenience, the content is shown below in the alternative language. You may click the link to switch the active language. Y\u00fcksek s\u0131cakl\u0131klar, Fransa\u2018n\u0131n Rhone Nehri k\u0131y\u0131s\u0131ndaki santrallerde n\u00fckleer enerji \u00fcretiminin yar\u0131ya indirilmesine neden olabilir. N\u00fckleer operat\u00f6r \u015firketi EDF Enerji, y\u00fcksek s\u0131cakl\u0131k tahminleri [&hellip;]<\/p>\n","protected":false},"author":1,"featured_media":177598,"comment_status":"open","ping_status":"open","sticky":false,"template":"","format":"standard","meta":[],"categories":[53,43],"tags":[41186,110159,19356,110158],"views":33,"_links":{"self":[{"href":"https:\/\/www.enerjigazetesi.ist\/en\/wp-json\/wp\/v2\/posts\/177595"}],"collection":[{"href":"https:\/\/www.enerjigazetesi.ist\/en\/wp-json\/wp\/v2\/posts"}],"about":[{"href":"https:\/\/www.enerjigazetesi.ist\/en\/wp-json\/wp\/v2\/types\/post"}],"author":[{"embeddable":true,"href":"https:\/\/www.enerjigazetesi.ist\/en\/wp-json\/wp\/v2\/users\/1"}],"replies":[{"embeddable":true,"href":"https:\/\/www.enerjigazetesi.ist\/en\/wp-json\/wp\/v2\/comments?post=177595"}],"version-history":[{"count":0,"href":"https:\/\/www.enerjigazetesi.ist\/en\/wp-json\/wp\/v2\/posts\/177595\/revisions"}],"wp:featuredmedia":[{"embeddable":true,"href":"https:\/\/www.enerjigazetesi.ist\/en\/wp-json\/wp\/v2\/media\/177598"}],"wp:attachment":[{"href":"https:\/\/www.enerjigazetesi.ist\/en\/wp-json\/wp\/v2\/media?parent=177595"}],"wp:term":[{"taxonomy":"category","embeddable":true,"href":"https:\/\/www.enerjigazetesi.ist\/en\/wp-json\/wp\/v2\/categories?post=177595"},{"taxonomy":"post_tag","embeddable":true,"href":"https:\/\/www.enerjigazetesi.ist\/en\/wp-json\/wp\/v2\/tags?post=177595"}],"curies":[{"name":"wp","href":"https:\/\/api.w.org\/{rel}","templated":true}]}}