{"id":177553,"date":"2023-07-19T12:57:46","date_gmt":"2023-07-19T09:57:46","guid":{"rendered":"https:\/\/www.enerjigazetesi.ist\/?p=177553"},"modified":"2023-07-19T12:57:46","modified_gmt":"2023-07-19T09:57:46","slug":"pepsico-2022-cevresel-sosyal-ve-yonetisim-csy-raporunu-paylasti","status":"publish","type":"post","link":"https:\/\/www.enerjigazetesi.ist\/en\/pepsico-2022-cevresel-sosyal-ve-yonetisim-csy-raporunu-paylasti\/","title":{"rendered":"(Turkish) &#8217;PepsiCo&#8217; 2022 \u00c7evresel, Sosyal ve Y\u00f6neti\u015fim (\u00c7SY) Raporunu Payla\u015ft\u0131"},"content":{"rendered":"<p class=\"qtranxs-available-languages-message qtranxs-available-languages-message-en\">Sorry, this entry is only available in <a href=\"https:\/\/www.enerjigazetesi.ist\/tr\/wp-json\/wp\/v2\/posts\/177553\" class=\"qtranxs-available-language-link qtranxs-available-language-link-tr\" title=\"Turkish\">Turkish<\/a>. For the sake of viewer convenience, the content is shown below in the alternative language. You may click the link to switch the active language.<\/p><p><\/p>\n<h2><strong>PepsiCo, 2022 \u00c7evresel, Sosyal ve Y\u00f6neti\u015fim (\u00c7SY) \u00d6zetini yay\u0131nlayarak PepsiCo Positive\u2019in (pep+) 2021 y\u0131l\u0131nda hayata ge\u00e7irilmesinden bu yana ilk tam raporlama y\u0131l\u0131 sonu\u00e7lar\u0131n\u0131 payla\u015ft\u0131. PepsiCo T\u00fcrkiye de yerel olarak geli\u015ftirdi\u011fi projeler ve att\u0131\u011f\u0131 ad\u0131mlarla \u00c7SY hedeflerine katk\u0131da bulundu. Sonu\u00e7lar hakk\u0131nda konu\u015fan PepsiCo S\u00fcrd\u00fcr\u00fclebilirlikten Sorumlu Ba\u015fkan Jim Andrew, \u201c2019 y\u0131l\u0131ndan bu yana 2,25 milyar dolarl\u0131k ye\u015fil tahvil ihra\u00e7 ettik. \u00a0Net s\u0131f\u0131r emisyon hedefi ve daha \u00f6nce geri d\u00f6n\u00fc\u015ft\u00fcr\u00fclmemi\u015f plastik kullan\u0131m\u0131n\u0131 azaltma da dahil olmak \u00fczere pep+ g\u00fcndemimizin kritik k\u0131s\u0131mlar\u0131na y\u00f6nelik \u00f6nemli yat\u0131r\u0131mlar yapt\u0131k ve yapmaya devam edece\u011fiz\u201d dedi.<\/strong><\/h2>\n<p>D\u00fcnyan\u0131n lider yiyecek ve i\u00e7ecek \u015firketlerinden biri olan PepsiCo,\u00a0PepsiCo, 2022 \u00c7evresel, Sosyal ve Y\u00f6neti\u015fim (\u00c7SY) \u00d6zetini yay\u0131nlayarak PepsiCo Positive\u2019in (pep+) 2021 y\u0131l\u0131nda hayata ge\u00e7irilmesinden bu <img loading=\"lazy\" class=\"alignright wp-image-177557\" src=\"https:\/\/www.enerjigazetesi.ist\/wp-content\/uploads\/2023\/07\/pepsico-2022-cevresel-sosyal-ve-yonetisim-csy-raporunu-paylasti-2.jpg\" alt=\"\" width=\"320\" height=\"240\" srcset=\"https:\/\/www.enerjigazetesi.ist\/wp-content\/uploads\/2023\/07\/pepsico-2022-cevresel-sosyal-ve-yonetisim-csy-raporunu-paylasti-2.jpg 550w, https:\/\/www.enerjigazetesi.ist\/wp-content\/uploads\/2023\/07\/pepsico-2022-cevresel-sosyal-ve-yonetisim-csy-raporunu-paylasti-2-300x225.jpg 300w, https:\/\/www.enerjigazetesi.ist\/wp-content\/uploads\/2023\/07\/pepsico-2022-cevresel-sosyal-ve-yonetisim-csy-raporunu-paylasti-2-500x375.jpg 500w, https:\/\/www.enerjigazetesi.ist\/wp-content\/uploads\/2023\/07\/pepsico-2022-cevresel-sosyal-ve-yonetisim-csy-raporunu-paylasti-2-67x50.jpg 67w\" sizes=\"(max-width: 320px) 100vw, 320px\" \/>yana ilk tam raporlama y\u0131l\u0131 sonu\u00e7lar\u0131n\u0131 yay\u0131nlad\u0131.<\/p>\n<p>Malzemelerin nas\u0131l yeti\u015ftirildi\u011finden, ikonik \u00fcr\u00fcn portf\u00f6y\u00fcn\u00fcn nas\u0131l \u00fcretildi\u011fine, ta\u015f\u0131nd\u0131\u011f\u0131na ve sat\u0131ld\u0131\u011f\u0131na ve t\u00fcketicilere sunulan se\u00e7eneklere kadar PepsiCo\u2019nun i\u015finin neredeyse t\u00fcm y\u00f6nlerine temas eden bir u\u00e7tan uca d\u00f6n\u00fc\u015f\u00fcm program\u0131 olan pep+ ayn\u0131 zamanda \u00c7SY hedeflerinin belirlenmesini ve bu hedeflere y\u00f6nelik \u00e7al\u0131\u015fmalara ili\u015fkin t\u00fcm eylemleri \u015fekillendiren bir \u00e7er\u00e7eve niteli\u011fi ta\u015f\u0131yor.<\/p>\n<p>\u015eirket pep+ do\u011frultusunda y\u00fcr\u00fctt\u00fc\u011f\u00fc \u00e7al\u0131\u015fmalar kapsam\u0131nda haz\u0131rlad\u0131\u011f\u0131 \u00c7evresel, Sosyal ve Y\u00f6neti\u015fim (\u00c7SY) \u00d6zeti, 2022 y\u0131l sonu itibar\u0131yla \u015firketin s\u00fcrd\u00fcr\u00fclebilirlik odakl\u0131 \u00e7al\u0131\u015fmalar\u0131n\u0131 anlat\u0131yor. Bu rapor kapsam\u0131nda PepsiCo 2022 y\u0131l\u0131nda, beslenme, tar\u0131m, sosyal (insanlar ve topluluklar), su kullan\u0131m\u0131 verimlili\u011fi ve g\u00fcvenli suya eri\u015fim hedeflerinde \u00f6nemli ilerlemeler kaydetti\u011fini bildirdi. PepsiCo, <strong>iklim emisyonlar\u0131n\u0131<\/strong> ve daha \u00f6nce <strong>geri d\u00f6n\u00fc\u015ft\u00fcr\u00fclmemi\u015f plastik kullan\u0131m\u0131n\u0131 azaltmaya<\/strong> y\u00f6nelik \u00e7al\u0131\u015fmalar\u0131n\u0131 s\u00fcrd\u00fcr\u00fcyor.<\/p>\n<p><strong>\u015eirketin 2022 \u00c7SY sonu\u00e7lar\u0131n\u0131 yorumlayan S\u00fcrd\u00fcr\u00fclebilirlikten Sorumlu Ba\u015fkan Jim Andrew,<\/strong> <em>\u201c\u0130\u015f b\u00fcy\u00fcmemizi kaynak kullan\u0131m\u0131m\u0131zdan ayr\u0131\u015ft\u0131rmak zor olmaya devam edecek. Ancak uzun vadeli hedeflerimize ula\u015fmak kritik \u00f6nem ta\u015f\u0131yor ve nas\u0131l ve nerede d\u00fczenlemeler yapmam\u0131z gerekti\u011fini h\u0131zla \u00f6\u011freniyoruz. 2019 y\u0131l\u0131ndan bu yana <strong>2,25 milyar dolarl\u0131k ye\u015fil tahvil ihra\u00e7<\/strong> ettik. <strong>\u00a0Net s\u0131f\u0131r emisyon hedefi<\/strong> ve daha \u00f6nce <strong>geri d\u00f6n\u00fc\u015ft\u00fcr\u00fclmemi\u015f plastik kullan\u0131m\u0131n\u0131 azaltma<\/strong> da dahil olmak \u00fczere <strong>pep+<\/strong> g\u00fcndemimizin kritik k\u0131s\u0131mlar\u0131na y\u00f6nelik \u00f6nemli yat\u0131r\u0131mlar yapt\u0131k ve yapmaya devam edece\u011fiz. Ayr\u0131ca, bir\u00e7o\u011fu d\u00fczenleyici nitelikte olan ilerlemenin \u00f6n\u00fcndeki engelleri kald\u0131rmak i\u00e7in de \u00f6zenle \u00e7al\u0131\u015fmay\u0131 s\u00fcrd\u00fcrece\u011fiz. Sistemik sorunlar\u0131n ele al\u0131nmas\u0131nda kar\u015f\u0131la\u015f\u0131lan g\u00fc\u00e7l\u00fckler kayda de\u011fer oldu\u011fundan, hepimizin olmak istedi\u011fi yere ula\u015fmak i\u00e7in \u00e7ok payda\u015fl\u0131 bir yakla\u015f\u0131m gerekiyor\u201d<\/em> dedi.<\/p>\n<p>Y\u00f6netim Kurulu Ba\u015fkan\u0131 ve \u0130cra Kurulu Ba\u015fkan\u0131 Ramon Laguarta ve Jim Andrew ise bir video mesaj\u0131 yay\u0131nlayarak PepsiCo\u2019nun gezegen ve insan odakl\u0131 hedeflerine y\u00f6nelik ilerleme ve sistemik de\u011fi\u015fimi ele almak i\u00e7in vakit kaybetmeden kolektif eyleme ge\u00e7ilmesine ili\u015fkin g\u00f6r\u00fc\u015flerini payla\u015ft\u0131.<\/p>\n<h3><strong>PepsiCo\u2019nun bildirdi\u011fi sonu\u00e7lar \u015fu \u015fekilde:<\/strong><\/h3>\n<p>&#8211; Haz\u0131r g\u0131da portf\u00f6y hacminin %75\u2019i<a name=\"_ftnref1\"><\/a><a href=\"#_ftn1\"><sup>[1]<\/sup><\/a> ge\u00e7en sene oldu\u011fu gibi bu sene de 100 kalori ba\u015f\u0131na 1,1 gram doymu\u015f ya\u011f\u0131 a\u015fmad\u0131.<\/p>\n<p>&#8211;&gt;PepsiCo bu hedefe ilk olarak 2021 y\u0131l\u0131nda, planlanandan d\u00f6rt y\u0131l \u00f6nce ula\u015ft\u0131.<\/p>\n<p>&#8211; 2022 y\u0131l\u0131nda \u00fcr\u00fcn portf\u00f6y\u00fcndeki ilave \u015feker ve sodyum oran\u0131 daha da azalt\u0131ld\u0131.<\/p>\n<p>&#8211;&gt;PepsiCo\u2019nun i\u00e7ecek portf\u00f6y hacminin<a name=\"_ftnref2\"><\/a><a href=\"#_ftn2\"><sup>[2]<\/sup><\/a> %56\u2019s\u0131 12 onsluk (354,8 ml) porsiyon ba\u015f\u0131na 100 kaloriden daha az ilave \u015feker i\u00e7eriyor. Bu oran 2021 y\u0131l\u0131nda %53\u2019t\u00fc.<\/p>\n<p>&#8211;&gt;2021 y\u0131l\u0131nda PepsiCo\u2019nun haz\u0131r g\u0131da portf\u00f6y hacminin<a name=\"_ftnref3\"><\/a><a href=\"#_ftn3\"><sup>[3]<\/sup><\/a> %66\u2019s\u0131nda kalori ba\u015f\u0131na 1,3 miligram veya daha az sodyum bulunuyorken, bu oran \u015fimdi %68\u2019e y\u00fckseldi.<\/p>\n<p>&#8211; PepsiCo, 2022\u2019de yenileyici tar\u0131m ayak izini iki kattan fazla art\u0131rarak k\u00fcresel \u00e7apta 900.000 d\u00f6n\u00fcm\u00fcn \u00fczerine \u00e7\u0131kard\u0131.<a name=\"_ftnref4\"><\/a><a href=\"#_ftn4\"><sup>[4]<\/sup><\/a><\/p>\n<p>&#8211;&gt;PepsiCo T\u00fcrkiye, Anadolu Meralar\u0131 i\u015f birli\u011fi ve PepsiCo Vakf\u0131 deste\u011fiyle Konya\u2019da ger\u00e7ekle\u015ftiren Lay\u2019s Yenileyici Tar\u0131m projesiyle topra\u011f\u0131n ekolojik sa\u011fl\u0131k puan\u0131nda y\u00fczde 45\u2019e varan oranlarda elde etti\u011fi iyile\u015fmeye ek olarak 75 k\u00fc\u00e7\u00fck \u00f6l\u00e7ekli \u00e7ift\u00e7iye hibe deste\u011fi verdi ve e\u011fitimlerle 1000 \u00e7ift\u00e7iye ula\u015ft\u0131.<\/p>\n<p>&#8211;&gt;PepsiCo T\u00fcrkiye ana hammaddelerinden olan cipslik patatesi %100 s\u00fcrd\u00fcr\u00fclebilir olarak \u00fcretmeye ba\u015flad\u0131.<\/p>\n<p>&#8211;&gt;PepsiCo, \u00e7ift\u00e7ilerin daha dayan\u0131kl\u0131 hale gelmesini sa\u011flad\u0131 ve tar\u0131m kaynakl\u0131 karbon emisyonlar\u0131n\u0131 330.000 metrik tondan fazla oranda azaltt\u0131. Bu oran, 73.000\u2019i a\u015fk\u0131n arac\u0131n bir y\u0131l boyunca trafikten \u00e7ekilmesine e\u015fde\u011fer.<\/p>\n<p>&#8211; \u015eirketin ABD\u2019deki y\u00f6netici pozisyonlar\u0131nda Hispaniklerin temsil oran\u0131n\u0131 %10\u2019a \u00e7\u0131karma hedefi a\u015f\u0131ld\u0131.<\/p>\n<p>&#8211;&gt;PepsiCo bu hedefine \u00f6ng\u00f6r\u00fclenden \u00fc\u00e7 y\u0131l \u00f6nce ula\u015ft\u0131.<\/p>\n<p>2015\u2019ten bu yana su riskinin y\u00fcksek oldu\u011fu b\u00f6lgelerdeki operasyonlarda<strong> su kullan\u0131m\u0131 verimlili\u011fi %22<\/strong> oran\u0131nda art\u0131r\u0131ld\u0131.<a name=\"_ftnref5\"><\/a><a href=\"#_ftn5\"><sup>[5]<\/sup><\/a><\/p>\n<p>&#8211;&gt;PepsiCo halihaz\u0131rda 2025 y\u0131l\u0131na kadar %25\u2019lik art\u0131\u015f hedefine emin ad\u0131mlarla yakla\u015fmaktad\u0131r.<\/p>\n<p>&#8211; 2022\u2019de 12 milyon ki\u015finin daha g\u00fcvenli suya eri\u015fimi sa\u011fland\u0131.<\/p>\n<p>&#8211;&gt;PepsiCo 2006 y\u0131l\u0131ndan bu yana 80 milyondan fazla ki\u015finin g\u00fcvenli suya eri\u015fimini sa\u011flad\u0131.<\/p>\n<p>PepsiCo ayr\u0131ca ambalajlama ve emisyon azalt\u0131m\u0131 konusunda daha fazla ilerleme kaydetmeyi hedefledi\u011fini; bu konuya\u00a0y\u00f6nelik ilerleme sa\u011flayacak planlar \u00fczerinde \u00e7al\u0131\u015f\u0131ld\u0131\u011f\u0131n\u0131 ve kayda de\u011fer fark yaratmas\u0131 beklenen eylemlere \u00f6ncelik verildi\u011fini duyurdu.<\/p>\n<p>PepsiCo\u2019nun \u00e7ift\u00e7ileri s\u00fcre\u00e7lere dahil etme ve iklim de\u011fi\u015fikli\u011fini ele almak i\u00e7in yenileyici tar\u0131m uygulamalar\u0131ndan yararlanma yakla\u015f\u0131m\u0131n\u0131 yorumlayan <strong>Ulusal Bu\u011fday \u00dcreticileri Birli\u011fi CEO\u2019su Chandler Goule,\u00a0<\/strong><em>\u201cPepsiCo, g\u0131da \u015firketlerinin ve \u00fcreticilerin s\u00fcrd\u00fcr\u00fclebilir, uygun fiyatl\u0131 ve g\u00fcvenli g\u0131da yeti\u015ftirmek \u00fczere nas\u0131l etkili bir \u015fekilde i\u015f birli\u011fi yapabilece\u011fini g\u00f6stererek \u00f6n saflarda yer al\u0131yor. PepsiCo tar\u0131ma anlaml\u0131 yat\u0131r\u0131mlar yapt\u0131 ve s\u00fcrd\u00fcr\u00fclebilirlik hedeflerinin hem ula\u015f\u0131labilir olmas\u0131 hem de kar\u015f\u0131l\u0131kl\u0131 fayda sa\u011flamas\u0131 i\u00e7in en ba\u015f\u0131ndan itibaren yeti\u015ftiricilerin s\u00fcrece kat\u0131l\u0131m\u0131na \u00f6nc\u00fcl\u00fck etti\u011fini\u201d<\/em> s\u00f6yledi.<\/p>\n<p>\u015eeffaf raporlama yapmay\u0131 taahh\u00fct eden PepsiCo, Corporate Secretary taraf\u0131ndan verilen Kurumsal Y\u00f6netim \u00d6d\u00fclleri\u2019nde \u00fc\u00e7 y\u0131l \u00fcst \u00fcste b\u00fcy\u00fck sermayeli \u015firketler kategorisinde \u201cEn \u0130yi \u00c7SY Raporlamas\u0131\u201d \u00f6d\u00fcl\u00fcne de lay\u0131k g\u00f6r\u00fclm\u00fc\u015ft\u00fc.<\/p>\n<p>PepsiCo, 2022 \u00c7SY \u00d6zeti\u2019nin tamamlay\u0131c\u0131s\u0131 olarak,\u00a0<a href=\"https:\/\/www.pepsico.com\/our-impact\/esg-topics-a-z\" target=\"_blank\" rel=\"noopener\">A\u2019dan Z\u2019ye \u00c7SY Konular\u0131<\/a>\u00a0web sitesinde 50\u2019den fazla konuya ili\u015fkin yakla\u015f\u0131m\u0131 ve ilerlemesiyle ilgili ayr\u0131nt\u0131lar\u0131 da yay\u0131nlad\u0131. Bu y\u0131l\u0131n dijital \u00f6zetine ve ilgili t\u00fcm indirilebilir materyallere\u00a0<a href=\"https:\/\/www.pepsico.com\/our-impact\/sustainability\/report-downloads\" target=\"_blank\" rel=\"noopener\">buradan<\/a>\u00a0ula\u015fabilirsiniz.<\/p>","protected":false},"excerpt":{"rendered":"<p>Sorry, this entry is only available in Turkish. For the sake of viewer convenience, the content is shown below in the alternative language. You may click the link to switch the active language. PepsiCo, 2022 \u00c7evresel, Sosyal ve Y\u00f6neti\u015fim (\u00c7SY) \u00d6zetini yay\u0131nlayarak PepsiCo Positive\u2019in (pep+) 2021 y\u0131l\u0131nda hayata ge\u00e7irilmesinden bu yana ilk tam raporlama y\u0131l\u0131 [&hellip;]<\/p>\n","protected":false},"author":1,"featured_media":177556,"comment_status":"open","ping_status":"open","sticky":false,"template":"","format":"standard","meta":[],"categories":[53],"tags":[110148,110149,56642,78311,37845,41137],"views":45,"_links":{"self":[{"href":"https:\/\/www.enerjigazetesi.ist\/en\/wp-json\/wp\/v2\/posts\/177553"}],"collection":[{"href":"https:\/\/www.enerjigazetesi.ist\/en\/wp-json\/wp\/v2\/posts"}],"about":[{"href":"https:\/\/www.enerjigazetesi.ist\/en\/wp-json\/wp\/v2\/types\/post"}],"author":[{"embeddable":true,"href":"https:\/\/www.enerjigazetesi.ist\/en\/wp-json\/wp\/v2\/users\/1"}],"replies":[{"embeddable":true,"href":"https:\/\/www.enerjigazetesi.ist\/en\/wp-json\/wp\/v2\/comments?post=177553"}],"version-history":[{"count":0,"href":"https:\/\/www.enerjigazetesi.ist\/en\/wp-json\/wp\/v2\/posts\/177553\/revisions"}],"wp:featuredmedia":[{"embeddable":true,"href":"https:\/\/www.enerjigazetesi.ist\/en\/wp-json\/wp\/v2\/media\/177556"}],"wp:attachment":[{"href":"https:\/\/www.enerjigazetesi.ist\/en\/wp-json\/wp\/v2\/media?parent=177553"}],"wp:term":[{"taxonomy":"category","embeddable":true,"href":"https:\/\/www.enerjigazetesi.ist\/en\/wp-json\/wp\/v2\/categories?post=177553"},{"taxonomy":"post_tag","embeddable":true,"href":"https:\/\/www.enerjigazetesi.ist\/en\/wp-json\/wp\/v2\/tags?post=177553"}],"curies":[{"name":"wp","href":"https:\/\/api.w.org\/{rel}","templated":true}]}}