{"id":177547,"date":"2023-07-19T12:37:27","date_gmt":"2023-07-19T09:37:27","guid":{"rendered":"https:\/\/www.enerjigazetesi.ist\/?p=177547"},"modified":"2023-07-19T12:37:27","modified_gmt":"2023-07-19T09:37:27","slug":"oedas-saha-calisanlarina-is-sagligi-ve-guvenligi-egitimi-veriyor","status":"publish","type":"post","link":"https:\/\/www.enerjigazetesi.ist\/en\/oedas-saha-calisanlarina-is-sagligi-ve-guvenligi-egitimi-veriyor\/","title":{"rendered":"(Turkish) &#8217;OEDA\u015e&#8217; Saha \u00c7al\u0131\u015fanlar\u0131na \u0130\u015f Sa\u011fl\u0131\u011f\u0131 ve G\u00fcvenli\u011fi E\u011fitimi Veriyor"},"content":{"rendered":"<p class=\"qtranxs-available-languages-message qtranxs-available-languages-message-en\">Sorry, this entry is only available in <a href=\"https:\/\/www.enerjigazetesi.ist\/tr\/wp-json\/wp\/v2\/posts\/177547\" class=\"qtranxs-available-language-link qtranxs-available-language-link-tr\" title=\"Turkish\">Turkish<\/a>. For the sake of viewer convenience, the content is shown below in the alternative language. You may click the link to switch the active language.<\/p><p><\/p>\n<h2><strong>\u00c7al\u0131\u015fanlar\u0131na, y\u00fcklenicilerine ve tedarik\u00e7ilerine g\u00fcvenli ve sa\u011fl\u0131kl\u0131 bir i\u015f ortam\u0131 sa\u011flamak i\u00e7in faaliyetlerini aral\u0131ks\u0131z s\u00fcrd\u00fcren OEDA\u015e, 800\u2019\u00fcn \u00fczerinde saha \u00e7al\u0131\u015fan\u0131na mevzuatta belirtilen ve ald\u0131r\u0131lmas\u0131 zorunlu olan konu ba\u015fl\u0131klar\u0131ndaki e\u011fitimlerin yan\u0131 s\u0131ra toplam 50 farkl\u0131 konu ba\u015fl\u0131\u011f\u0131n\u0131 kapsayacak \u015fekilde teorik ve uygulama e\u011fitimleri de veriyor. Eski\u015fehir\u2019de bulunan OEDA\u015e Akademi Sultandere E\u011fitim ve Uygulama Sahas\u0131\u2019nda ger\u00e7ekle\u015ftirilen e\u011fitimlerin Aral\u0131k 2023\u2019te tamamlanmas\u0131 ve her y\u0131l tekrarlanmas\u0131 planlan\u0131yor.<\/strong><\/h2>\n<p><strong>Afyonkarahisar, Bilecik, Eski\u015fehir, K\u00fctahya ve U\u015fak<\/strong> illerinin elektrik da\u011f\u0131t\u0131m hizmetini <img loading=\"lazy\" class=\"alignright wp-image-177551\" src=\"https:\/\/www.enerjigazetesi.ist\/wp-content\/uploads\/2023\/07\/oedas-saha-calisanlarina-is-sagligi-ve-guvenligi-egitimi-veriyor-1.jpg\" alt=\"\" width=\"320\" height=\"411\" srcset=\"https:\/\/www.enerjigazetesi.ist\/wp-content\/uploads\/2023\/07\/oedas-saha-calisanlarina-is-sagligi-ve-guvenligi-egitimi-veriyor-1.jpg 374w, https:\/\/www.enerjigazetesi.ist\/wp-content\/uploads\/2023\/07\/oedas-saha-calisanlarina-is-sagligi-ve-guvenligi-egitimi-veriyor-1-234x300.jpg 234w, https:\/\/www.enerjigazetesi.ist\/wp-content\/uploads\/2023\/07\/oedas-saha-calisanlarina-is-sagligi-ve-guvenligi-egitimi-veriyor-1-312x400.jpg 312w, https:\/\/www.enerjigazetesi.ist\/wp-content\/uploads\/2023\/07\/oedas-saha-calisanlarina-is-sagligi-ve-guvenligi-egitimi-veriyor-1-39x50.jpg 39w\" sizes=\"(max-width: 320px) 100vw, 320px\" \/>sa\u011flayan <strong>Osmangazi Elektrik Da\u011f\u0131t\u0131m Anonim \u015eirketi (OEDA\u015e)<\/strong>,<strong> i\u015f sa\u011fl\u0131\u011f\u0131 ve g\u00fcvenli\u011fi e\u011fitimleri<\/strong>ne aral\u0131ks\u0131z devam ediyor. \u00c7al\u0131\u015fanlar\u0131na, y\u00fcklenicilerine ve tedarik\u00e7ilerine g\u00fcvenli ve sa\u011fl\u0131kl\u0131 bir i\u015f ortam\u0131 sa\u011flamay\u0131 hedefleyen OEDA\u015e, bu nedenle de mevzuatta belirtilen ve ald\u0131r\u0131lmas\u0131 zorunlu olan konu ba\u015fl\u0131klar\u0131ndaki e\u011fitimlerin yan\u0131 s\u0131ra <strong>her \u00e7al\u0131\u015fan i\u00e7in<\/strong> <strong>en az \u00fc\u00e7er g\u00fcnl\u00fck<\/strong> olmak \u00fczere <strong>toplam 50 farkl\u0131 konu ba\u015fl\u0131\u011f\u0131n\u0131<\/strong> kapsayacak \u015fekilde <strong>teorik<\/strong> ve <strong>uygulama e\u011fitimleri<\/strong> ger\u00e7ekle\u015ftiriyor.<\/p>\n<h3><strong>Muzaffer Yal\u00e7\u0131n: \u201cY\u00fcksekte g\u00fcvenli \u00e7al\u0131\u015fmadan \u00e7evre bilincine uzanan e\u011fitimler veriyoruz\u201d<\/strong><\/h3>\n<p>\u0130\u015f Sa\u011fl\u0131\u011f\u0131 ve G\u00fcvenli\u011fi (\u0130SG) Kanunu h\u00fck\u00fcmlerine ek olarak <strong>\u015firket i\u00e7inde \u00e7al\u0131\u015fma arkada\u015flar\u0131n\u0131 bilin\u00e7lendirmek<\/strong> i\u00e7in <strong>yenilik\u00e7i teknolojiler de kulland\u0131klar\u0131n\u0131<\/strong> anlatan <strong>OEDA\u015e Direkt\u00f6r\u00fc Muzaffer Yal\u00e7\u0131n<\/strong>, <em>\u201cBu kapsamda e\u011fitimlerimizi Eski\u015fehir\u2019 de bulunan OEDA\u015e Akademi Sultandere E\u011fitim ve Uygulama Saham\u0131zda d\u00fczenliyoruz. T\u00fcm da\u011f\u0131t\u0131m \u015febekesini kapsayacak \u015fekilde belirlenen <strong>teknik e\u011fitimlerin<\/strong> yan\u0131 s\u0131ra <strong>d\u00fc\u015fmeden korunma, kurtarma<\/strong> ve <strong>y\u00fcksekte g\u00fcvenli \u00e7al\u0131\u015fmalar<\/strong>, <strong>\u00e7evre bilinci, ileti\u015fim ve davran\u0131\u015f<\/strong> gibi konular\u0131 da i\u00e7erecek \u015fekilde olu\u015fturulan e\u011fitim program\u0131m\u0131z kapsam\u0131nda <strong>800\u2019\u00fcn \u00fczerindeki saha \u00e7al\u0131\u015fan\u0131m\u0131za<\/strong> e\u011fitim veriyoruz. <strong>Aral\u0131k 2023\u2019te<\/strong> <strong>tamamlanmas\u0131 planlanan bu e\u011fitimlerimizi<\/strong> <strong>her y\u0131l tekrarlamay\u0131 da hedefliyoruz.<\/strong>\u201d<\/em> dedi.<\/p>","protected":false},"excerpt":{"rendered":"<p>Sorry, this entry is only available in Turkish. For the sake of viewer convenience, the content is shown below in the alternative language. You may click the link to switch the active language. \u00c7al\u0131\u015fanlar\u0131na, y\u00fcklenicilerine ve tedarik\u00e7ilerine g\u00fcvenli ve sa\u011fl\u0131kl\u0131 bir i\u015f ortam\u0131 sa\u011flamak i\u00e7in faaliyetlerini aral\u0131ks\u0131z s\u00fcrd\u00fcren OEDA\u015e, 800\u2019\u00fcn \u00fczerinde saha \u00e7al\u0131\u015fan\u0131na mevzuatta belirtilen [&hellip;]<\/p>\n","protected":false},"author":1,"featured_media":177550,"comment_status":"open","ping_status":"open","sticky":false,"template":"","format":"standard","meta":[],"categories":[51,53],"tags":[91004,9749,110147,7471],"views":44,"_links":{"self":[{"href":"https:\/\/www.enerjigazetesi.ist\/en\/wp-json\/wp\/v2\/posts\/177547"}],"collection":[{"href":"https:\/\/www.enerjigazetesi.ist\/en\/wp-json\/wp\/v2\/posts"}],"about":[{"href":"https:\/\/www.enerjigazetesi.ist\/en\/wp-json\/wp\/v2\/types\/post"}],"author":[{"embeddable":true,"href":"https:\/\/www.enerjigazetesi.ist\/en\/wp-json\/wp\/v2\/users\/1"}],"replies":[{"embeddable":true,"href":"https:\/\/www.enerjigazetesi.ist\/en\/wp-json\/wp\/v2\/comments?post=177547"}],"version-history":[{"count":1,"href":"https:\/\/www.enerjigazetesi.ist\/en\/wp-json\/wp\/v2\/posts\/177547\/revisions"}],"predecessor-version":[{"id":177548,"href":"https:\/\/www.enerjigazetesi.ist\/en\/wp-json\/wp\/v2\/posts\/177547\/revisions\/177548"}],"wp:featuredmedia":[{"embeddable":true,"href":"https:\/\/www.enerjigazetesi.ist\/en\/wp-json\/wp\/v2\/media\/177550"}],"wp:attachment":[{"href":"https:\/\/www.enerjigazetesi.ist\/en\/wp-json\/wp\/v2\/media?parent=177547"}],"wp:term":[{"taxonomy":"category","embeddable":true,"href":"https:\/\/www.enerjigazetesi.ist\/en\/wp-json\/wp\/v2\/categories?post=177547"},{"taxonomy":"post_tag","embeddable":true,"href":"https:\/\/www.enerjigazetesi.ist\/en\/wp-json\/wp\/v2\/tags?post=177547"}],"curies":[{"name":"wp","href":"https:\/\/api.w.org\/{rel}","templated":true}]}}