{"id":177532,"date":"2023-07-18T15:47:42","date_gmt":"2023-07-18T12:47:42","guid":{"rendered":"https:\/\/www.enerjigazetesi.ist\/?p=177532"},"modified":"2023-07-18T15:49:16","modified_gmt":"2023-07-18T12:49:16","slug":"isi-yalitimi-ile-yazin-klimaniz-daha-az-calissin-elektrik-faturalariniz-dussun","status":"publish","type":"post","link":"https:\/\/www.enerjigazetesi.ist\/en\/isi-yalitimi-ile-yazin-klimaniz-daha-az-calissin-elektrik-faturalariniz-dussun\/","title":{"rendered":"(Turkish) Is\u0131 Yal\u0131t\u0131m\u0131 ile Yaz\u0131n Kliman\u0131z Daha Az \u00c7al\u0131\u015fs\u0131n Elektrik Faturan\u0131z D\u00fc\u015fs\u00fcn"},"content":{"rendered":"<p class=\"qtranxs-available-languages-message qtranxs-available-languages-message-en\">Sorry, this entry is only available in <a href=\"https:\/\/www.enerjigazetesi.ist\/tr\/wp-json\/wp\/v2\/posts\/177532\" class=\"qtranxs-available-language-link qtranxs-available-language-link-tr\" title=\"Turkish\">Turkish<\/a>. For the sake of viewer convenience, the content is shown below in the alternative language. You may click the link to switch the active language.<\/p><p><\/p>\n<h2><strong>Is\u0131 yal\u0131t\u0131m\u0131 duvarlardan i\u00e7 ve d\u0131\u015f ortam aras\u0131ndaki \u0131s\u0131 ge\u00e7i\u015fini s\u0131n\u0131rland\u0131ran bir uygulama oldu\u011fu i\u00e7in k\u0131\u015f\u0131n \u0131s\u0131t\u0131lan ortam\u0131n so\u011fumas\u0131n\u0131 engellerken, yaz\u0131n ise klima kullan\u0131m\u0131 ile olu\u015fan i\u00e7 ortam serinli\u011finin daha uzun s\u00fcre muhafaza edilmesini sa\u011fl\u0131yor. Yaz s\u0131caklar\u0131 bast\u0131rmadan binan\u0131z\u0131n d\u0131\u015f cephesine yapt\u0131raca\u011f\u0131n\u0131z do\u011fru bir \u0131s\u0131 yal\u0131t\u0131m sistemi sayesinde <\/strong><strong>kliman\u0131z daha az \u00e7al\u0131\u015fs\u0131n, elektrik faturalar\u0131n\u0131z d\u00fc\u015fs\u00fcn.<\/strong><\/h2>\n<p>T\u00fcrkiye\u2019nin \u00f6nc\u00fc d\u0131\u015f cephe \u0131s\u0131 yal\u0131t\u0131m markas\u0131 Dalma\u00e7yal\u0131, binalardaki <strong>\u0131s\u0131 kay\u0131plar\u0131n\u0131 termal kamera<\/strong> ile <strong>g\u00f6r\u00fcnt\u00fcleyerek<\/strong> bina sakinlerini bilgilendiriyor. 2020 y\u0131l\u0131ndan bu yana <strong>50 binin \u00fczerinde binan\u0131n termal kamera ile \u0131s\u0131 kay\u0131plar\u0131n\u0131 \u00f6l\u00e7erek<\/strong> raporlamas\u0131n\u0131 yapan Dalma\u00e7yal\u0131 <strong>Is\u0131 Kayb\u0131 \u00d6l\u00e7\u00fcm Ekipleri<\/strong>, enerji verimlili\u011fi alan\u0131ndaki \u00e7al\u0131\u015fmalara katk\u0131da bulunmak \u00fczere Temmuz <img loading=\"lazy\" class=\"alignright wp-image-177537\" src=\"https:\/\/www.enerjigazetesi.ist\/wp-content\/uploads\/2023\/07\/isi-yalitimi-ile-yazin-klimaniz-daha-az-calissin-elektrik-faturalariniz-dussun-1.jpg\" alt=\"\" width=\"320\" height=\"306\" srcset=\"https:\/\/www.enerjigazetesi.ist\/wp-content\/uploads\/2023\/07\/isi-yalitimi-ile-yazin-klimaniz-daha-az-calissin-elektrik-faturalariniz-dussun-1.jpg 502w, https:\/\/www.enerjigazetesi.ist\/wp-content\/uploads\/2023\/07\/isi-yalitimi-ile-yazin-klimaniz-daha-az-calissin-elektrik-faturalariniz-dussun-1-300x287.jpg 300w, https:\/\/www.enerjigazetesi.ist\/wp-content\/uploads\/2023\/07\/isi-yalitimi-ile-yazin-klimaniz-daha-az-calissin-elektrik-faturalariniz-dussun-1-418x400.jpg 418w, https:\/\/www.enerjigazetesi.ist\/wp-content\/uploads\/2023\/07\/isi-yalitimi-ile-yazin-klimaniz-daha-az-calissin-elektrik-faturalariniz-dussun-1-52x50.jpg 52w, https:\/\/www.enerjigazetesi.ist\/wp-content\/uploads\/2023\/07\/isi-yalitimi-ile-yazin-klimaniz-daha-az-calissin-elektrik-faturalariniz-dussun-1-500x478.jpg 500w\" sizes=\"(max-width: 320px) 100vw, 320px\" \/>ay\u0131ndan itibaren yazl\u0131k b\u00f6lgelerde T\u00fcrkiye\u2019yi dola\u015fmaya devam edecek ve uzman teknik kadrosuyla, t\u00fcm T\u00fcrkiye\u2019de \u00fccretsiz olarak sundu\u011fu bu hizmet sayesinde <strong>bina sakinlerine binalar\u0131 \u00f6zelinde \u0131s\u0131 kay\u0131plar\u0131n\u0131 somut bir \u015fekilde g\u00f6sterecek.<\/strong><\/p>\n<h3><strong>\u201cSadece so\u011fuk iklimlerde de\u011fil, s\u0131cak iklimlerde de \u0131s\u0131 yal\u0131t\u0131m\u0131 bir ihtiya\u00e7\u201d<\/strong><\/h3>\n<p>Is\u0131 yal\u0131t\u0131m\u0131n\u0131n her iklimde bir ihtiya\u00e7 oldu\u011funa de\u011finen <strong>Nippon Paint Betek Yal\u0131t\u0131m Marka M\u00fcd\u00fcr\u00fc \u00d6zmert Baysaling<\/strong> <em>\u201cEvlerimizde enerji t\u00fcketiminin yakla\u015f\u0131k <strong>y\u00fczde 80<\/strong>\u2019i <strong>\u0131s\u0131tma<\/strong> ve <strong>so\u011futma<\/strong> ama\u00e7l\u0131 ihtiya\u00e7lardan kaynaklan\u0131yor. Sadece <strong>so\u011fuk iklimlerde<\/strong> de\u011fil, <strong>s\u0131cak iklimlerde<\/strong> de <strong>\u0131s\u0131 yal\u0131t\u0131m\u0131 bir ihtiya\u00e7<\/strong>. Uzun y\u0131llard\u0131r sosyal sorumlulu\u011fumuz ve i\u015fimizin ayr\u0131lmaz bir par\u00e7as\u0131 olarak g\u00f6rd\u00fc\u011f\u00fcm\u00fcz <strong>enerji verimlili\u011fi bilgilendirme \u00e7al\u0131\u015fmalar\u0131<\/strong> sonucunda t\u00fcketiciler \u0131s\u0131 yal\u0131t\u0131m\u0131n\u0131n gereklili\u011fi konusunda \u00e7ok daha bilin\u00e7li hale geldiler. <strong>Do\u011fru \u0131s\u0131 yal\u0131t\u0131m sistemi<\/strong> ve standartlarda belirtilen \u015fekilde <strong>b\u00f6lgeye uygun levha kal\u0131nl\u0131\u011f\u0131 se\u00e7imi<\/strong> bu noktada t\u00fcketiciler i\u00e7in b\u00fcy\u00fck \u00f6nem kazan\u0131yor\u201d<\/em> dedi.<\/p>\n<h3><strong>T\u00fcketicilerin bilin\u00e7lenmesi hedefleniyor<\/strong><\/h3>\n<p><em>\u201c\u0130\u00e7inde bulundu\u011fumuz yaz aylar\u0131n\u0131n ba\u015f\u0131nda s\u0131cak iklim ko\u015fullar\u0131nda da \u0131s\u0131 yal\u0131t\u0131m\u0131n\u0131n katk\u0131lar\u0131n\u0131 \u00f6zellikle vurgulamak istiyoruz. <strong>Is\u0131 yal\u0131t\u0131m\u0131<\/strong> i\u00e7 ortam\u0131n \u0131s\u0131s\u0131n\u0131 korudu\u011fu i\u00e7in <strong>klimalar daha az \u00e7al\u0131\u015f\u0131yor<\/strong> ve bu da harcanan <strong>elektrik enerjisi miktar\u0131n\u0131 d\u00fc\u015f\u00fcr\u00fcyor<\/strong>\u201d <\/em>diyen Baysaling, \u015f\u00f6yle devam etti:<em> \u201c20 y\u0131l\u0131 a\u015fk\u0131n deneyimimizle \u00fclkemizdeki 81 ildeki iklim ko\u015fullar\u0131n\u0131 ve yap\u0131 fizi\u011fini \u00e7ok iyi biliyoruz. T\u00fcketicilerin bilin\u00e7lenerek tasarruf etmesi ad\u0131na sundu\u011fumuz <strong>termal kamera raporlar\u0131na<\/strong> ilaveten <strong>Dalma\u00e7yal\u0131 Enerji Tasarrufu Analizi Raporu<\/strong> ile t\u00fcketiciler kolayl\u0131kla <strong>web sitesinde yer alan formu doldurarak<\/strong> binalar\u0131nda Dalma\u00e7yal\u0131 ile yapt\u0131racaklar\u0131 <strong>do\u011fru bir \u0131s\u0131 yal\u0131t\u0131m\u0131<\/strong> ile <strong>ne kadar enerji tasarrufu sa\u011flayabileceklerini<\/strong> ve <strong>\u00e7evreye olan katk\u0131lar\u0131n\u0131<\/strong> g\u00f6rebiliyorlar. Temmuz ay\u0131 itibariyle <strong>Termal Kamera Roadshow<\/strong> etkinli\u011fimizin <strong>yazl\u0131k b\u00f6lgelerdeki \u00e7ekimlerine<\/strong> devam ederek t\u00fcketicilerimize \u0131s\u0131 yal\u0131t\u0131m\u0131n\u0131n <strong>4 mevsim kazan\u00e7, 4 mevsim termal konfor<\/strong> sundu\u011funu anlataca\u011f\u0131z.\u201d<\/em><\/p>","protected":false},"excerpt":{"rendered":"<p>Sorry, this entry is only available in Turkish. For the sake of viewer convenience, the content is shown below in the alternative language. You may click the link to switch the active language. Is\u0131 yal\u0131t\u0131m\u0131 duvarlardan i\u00e7 ve d\u0131\u015f ortam aras\u0131ndaki \u0131s\u0131 ge\u00e7i\u015fini s\u0131n\u0131rland\u0131ran bir uygulama oldu\u011fu i\u00e7in k\u0131\u015f\u0131n \u0131s\u0131t\u0131lan ortam\u0131n so\u011fumas\u0131n\u0131 engellerken, yaz\u0131n ise [&hellip;]<\/p>\n","protected":false},"author":1,"featured_media":177536,"comment_status":"open","ping_status":"open","sticky":false,"template":"","format":"standard","meta":[],"categories":[53,52],"tags":[86499,12,110144,5312,793],"views":33,"_links":{"self":[{"href":"https:\/\/www.enerjigazetesi.ist\/en\/wp-json\/wp\/v2\/posts\/177532"}],"collection":[{"href":"https:\/\/www.enerjigazetesi.ist\/en\/wp-json\/wp\/v2\/posts"}],"about":[{"href":"https:\/\/www.enerjigazetesi.ist\/en\/wp-json\/wp\/v2\/types\/post"}],"author":[{"embeddable":true,"href":"https:\/\/www.enerjigazetesi.ist\/en\/wp-json\/wp\/v2\/users\/1"}],"replies":[{"embeddable":true,"href":"https:\/\/www.enerjigazetesi.ist\/en\/wp-json\/wp\/v2\/comments?post=177532"}],"version-history":[{"count":0,"href":"https:\/\/www.enerjigazetesi.ist\/en\/wp-json\/wp\/v2\/posts\/177532\/revisions"}],"wp:featuredmedia":[{"embeddable":true,"href":"https:\/\/www.enerjigazetesi.ist\/en\/wp-json\/wp\/v2\/media\/177536"}],"wp:attachment":[{"href":"https:\/\/www.enerjigazetesi.ist\/en\/wp-json\/wp\/v2\/media?parent=177532"}],"wp:term":[{"taxonomy":"category","embeddable":true,"href":"https:\/\/www.enerjigazetesi.ist\/en\/wp-json\/wp\/v2\/categories?post=177532"},{"taxonomy":"post_tag","embeddable":true,"href":"https:\/\/www.enerjigazetesi.ist\/en\/wp-json\/wp\/v2\/tags?post=177532"}],"curies":[{"name":"wp","href":"https:\/\/api.w.org\/{rel}","templated":true}]}}