{"id":177494,"date":"2023-07-18T13:14:31","date_gmt":"2023-07-18T10:14:31","guid":{"rendered":"https:\/\/www.enerjigazetesi.ist\/?p=177494"},"modified":"2023-07-18T13:14:31","modified_gmt":"2023-07-18T10:14:31","slug":"gundogdu-mobilya-cati-ges-projesiyle-enerji-maliyetlerini-azaltiyor","status":"publish","type":"post","link":"https:\/\/www.enerjigazetesi.ist\/en\/gundogdu-mobilya-cati-ges-projesiyle-enerji-maliyetlerini-azaltiyor\/","title":{"rendered":"(Turkish) &#8217;G\u00fcndo\u011fdu Mobilya&#8217; \u00c7at\u0131 GES Projesiyle Enerji Maliyetlerini Azalt\u0131yor"},"content":{"rendered":"<p class=\"qtranxs-available-languages-message qtranxs-available-languages-message-en\">Sorry, this entry is only available in <a href=\"https:\/\/www.enerjigazetesi.ist\/tr\/wp-json\/wp\/v2\/posts\/177494\" class=\"qtranxs-available-language-link qtranxs-available-language-link-tr\" title=\"Turkish\">Turkish<\/a>. For the sake of viewer convenience, the content is shown below in the alternative language. You may click the link to switch the active language.<\/p><p><\/p>\n<h2>\u00c7at\u0131 G\u00fcne\u015f Enerji Sistemi (\u00c7at\u0131 GES) hem d\u00fcnyada hem de \u00fclkemizde giderek yayg\u0131nla\u015f\u0131yor. Bir\u00e7ok i\u015fletme enerji maliyetlerinden tasarruf etmek ve s\u00fcrd\u00fcr\u00fclebilirli\u011fe katk\u0131da bulunmak i\u00e7in bu sistemi kullanmaya y\u00f6neliyor. \u00d6yle ki iklim d\u00fc\u015f\u00fcnce kurulu\u015fu Ember&#8217;in analizine g\u00f6re, iklim krizini \u00f6nlemeye y\u00f6nelik hedeflere ula\u015f\u0131lmas\u0131 i\u00e7in k\u00fcresel elektrik \u00fcretiminin 2040\u2019a kadar karbondan tamamen ar\u0131nd\u0131r\u0131lmas\u0131 gerekiyor.<\/h2>\n<p>Bu do\u011frultuda harekete ge\u00e7en <strong>G\u00fcndo\u011fdu mobilya<\/strong> ise <strong>G\u00f6ktekin Enerji<\/strong> ile i\u015fbirli\u011fi yaparak \u00c7at\u0131 GES uygulamas\u0131n\u0131 ba\u015flatt\u0131\u011f\u0131n\u0131 duyurdu. Marka, b\u00f6ylece s\u00fcrd\u00fcr\u00fclebilirli\u011fe katk\u0131da bulunurken <strong>enerji maliyetlerini de azalt\u0131p<\/strong> <strong>t\u00fcketicilere uygun fiyatl\u0131 mobilyalar sunuyor.<\/strong><\/p>\n<p><strong>G\u00fcndo\u011fdu Mobilya Y\u00f6n. Kurulu \u00dcyesi Okan G\u00fcndo\u011fdu<\/strong> konuya dair <em>\u201cK\u00fcresel n\u00fcfus oran\u0131<strong><img loading=\"lazy\" class=\"alignright wp-image-177498\" src=\"https:\/\/www.enerjigazetesi.ist\/wp-content\/uploads\/2023\/07\/gundogdu-mobilya-cati-ges-projesiyle-enerji-maliyetlerini-azaltiyor-1.jpg\" alt=\"\" width=\"320\" height=\"194\" srcset=\"https:\/\/www.enerjigazetesi.ist\/wp-content\/uploads\/2023\/07\/gundogdu-mobilya-cati-ges-projesiyle-enerji-maliyetlerini-azaltiyor-1.jpg 550w, https:\/\/www.enerjigazetesi.ist\/wp-content\/uploads\/2023\/07\/gundogdu-mobilya-cati-ges-projesiyle-enerji-maliyetlerini-azaltiyor-1-300x182.jpg 300w, https:\/\/www.enerjigazetesi.ist\/wp-content\/uploads\/2023\/07\/gundogdu-mobilya-cati-ges-projesiyle-enerji-maliyetlerini-azaltiyor-1-500x303.jpg 500w, https:\/\/www.enerjigazetesi.ist\/wp-content\/uploads\/2023\/07\/gundogdu-mobilya-cati-ges-projesiyle-enerji-maliyetlerini-azaltiyor-1-80x48.jpg 80w\" sizes=\"(max-width: 320px) 100vw, 320px\" \/><\/strong> y\u00fckseldik\u00e7e, enerji ve \u00fcretim ihtiyac\u0131 da art\u0131yor. Fakat mevcut enerji t\u00fcrleriyle bu b\u00fcy\u00fcmenin sa\u011fl\u0131kl\u0131 bir \u015fekilde ger\u00e7ekle\u015ftirilmesi m\u00fcmk\u00fcn de\u011fil. Bu sebeple s\u00fcrd\u00fcr\u00fclebilirlik, \u00e7a\u011f\u0131m\u0131z\u0131n en \u00f6nemli meselesi olarak kabul g\u00f6rmeli. Biz de G\u00f6ktekin Enerji ile i\u015fbirli\u011fine imza atarak \u00c7at\u0131 GES kurulumunu tamamlad\u0131k. <strong>Kurulum g\u00fcc\u00fc\u00a01889,4 kWp<\/strong>\u00a0olan bu sistem,\u00a0y\u0131ll\u0131k\u00a0<strong>1864,948\u00a0kWh<\/strong>\u00a0enerji \u00fcretim kapasitesine sahip. Mevcut haliyle \u00fcretim i\u00e7in ihtiya\u00e7 duydu\u011fumuz enerjinin \u00f6nemli k\u0131sm\u0131n\u0131 buradan kar\u015f\u0131layabiliyoruz\u201d<\/em> dedi.<\/p>\n<h3>\u201c<strong>Fatura maliyetlerini d\u00fc\u015f\u00fcr\u00fcyor\u201d<\/strong><\/h3>\n<p>\u00c7at\u0131 GES sisteminin sa\u011flad\u0131\u011f\u0131 avantajlara dair bilgi veren <strong>G\u00fcndo\u011fdu Mobilya Y\u00f6n. Kurulu \u00dcyesi Okan G\u00fcndo\u011fdu,<\/strong> \u201cHen\u00fcz hayata ge\u00e7irdi\u011fimiz bu sistemin pek \u00e7ok avantaj\u0131 var. Bunlardan en \u00f6nemlisi elbette <strong>s\u00fcrd\u00fcr\u00fclebilir bir enerji kayna\u011f\u0131<\/strong> olmas\u0131. \u0130kinci olarak da <strong>elektrik faturas\u0131nda tasarrufa kap\u0131 aralamas\u0131<\/strong> olarak g\u00f6sterilebilir. Sistemin d\u00fc\u015f\u00fck bak\u0131m maliyetine sahip olmas\u0131 ve \u00e7evresel faydalar\u0131 da olduk\u00e7a \u00f6nemli. <strong>Enerji alan\u0131nda<\/strong> <strong>ba\u011f\u0131ms\u0131zl\u0131k<\/strong> ve <strong>enerji g\u00fcvencesi de<\/strong> i\u015fletme devaml\u0131l\u0131\u011f\u0131 a\u00e7\u0131s\u0131ndan kritik bir \u00f6neme sahip\u201d \u015feklinde konu\u015ftu.<\/p>\n<h3>\u201c<strong>Enerji tasarrufunu \u00fcr\u00fcn fiyatlar\u0131na yans\u0131tarak m\u00fc\u015fterimizin y\u00fcz\u00fcn\u00fc g\u00fcld\u00fcrece\u011fiz\u201d<\/strong><\/h3>\n<p>Enerjide elde edilen tasarrufun t\u00fcketiciler i\u00e7in de faydas\u0131 oldu\u011funu kaydeden <strong>G\u00fcndo\u011fdu Mobilya Y\u00f6n. Kurulu \u00dcyesi Okan G\u00fcndo\u011fdu<\/strong>, \u201cBu sistem sayesinde enerjiden<strong> elde edece\u011fimiz tasarrufu fiyatlar\u0131m\u0131za yans\u0131tmay\u0131 planl\u0131yoruz<\/strong>. B\u00f6ylece t\u00fcketici de yat\u0131r\u0131m\u0131m\u0131zdan pay\u0131na d\u00fc\u015feni alacak. Benimsedi\u011fimiz bu politikayla biz de rekabet avantaj\u0131 elde edece\u011fiz. \u00dcstelik att\u0131\u011f\u0131m\u0131z bu ad\u0131mla sekt\u00f6re \u00f6rnek olaca\u011f\u0131m\u0131z\u0131 ve di\u011fer i\u015fletmelerin de <strong>do\u011fa dostu \u00e7\u00f6z\u00fcmlere ge\u00e7melerini<\/strong> te\u015fvik edece\u011fimizi d\u00fc\u015f\u00fcn\u00fcyoruz\u201d dedi.<\/p>\n<h3>\u201c<strong>Enerji fiyatlar\u0131ndaki dalgalanmalar art\u0131k korkutucu de\u011fil\u201d<\/strong><\/h3>\n<p><strong>G\u00fcndo\u011fdu Mobilya Y\u00f6n. Kurulu \u00dcyesi Okan G\u00fcndo\u011fdu<\/strong>, s\u00f6zlerini \u015f\u00f6yle sonland\u0131rd\u0131: <em>\u201cEnerji maliyeti, <strong>biz gibi \u00fcreticilerin en b\u00fcy\u00fck gider kalemlerinden birini<\/strong> olu\u015fturuyor. D\u00fcnyada ve \u00fclkemizde ya\u015fanan geli\u015fmeler de ilk olarak <strong>enerji fiyatlar\u0131n\u0131n yukar\u0131 y\u00f6nl\u00fc seyir izlemesine<\/strong> sebep oluyor. Bu da <strong>uzun vadeli planlar yaparken<\/strong> olduk\u00e7a zorlanmam\u0131za sebep oluyor. Bug\u00fcn geldi\u011fimiz noktada <strong>enerjimizi ihtiyac\u0131m\u0131z\u0131<\/strong> <strong>b\u00fcy\u00fck \u00f6l\u00e7\u00fcde s\u00fcrd\u00fcr\u00fclebilirlik oda\u011f\u0131na \u00e7ekiyoruz.<\/strong> Haliyle <strong>enerji fiyatlar\u0131ndaki dalgalanmalardan<\/strong> da <strong>minimum seviyede<\/strong> etkileniyoruz.\u201d<\/em><\/p>","protected":false},"excerpt":{"rendered":"<p>Sorry, this entry is only available in Turkish. For the sake of viewer convenience, the content is shown below in the alternative language. You may click the link to switch the active language. \u00c7at\u0131 G\u00fcne\u015f Enerji Sistemi (\u00c7at\u0131 GES) hem d\u00fcnyada hem de \u00fclkemizde giderek yayg\u0131nla\u015f\u0131yor. Bir\u00e7ok i\u015fletme enerji maliyetlerinden tasarruf etmek ve s\u00fcrd\u00fcr\u00fclebilirli\u011fe katk\u0131da [&hellip;]<\/p>\n","protected":false},"author":1,"featured_media":177497,"comment_status":"open","ping_status":"open","sticky":false,"template":"","format":"standard","meta":[],"categories":[53,49],"tags":[36606,105596,19,67678,110125,13],"views":58,"_links":{"self":[{"href":"https:\/\/www.enerjigazetesi.ist\/en\/wp-json\/wp\/v2\/posts\/177494"}],"collection":[{"href":"https:\/\/www.enerjigazetesi.ist\/en\/wp-json\/wp\/v2\/posts"}],"about":[{"href":"https:\/\/www.enerjigazetesi.ist\/en\/wp-json\/wp\/v2\/types\/post"}],"author":[{"embeddable":true,"href":"https:\/\/www.enerjigazetesi.ist\/en\/wp-json\/wp\/v2\/users\/1"}],"replies":[{"embeddable":true,"href":"https:\/\/www.enerjigazetesi.ist\/en\/wp-json\/wp\/v2\/comments?post=177494"}],"version-history":[{"count":0,"href":"https:\/\/www.enerjigazetesi.ist\/en\/wp-json\/wp\/v2\/posts\/177494\/revisions"}],"wp:featuredmedia":[{"embeddable":true,"href":"https:\/\/www.enerjigazetesi.ist\/en\/wp-json\/wp\/v2\/media\/177497"}],"wp:attachment":[{"href":"https:\/\/www.enerjigazetesi.ist\/en\/wp-json\/wp\/v2\/media?parent=177494"}],"wp:term":[{"taxonomy":"category","embeddable":true,"href":"https:\/\/www.enerjigazetesi.ist\/en\/wp-json\/wp\/v2\/categories?post=177494"},{"taxonomy":"post_tag","embeddable":true,"href":"https:\/\/www.enerjigazetesi.ist\/en\/wp-json\/wp\/v2\/tags?post=177494"}],"curies":[{"name":"wp","href":"https:\/\/api.w.org\/{rel}","templated":true}]}}