{"id":177470,"date":"2023-07-17T16:41:31","date_gmt":"2023-07-17T13:41:31","guid":{"rendered":"https:\/\/www.enerjigazetesi.ist\/?p=177470"},"modified":"2023-07-17T17:05:41","modified_gmt":"2023-07-17T14:05:41","slug":"ecogreen-den-turkiyenin-en-buyuk-2-inci-ve-en-yenilikci-santrali","status":"publish","type":"post","link":"https:\/\/www.enerjigazetesi.ist\/en\/ecogreen-den-turkiyenin-en-buyuk-2-inci-ve-en-yenilikci-santrali\/","title":{"rendered":"(Turkish) Ecogreen&#8217;den T\u00fcrkiye&#8217;nin En B\u00fcy\u00fck 2&#8217;inci ve En Yenilik\u00e7i Santrali"},"content":{"rendered":"<p class=\"qtranxs-available-languages-message qtranxs-available-languages-message-en\">Sorry, this entry is only available in <a href=\"https:\/\/www.enerjigazetesi.ist\/tr\/wp-json\/wp\/v2\/posts\/177470\" class=\"qtranxs-available-language-link qtranxs-available-language-link-tr\" title=\"Turkish\">Turkish<\/a>. For the sake of viewer convenience, the content is shown below in the alternative language. You may click the link to switch the active language.<\/p><p><\/p>\n<h2>Ecogreen Ges Grup Ba\u015fkan\u0131 Ali Korkmaz: &#8220;T\u00fcrkiye\u2019nin En B\u00fcy\u00fck \u0130kinci ve En Yenilik\u00e7i Santralini Devreye Almam\u0131za Say\u0131l\u0131 G\u00fcnler Kald\u0131.&#8221;<\/h2>\n<p><strong>Ni\u011fde\/Bor\u2019da<\/strong> yap\u0131m\u0131 s\u00fcrd\u00fcr\u00fclen ve bitti\u011finde T\u00fcrkiye\u2019nin yekpare bir alanda <strong>en b\u00fcy\u00fck 2. GES\u2019i<\/strong> olacak <strong>130 MWp<\/strong> b\u00fcy\u00fckl\u00fc\u011f\u00fcndeki <strong>santralin s\u00f6zle\u015fmesi May\u0131s 2022\u2019de<\/strong> imzalanm\u0131\u015ft\u0131r.<\/p>\n<p><img loading=\"lazy\" class=\"alignright wp-image-177478\" src=\"https:\/\/www.enerjigazetesi.ist\/wp-content\/uploads\/2023\/07\/ecogreen-den-turkiyenin-en-buyuk-2-inci-ve-en-yenilikci-santrali.jpg\" alt=\"\" width=\"320\" height=\"320\" srcset=\"https:\/\/www.enerjigazetesi.ist\/wp-content\/uploads\/2023\/07\/ecogreen-den-turkiyenin-en-buyuk-2-inci-ve-en-yenilikci-santrali.jpg 480w, https:\/\/www.enerjigazetesi.ist\/wp-content\/uploads\/2023\/07\/ecogreen-den-turkiyenin-en-buyuk-2-inci-ve-en-yenilikci-santrali-300x300.jpg 300w, https:\/\/www.enerjigazetesi.ist\/wp-content\/uploads\/2023\/07\/ecogreen-den-turkiyenin-en-buyuk-2-inci-ve-en-yenilikci-santrali-150x150.jpg 150w, https:\/\/www.enerjigazetesi.ist\/wp-content\/uploads\/2023\/07\/ecogreen-den-turkiyenin-en-buyuk-2-inci-ve-en-yenilikci-santrali-400x400.jpg 400w, https:\/\/www.enerjigazetesi.ist\/wp-content\/uploads\/2023\/07\/ecogreen-den-turkiyenin-en-buyuk-2-inci-ve-en-yenilikci-santrali-50x50.jpg 50w, https:\/\/www.enerjigazetesi.ist\/wp-content\/uploads\/2023\/07\/ecogreen-den-turkiyenin-en-buyuk-2-inci-ve-en-yenilikci-santrali-100x100.jpg 100w\" sizes=\"(max-width: 320px) 100vw, 320px\" \/>A\u011fustos ay\u0131n\u0131n sonlar\u0131na do\u011fru tamamen devreye al\u0131nmas\u0131 planlanan santral \u00fclkemizin hizmetine a\u00e7\u0131ld\u0131\u011f\u0131nda gerek <strong>teknolojisi<\/strong> gerekse <strong>\u00e7evre d\u00fczenlemeleriyle<\/strong> T\u00fcrkiye\u2019nin yenilenebilir enerji yolculu\u011funa yak\u0131\u015f\u0131r, her haliyle \u00f6rnek bir tesis olacakt\u0131r.<\/p>\n<p><strong>Ni\u011fde\/Bor\u2019da<\/strong> santralin arazisinde ilk yap\u0131lan incelemelerde ilgin\u00e7 bir durum tespit edildi. Bu arazinin albedo (yery\u00fcz\u00fcnden yans\u0131ma) de\u011feri, T\u00fcrkiye ortalamas\u0131n\u0131n <strong>%28<\/strong>\u2019le \u00e7ok \u00e7ok \u00fczerindeydi. Bu durumu bir avantaja \u00e7evirebilmek i\u00e7in, panel se\u00e7iminde <strong>dual glass bi-facial \u00fcr\u00fcnleri<\/strong> tercih edildi. Bu sayede yery\u00fcz\u00fcnden yans\u0131yan \u0131\u015f\u0131n\u0131mlardan da enerji \u00fcretilmektedir. Yine burada <strong>solar tracking<\/strong> dedi\u011fimiz <strong>tek eksenli g\u00fcne\u015f takip sistemli paneller<\/strong> kullan\u0131larak, g\u00fcn boyu g\u00fcne\u015fi takip ederek <strong>enerji \u00fcretimi maksimum seviyeye<\/strong> \u00e7\u0131kacakt\u0131r.<\/p>\n<p>Optimum g\u00fc\u00e7 hesaplamalar\u0131na g\u00f6re <strong>%30 DC<\/strong> g\u00fc\u00e7 <strong>daha fazla<\/strong> kurulmaktad\u0131r. Y\u0131lda <strong>300 GWh<\/strong> <strong>enerji \u00fcretecek bir tesis kurulmas\u0131 hedeflenirken<\/strong> solar invert\u00f6r olarak da depolama teknolojisi entegre edilebilir \u00fcniteler tercih edilmi\u015ftir. Tesis bug\u00fcnden <strong>depolama teknolojisine<\/strong> her haliyle haz\u0131r olup bu teknolojiyi \u00e7ok yak\u0131ndan takip ederek <strong>orta vadede bu tesise entegre edilmesi<\/strong> ama\u00e7lanmaktad\u0131r.<\/p>\n<p>\u015eu anda tesisin altyap\u0131 olarak <strong>%80<\/strong>, \u00fcstyap\u0131 olarak da <strong>%40<\/strong> kurulumu tamamlanm\u0131\u015ft\u0131r. <strong>130 MWp<\/strong> tam kapasite g\u00fcc\u00fc, <strong>\u00f6n\u00fcm\u00fczdeki A\u011fustos ay\u0131 sonu itibar\u0131yla<\/strong> devreye al\u0131nacakt\u0131r.<\/p>\n<p>Ecogreen\u2019in <strong>\u00e7evre<\/strong> ve <strong>do\u011fa<\/strong> hassasiyetine yak\u0131\u015f\u0131r bir vizyonla, sahada <strong>s\u0131f\u0131r at\u0131kla<\/strong> \u00e7al\u0131\u015f\u0131lm\u0131\u015ft\u0131r. Arazideki hafriyat\u0131n tamam\u0131 yine tesisin i\u00e7inde kullan\u0131lm\u0131\u015ft\u0131r. \u00c7evrede bulunan ya\u015fam alanlar\u0131n\u0131 rahats\u0131z etmemek amac\u0131yla, saha \u00e7al\u0131\u015fmalar\u0131 s\u0131ras\u0131ndaki g\u00fcr\u00fclt\u00fc seviyesi minimize edilerek burada <strong>Avrupa Birli\u011fi\u2019nin belirledi\u011fi g\u00fcr\u00fclt\u00fc standartlar\u0131<\/strong> oran\u0131n\u0131n <strong>%50 alt\u0131nda<\/strong> \u00e7al\u0131\u015f\u0131lmaktad\u0131r.<\/p>\n<p>Santralin tamam\u0131nda otonom g\u00fcvenlik sistemleri yap\u0131lmaktad\u0131r. Saha \u00e7ok b\u00fcy\u00fck oldu\u011fu i\u00e7in, askeri tesislerde kullan\u0131lan <strong>radar teknolojisiyle<\/strong>, burada <strong>otonom g\u00fcvenlik sistemi<\/strong> kurulmaktad\u0131r. Bu sistem, <strong>200 metreye kadar<\/strong> t\u00fcm varl\u0131klar\u0131 tan\u0131yabiliyor, yakla\u015fan varl\u0131\u011fa g\u00f6re uyar\u0131 sistemini aktive edip tehlike arz edecek bir durumda <strong>g\u00fcvenlik birimlerini bilgilendiriyor.<\/strong><\/p>\n<p>Yine bu sahada, <strong>string baz\u0131nda full izlenebilen bir sistem<\/strong> kurulmu\u015f olunup <strong>Otonom hata tespiti, hatalara kar\u015f\u0131 otonom sistem reaksiyonu<\/strong> gibi <strong>bir\u00e7ok yapay zek\u00e2 i\u00e7eren teknolojik altyap\u0131<\/strong> sisteme entegre edilmi\u015ftir.<\/p>\n<p>Buradaki istihdam da ise \u00e7o\u011funluk b\u00f6lge halk\u0131ndan sa\u011flanm\u0131\u015ft\u0131r. Yine ileride bu b\u00f6lgede hayata ge\u00e7irilecek sosyal sorumluluk projeleriyle, b\u00f6lgenin kalk\u0131nmas\u0131na da ciddi katk\u0131 sa\u011flanmas\u0131 hedeflenmektedir.<\/p>","protected":false},"excerpt":{"rendered":"<p>Sorry, this entry is only available in Turkish. For the sake of viewer convenience, the content is shown below in the alternative language. You may click the link to switch the active language. Ecogreen Ges Grup Ba\u015fkan\u0131 Ali Korkmaz: &#8220;T\u00fcrkiye\u2019nin En B\u00fcy\u00fck \u0130kinci ve En Yenilik\u00e7i Santralini Devreye Almam\u0131za Say\u0131l\u0131 G\u00fcnler Kald\u0131.&#8221; Ni\u011fde\/Bor\u2019da yap\u0131m\u0131 s\u00fcrd\u00fcr\u00fclen [&hellip;]<\/p>\n","protected":false},"author":1,"featured_media":177478,"comment_status":"open","ping_status":"open","sticky":false,"template":"","format":"standard","meta":[],"categories":[51,53,49],"tags":[110117,110118,97801,2326,2569,110120,110119,358],"views":258,"_links":{"self":[{"href":"https:\/\/www.enerjigazetesi.ist\/en\/wp-json\/wp\/v2\/posts\/177470"}],"collection":[{"href":"https:\/\/www.enerjigazetesi.ist\/en\/wp-json\/wp\/v2\/posts"}],"about":[{"href":"https:\/\/www.enerjigazetesi.ist\/en\/wp-json\/wp\/v2\/types\/post"}],"author":[{"embeddable":true,"href":"https:\/\/www.enerjigazetesi.ist\/en\/wp-json\/wp\/v2\/users\/1"}],"replies":[{"embeddable":true,"href":"https:\/\/www.enerjigazetesi.ist\/en\/wp-json\/wp\/v2\/comments?post=177470"}],"version-history":[{"count":0,"href":"https:\/\/www.enerjigazetesi.ist\/en\/wp-json\/wp\/v2\/posts\/177470\/revisions"}],"wp:featuredmedia":[{"embeddable":true,"href":"https:\/\/www.enerjigazetesi.ist\/en\/wp-json\/wp\/v2\/media\/177478"}],"wp:attachment":[{"href":"https:\/\/www.enerjigazetesi.ist\/en\/wp-json\/wp\/v2\/media?parent=177470"}],"wp:term":[{"taxonomy":"category","embeddable":true,"href":"https:\/\/www.enerjigazetesi.ist\/en\/wp-json\/wp\/v2\/categories?post=177470"},{"taxonomy":"post_tag","embeddable":true,"href":"https:\/\/www.enerjigazetesi.ist\/en\/wp-json\/wp\/v2\/tags?post=177470"}],"curies":[{"name":"wp","href":"https:\/\/api.w.org\/{rel}","templated":true}]}}