{"id":177464,"date":"2023-07-17T14:47:15","date_gmt":"2023-07-17T11:47:15","guid":{"rendered":"https:\/\/www.enerjigazetesi.ist\/?p=177464"},"modified":"2023-07-17T14:47:15","modified_gmt":"2023-07-17T11:47:15","slug":"elektrik-ve-gaz-sektorunde-calisan-sayisi-yuzde-9-artti","status":"publish","type":"post","link":"https:\/\/www.enerjigazetesi.ist\/en\/elektrik-ve-gaz-sektorunde-calisan-sayisi-yuzde-9-artti\/","title":{"rendered":"(Turkish) Elektrik ve Gaz Sekt\u00f6r\u00fcnde \u00c7al\u0131\u015fan Say\u0131s\u0131 %9 Artt\u0131"},"content":{"rendered":"<p class=\"qtranxs-available-languages-message qtranxs-available-languages-message-en\">Sorry, this entry is only available in <a href=\"https:\/\/www.enerjigazetesi.ist\/tr\/wp-json\/wp\/v2\/posts\/177464\" class=\"qtranxs-available-language-link qtranxs-available-language-link-tr\" title=\"Turkish\">Turkish<\/a>. For the sake of viewer convenience, the content is shown below in the alternative language. You may click the link to switch the active language.<\/p><p><\/p>\n<h2>T\u00fcrkiye\u2019de May\u0131s ay\u0131nda \u00fccretli \u00e7al\u0131\u015fan say\u0131s\u0131n\u0131n bir \u00f6nceki aya g\u00f6re en \u00e7ok artt\u0131\u011f\u0131 sekt\u00f6r yakla\u015f\u0131k % 9 ile elektrik, gaz ve buhar sekt\u00f6r\u00fc oldu.<\/h2>\n<p><img loading=\"lazy\" class=\"alignright wp-image-177466\" src=\"https:\/\/www.enerjigazetesi.ist\/wp-content\/uploads\/2023\/07\/elektrik-ve-gaz-sektorunde-calisan-sayisi-yuzde-9-artti.jpg\" alt=\"\" width=\"320\" height=\"202\" srcset=\"https:\/\/www.enerjigazetesi.ist\/wp-content\/uploads\/2023\/07\/elektrik-ve-gaz-sektorunde-calisan-sayisi-yuzde-9-artti.jpg 550w, https:\/\/www.enerjigazetesi.ist\/wp-content\/uploads\/2023\/07\/elektrik-ve-gaz-sektorunde-calisan-sayisi-yuzde-9-artti-300x189.jpg 300w, https:\/\/www.enerjigazetesi.ist\/wp-content\/uploads\/2023\/07\/elektrik-ve-gaz-sektorunde-calisan-sayisi-yuzde-9-artti-500x315.jpg 500w, https:\/\/www.enerjigazetesi.ist\/wp-content\/uploads\/2023\/07\/elektrik-ve-gaz-sektorunde-calisan-sayisi-yuzde-9-artti-80x50.jpg 80w\" sizes=\"(max-width: 320px) 100vw, 320px\" \/>T\u00fcrkiye \u0130statistik Kurumu (T\u00dc\u0130K), <strong>sanayi, in\u015faat ve ticaret-hizmet sekt\u00f6rleri<\/strong> toplam\u0131nda \u00fccretli \u00e7al\u0131\u015fan say\u0131s\u0131n\u0131n <strong>2023 y\u0131l\u0131 May\u0131s ay\u0131nda<\/strong> ayl\u0131k bazda<strong> %0,7<\/strong>, y\u0131ll\u0131k bazda ise <strong>%4<\/strong> art\u0131\u015fla <strong>14 milyon 881 bin 757 ki\u015fiye<\/strong> ula\u015ft\u0131\u011f\u0131n\u0131 duyurdu.<\/p>\n<p>May\u0131s ay\u0131nda sanayi alt sekt\u00f6rlerinden<strong>\u00a0elektrik, gaz ve buhar sekt\u00f6r\u00fcnde<\/strong> \u00fccretli \u00e7al\u0131\u015fan say\u0131s\u0131 bir \u00f6nceki y\u0131la g\u00f6re\u00a0<strong>%9,1<\/strong> artarak<strong> 136 bin 644<\/strong> oldu. <strong>Madencilik ve ta\u015f ocak\u00e7\u0131l\u0131\u011f\u0131 sekt\u00f6r\u00fcnde<\/strong> \u00fccretli \u00e7al\u0131\u015fan say\u0131s\u0131 bir \u00f6nceki y\u0131la g\u00f6re <strong>%0,3<\/strong> azalarak <strong>143 bin 618<\/strong> olarak ger\u00e7ekle\u015fti.<\/p>\n<p>Yay\u0131mlanan verilere g\u00f6re <strong>May\u0131s ay\u0131nda<\/strong> bir \u00f6nceki y\u0131la g\u00f6re\u00a0en \u00e7ok \u00e7al\u0131\u015fan art\u0131\u015f\u0131<strong> %13<\/strong> ile<strong> in\u015faat sekt\u00f6r\u00fcnde<\/strong> g\u00f6r\u00fcl\u00fcrken, bir \u00f6nceki aya g\u00f6re en \u00e7ok art\u0131\u015f <strong>%1,5<\/strong> ile<strong> in\u015faat sekt\u00f6r\u00fc<\/strong> ile <strong>konaklama ve yiyecek sekt\u00f6r\u00fcnde<\/strong> g\u00f6r\u00fcld\u00fc.<\/p>","protected":false},"excerpt":{"rendered":"<p>Sorry, this entry is only available in Turkish. For the sake of viewer convenience, the content is shown below in the alternative language. You may click the link to switch the active language. T\u00fcrkiye\u2019de May\u0131s ay\u0131nda \u00fccretli \u00e7al\u0131\u015fan say\u0131s\u0131n\u0131n bir \u00f6nceki aya g\u00f6re en \u00e7ok artt\u0131\u011f\u0131 sekt\u00f6r yakla\u015f\u0131k % 9 ile elektrik, gaz ve buhar [&hellip;]<\/p>\n","protected":false},"author":1,"featured_media":177466,"comment_status":"open","ping_status":"open","sticky":false,"template":"","format":"standard","meta":[],"categories":[46,51,53],"tags":[110115,16327,23468,2357,110114],"views":51,"_links":{"self":[{"href":"https:\/\/www.enerjigazetesi.ist\/en\/wp-json\/wp\/v2\/posts\/177464"}],"collection":[{"href":"https:\/\/www.enerjigazetesi.ist\/en\/wp-json\/wp\/v2\/posts"}],"about":[{"href":"https:\/\/www.enerjigazetesi.ist\/en\/wp-json\/wp\/v2\/types\/post"}],"author":[{"embeddable":true,"href":"https:\/\/www.enerjigazetesi.ist\/en\/wp-json\/wp\/v2\/users\/1"}],"replies":[{"embeddable":true,"href":"https:\/\/www.enerjigazetesi.ist\/en\/wp-json\/wp\/v2\/comments?post=177464"}],"version-history":[{"count":0,"href":"https:\/\/www.enerjigazetesi.ist\/en\/wp-json\/wp\/v2\/posts\/177464\/revisions"}],"wp:featuredmedia":[{"embeddable":true,"href":"https:\/\/www.enerjigazetesi.ist\/en\/wp-json\/wp\/v2\/media\/177466"}],"wp:attachment":[{"href":"https:\/\/www.enerjigazetesi.ist\/en\/wp-json\/wp\/v2\/media?parent=177464"}],"wp:term":[{"taxonomy":"category","embeddable":true,"href":"https:\/\/www.enerjigazetesi.ist\/en\/wp-json\/wp\/v2\/categories?post=177464"},{"taxonomy":"post_tag","embeddable":true,"href":"https:\/\/www.enerjigazetesi.ist\/en\/wp-json\/wp\/v2\/tags?post=177464"}],"curies":[{"name":"wp","href":"https:\/\/api.w.org\/{rel}","templated":true}]}}