{"id":177453,"date":"2023-07-17T14:06:56","date_gmt":"2023-07-17T11:06:56","guid":{"rendered":"https:\/\/www.enerjigazetesi.ist\/?p=177453"},"modified":"2023-07-17T14:06:56","modified_gmt":"2023-07-17T11:06:56","slug":"elektrikli-arac-kiralamasinda-gucler-birlestirildi","status":"publish","type":"post","link":"https:\/\/www.enerjigazetesi.ist\/en\/elektrikli-arac-kiralamasinda-gucler-birlestirildi\/","title":{"rendered":"(Turkish) Elektrikli Ara\u00e7 Kiralamas\u0131nda G\u00fc\u00e7ler Birle\u015ftirildi"},"content":{"rendered":"<p class=\"qtranxs-available-languages-message qtranxs-available-languages-message-en\">Sorry, this entry is only available in <a href=\"https:\/\/www.enerjigazetesi.ist\/tr\/wp-json\/wp\/v2\/posts\/177453\" class=\"qtranxs-available-language-link qtranxs-available-language-link-tr\" title=\"Turkish\">Turkish<\/a>. For the sake of viewer convenience, the content is shown below in the alternative language. You may click the link to switch the active language.<\/p><p><\/p>\n<h2><strong>Enterprise T\u00fcrkiye, elektrikli ara\u00e7lar\u0131n kiralanmas\u0131na y\u00f6nelik yenilik\u00e7i \u00e7al\u0131\u015fmalar\u0131na devam ediyor. Bu kapsamda Garanti BBVA ile i\u015f birli\u011fine giden Enterprise T\u00fcrkiye, tamamen mobil uygulama ve web sitesi \u00fczerinden kullan\u0131labilen dijital al\u0131\u015fveri\u015f kredisini devreye ald\u0131.<\/strong><\/h2>\n<p>D\u00fcnyan\u0131n en b\u00fcy\u00fck ara\u00e7 kiralama \u015firketi Enterprise Rent A Car\u2019\u0131n ana franchise sahibi Enterprise T\u00fcrkiye, m\u00fc\u015fterilerine kaliteli hizmeti daha avantajl\u0131 ko\u015fullarda sa\u011flamak i\u00e7in \u00e7al\u0131\u015fmalar\u0131na aral\u0131ks\u0131z devam ediyor. T\u00fcrkiye\u2019nin en b\u00fcy\u00fck elektrikli ara\u00e7 kiralama filosuna sahip<strong> Enterprise T\u00fcrkiye<\/strong>, bu kapsamda elektrikli mobiliteye ula\u015f\u0131m\u0131 kolayla\u015ft\u0131rmak i\u00e7in <strong>Garanti BBVA<\/strong> ile yeni bir i\u015f birli\u011fine imzas\u0131n\u0131 att\u0131. \u0130\u015f birli\u011fi \u00e7er\u00e7evesinde Enterprise T\u00fcrkiye, d\u00fc\u015f\u00fck karbon ayak izine sahip <strong>enerji verimli elektrikli ara\u00e7lar\u0131n\u0131n kiralanmas\u0131nda Garanti BBVA<\/strong>\u2019n\u0131n haz\u0131rlad\u0131\u011f\u0131 <strong>\u00f6zel bir dijital al\u0131\u015fveri\u015f kredisi<\/strong> ile m\u00fc\u015fterilerine destek olacak.<\/p>\n<h3><strong>Gelecek elektrikli ara\u00e7lar \u00fczerine kuruluyor!<\/strong><\/h3>\n<p>Cazip faiz oranlar\u0131 ve uygun \u00f6deme ko\u015fullar\u0131yla sunulan al\u0131\u015fveri\u015f kredisini kullanmak isteyen Garanti BBVA m\u00fc\u015fterileri veya bankayla ilk kez \u00e7al\u0131\u015facak yeni m\u00fc\u015fteriler, <strong>www.enterprise.com.tr, <img loading=\"lazy\" class=\"alignright wp-image-177458\" src=\"https:\/\/www.enerjigazetesi.ist\/wp-content\/uploads\/2023\/07\/Enterprise-CEO-Ozarslan-Tangun-1.jpg\" alt=\"\" width=\"320\" height=\"325\" srcset=\"https:\/\/www.enerjigazetesi.ist\/wp-content\/uploads\/2023\/07\/Enterprise-CEO-Ozarslan-Tangun-1.jpg 472w, https:\/\/www.enerjigazetesi.ist\/wp-content\/uploads\/2023\/07\/Enterprise-CEO-Ozarslan-Tangun-1-295x300.jpg 295w, https:\/\/www.enerjigazetesi.ist\/wp-content\/uploads\/2023\/07\/Enterprise-CEO-Ozarslan-Tangun-1-393x400.jpg 393w, https:\/\/www.enerjigazetesi.ist\/wp-content\/uploads\/2023\/07\/Enterprise-CEO-Ozarslan-Tangun-1-49x50.jpg 49w\" sizes=\"(max-width: 320px) 100vw, 320px\" \/>Enterprise T\u00fcrkiye uygulamas\u0131<\/strong> \u00fczerinden veya <strong>Garanti BBVA Mobil<\/strong> ya da <strong>Garanti BBVA \u0130nternet Bankac\u0131l\u0131\u011f\u0131<\/strong> \u00fczerinden<strong> ba\u015fvuru yaparak krediye ula\u015fabilecek<\/strong>. Elektrikli ara\u00e7 kiralamas\u0131nda \u00f6nc\u00fc rol oynad\u0131klar\u0131n\u0131 s\u00f6yleyen <strong>Enterprise T\u00fcrkiye CEO\u2019su \u00d6zarslan Tang\u00fcn<\/strong>, <em>\u201cT\u00fcrkiye\u2019de elektrikli ara\u00e7 kiralamas\u0131n\u0131n yayg\u0131nla\u015fmas\u0131 i\u00e7in en fazla gayret g\u00f6steren \u015firketiz. Elektrikli ara\u00e7lara ge\u00e7i\u015f s\u00fcrecinde T\u00fcrk t\u00fcketicisinin bu ara\u00e7lar\u0131 deneyimlemesi, belirli bir yol kat etmesi olduk\u00e7a \u00f6nemli\u201d dedi. Gelece\u011fin y\u00fczde 100 elektrikli ve s\u0131f\u0131r emisyonlu ara\u00e7lar \u00fczerine kuruldu\u011funu ifade eden <strong>\u00d6zarslan Tang\u00fcn<\/strong>, \u201cElektrikli ara\u00e7lar \u015firketler i\u00e7in s\u00fcrd\u00fcr\u00fclebilirlik hedefleri ve karbon ayak izini azaltmada \u00f6nemli bir etkiye sahip. Biz de \u015firket olarak <strong>ye\u015fil d\u00f6n\u00fc\u015f\u00fcm<\/strong> ve <strong>s\u00fcrd\u00fcr\u00fclebilirlik<\/strong> alan\u0131nda yapt\u0131\u011f\u0131m\u0131z \u00e7al\u0131\u015fmalar\u0131, filomuzu h\u0131zla <strong>elektrikli ve hibrit ara\u00e7lara<\/strong> d\u00f6n\u00fc\u015ft\u00fcrerek destekliyoruz. Elektrikli ara\u00e7lar\u0131n sa\u011flad\u0131\u011f\u0131 konforu ve sundu\u011fu \u00fcst d\u00fczey teknolojiyi anlaman\u0131n yani deneyimlemenin en kolay yolu ise kiralama yapmak. Bu noktada, Garanti BBVA ile ger\u00e7ekle\u015ftirdi\u011fimiz bu \u00f6nemli i\u015f birli\u011fiyle <strong>m\u00fc\u015fterilerimize kiralamada avantaj sa\u011flayaca\u011f\u0131z<\/strong>\u201d<\/em> diye konu\u015ftu.<\/p>\n<h3><strong>Sekt\u00f6re \u00f6rnek olacak i\u015f birli\u011fi!<\/strong><\/h3>\n<p>D\u00fcnyada oldu\u011fu gibi T\u00fcrkiye\u2019de de \u2018Sahiplik yerine kullan\u0131m\u2019 ana ak\u0131m\u0131n\u0131n \u00f6n\u00fcm\u00fczdeki d\u00f6nemde artarak devam edece\u011fine i\u015faret eden <strong>\u00d6zarslan Tang\u00fcn<\/strong>, \u015f\u00f6yle devam etti: <em>\u201cBireysel m\u00fc\u015fterilerin ihtiya\u00e7lar\u0131 kadar kullan\u0131ma imk\u00e2n tan\u0131yan modellere, dolay\u0131s\u0131yla kiralama ve ara\u00e7 payla\u015f\u0131m\u0131na daha fazla y\u00f6neleceklerini \u00f6ng\u00f6r\u00fcyorum. S\u00fcrd\u00fcrebilir ula\u015f\u0131m\u0131n temelini olu\u015fturan elektrikli mobilite ula\u015f\u0131m \u00fcr\u00fcnleri aras\u0131nda yer alan elektrikli ara\u00e7lar\u0131n ve di\u011fer ara\u00e7lar\u0131n kiralanmas\u0131nda sat\u0131\u015f kanallar\u0131m\u0131zda <strong>Garanti BBVA<\/strong> ile ger\u00e7ekle\u015ftirdi\u011fimiz <strong>al\u0131\u015fveri\u015f kredisi olana\u011f\u0131n\u0131<\/strong> hem internet sitemiz hem de ofislerimizde sunuyoruz. B\u00f6ylece ara\u00e7 kiralama daha ula\u015f\u0131labilir ve h\u0131zl\u0131 \u015fekilde ger\u00e7ekle\u015ferek, sekt\u00f6rde farkl\u0131 i\u015f birlikleri i\u00e7in de \u00f6rnek olu\u015fturacak.\u201d<\/em><\/p>\n<p>\u0130\u015f birli\u011fi hakk\u0131nda bilgi veren <strong>Garanti BBVA T\u00fcketici Finansman\u0131 Direkt\u00f6r\u00fc Koray \u00d6ztop\u00e7u<\/strong> <img loading=\"lazy\" class=\"alignleft wp-image-177457\" src=\"https:\/\/www.enerjigazetesi.ist\/wp-content\/uploads\/2023\/07\/Koray-Oztopcu.jpg\" alt=\"\" width=\"320\" height=\"292\" srcset=\"https:\/\/www.enerjigazetesi.ist\/wp-content\/uploads\/2023\/07\/Koray-Oztopcu.jpg 526w, https:\/\/www.enerjigazetesi.ist\/wp-content\/uploads\/2023\/07\/Koray-Oztopcu-300x274.jpg 300w, https:\/\/www.enerjigazetesi.ist\/wp-content\/uploads\/2023\/07\/Koray-Oztopcu-438x400.jpg 438w, https:\/\/www.enerjigazetesi.ist\/wp-content\/uploads\/2023\/07\/Koray-Oztopcu-55x50.jpg 55w, https:\/\/www.enerjigazetesi.ist\/wp-content\/uploads\/2023\/07\/Koray-Oztopcu-500x456.jpg 500w\" sizes=\"(max-width: 320px) 100vw, 320px\" \/>ise, <em>\u201c\u015eehir hayat\u0131n\u0131n h\u0131zl\u0131 temposunda kullan\u0131m rahatl\u0131\u011f\u0131, ta\u015f\u0131nabilirli\u011fi, \u00e7evreci olmas\u0131 ve en \u00f6nemlisi geleneksel ula\u015f\u0131m sistemlerine alternatif yaratmas\u0131 dolay\u0131s\u0131yla son y\u0131llarda giderek daha fazla tercih edilen <strong>elektrikli mobilite \u00fcr\u00fcnleri<\/strong> ve <strong>ara\u00e7 kiralama<\/strong> hayat\u0131m\u0131z\u0131 kolayla\u015ft\u0131rmaya devam ediyor. Elektrikli mobilite \u00fcr\u00fcnlerinin \u00f6zellikle b\u00fcy\u00fck \u015fehirlerdeki ula\u015f\u0131m i\u00e7in en iyi alternatifler aras\u0131nda yer almas\u0131 <strong>elektrikli ara\u00e7 kiralamaya<\/strong> olan <strong>ilgiyi art\u0131rd\u0131<\/strong>. Ara\u00e7 kiralama ile t\u00fcketiciler ula\u015f\u0131m ihtiyac\u0131n\u0131 kar\u015f\u0131lama ve <strong>ihtiya\u00e7 duydu\u011fu s\u00fcre kadar arac\u0131 kullanma<\/strong> ve <strong>kulland\u0131\u011f\u0131 s\u00fcre i\u00e7in bedelini \u00f6deme imk\u00e2n\u0131na<\/strong> sahip oluyor. Biz de elektrikli ara\u00e7 kiralamak isteyen m\u00fc\u015fterilerimizi d\u00fc\u015f\u00fcnerek Enterprise ile ger\u00e7ekle\u015ftirdi\u011fimiz i\u015f birli\u011fiyle <strong>dijital bir al\u0131\u015fveri\u015f kredisini<\/strong> <strong>m\u00fc\u015fterilerimizle bulu\u015fturmaya<\/strong> ba\u015flad\u0131k. Garanti BBVA olarak, s\u00fcrd\u00fcr\u00fclebilirli\u011fe verdi\u011fimiz \u00f6nem do\u011frultusunda <strong>\u00e7evreye dost \u00fcr\u00fcnlerimize<\/strong> bir yenisini ekledi\u011fimiz i\u00e7in mutluyuz\u201d<\/em> dedi.<\/p>","protected":false},"excerpt":{"rendered":"<p>Sorry, this entry is only available in Turkish. For the sake of viewer convenience, the content is shown below in the alternative language. You may click the link to switch the active language. Enterprise T\u00fcrkiye, elektrikli ara\u00e7lar\u0131n kiralanmas\u0131na y\u00f6nelik yenilik\u00e7i \u00e7al\u0131\u015fmalar\u0131na devam ediyor. Bu kapsamda Garanti BBVA ile i\u015f birli\u011fine giden Enterprise T\u00fcrkiye, tamamen mobil [&hellip;]<\/p>\n","protected":false},"author":1,"featured_media":177456,"comment_status":"open","ping_status":"open","sticky":false,"template":"","format":"standard","meta":[],"categories":[51,53],"tags":[86910,110113,215,1270,41064,110112,52480,1296,2482],"views":60,"_links":{"self":[{"href":"https:\/\/www.enerjigazetesi.ist\/en\/wp-json\/wp\/v2\/posts\/177453"}],"collection":[{"href":"https:\/\/www.enerjigazetesi.ist\/en\/wp-json\/wp\/v2\/posts"}],"about":[{"href":"https:\/\/www.enerjigazetesi.ist\/en\/wp-json\/wp\/v2\/types\/post"}],"author":[{"embeddable":true,"href":"https:\/\/www.enerjigazetesi.ist\/en\/wp-json\/wp\/v2\/users\/1"}],"replies":[{"embeddable":true,"href":"https:\/\/www.enerjigazetesi.ist\/en\/wp-json\/wp\/v2\/comments?post=177453"}],"version-history":[{"count":0,"href":"https:\/\/www.enerjigazetesi.ist\/en\/wp-json\/wp\/v2\/posts\/177453\/revisions"}],"wp:featuredmedia":[{"embeddable":true,"href":"https:\/\/www.enerjigazetesi.ist\/en\/wp-json\/wp\/v2\/media\/177456"}],"wp:attachment":[{"href":"https:\/\/www.enerjigazetesi.ist\/en\/wp-json\/wp\/v2\/media?parent=177453"}],"wp:term":[{"taxonomy":"category","embeddable":true,"href":"https:\/\/www.enerjigazetesi.ist\/en\/wp-json\/wp\/v2\/categories?post=177453"},{"taxonomy":"post_tag","embeddable":true,"href":"https:\/\/www.enerjigazetesi.ist\/en\/wp-json\/wp\/v2\/tags?post=177453"}],"curies":[{"name":"wp","href":"https:\/\/api.w.org\/{rel}","templated":true}]}}