{"id":177419,"date":"2023-07-17T11:01:08","date_gmt":"2023-07-17T08:01:08","guid":{"rendered":"https:\/\/www.enerjigazetesi.ist\/?p=177419"},"modified":"2023-07-17T11:01:49","modified_gmt":"2023-07-17T08:01:49","slug":"klima-kullaniminda-tasarruf-saglayan-oneriler","status":"publish","type":"post","link":"https:\/\/www.enerjigazetesi.ist\/en\/klima-kullaniminda-tasarruf-saglayan-oneriler\/","title":{"rendered":"(Turkish) Klima Kullan\u0131m\u0131nda Tasarruf Sa\u011flayan \u00d6neriler"},"content":{"rendered":"<p class=\"qtranxs-available-languages-message qtranxs-available-languages-message-en\">Sorry, this entry is only available in <a href=\"https:\/\/www.enerjigazetesi.ist\/tr\/wp-json\/wp\/v2\/posts\/177419\" class=\"qtranxs-available-language-link qtranxs-available-language-link-tr\" title=\"Turkish\">Turkish<\/a>. For the sake of viewer convenience, the content is shown below in the alternative language. You may click the link to switch the active language.<\/p><p><\/p>\n<h2><strong>Yaz aylar\u0131nda tasarruflu klima kullan\u0131m\u0131 hem enerji maliyetlerinin d\u00fc\u015f\u00fcr\u00fclmesi hem de \u00e7evresel etkinin azalt\u0131lmas\u0131 bak\u0131m\u0131ndan fayda sa\u011fl\u0131yor. Bu faydan\u0131n, s\u00fcrd\u00fcr\u00fclebilir bir ya\u015fam a\u00e7\u0131s\u0131ndan da de\u011ferli oldu\u011funu vurgulayan Toshiba \u00dcr\u00fcn Y\u00f6neticisi Caner Do\u011fan, yaz\u0131n tasarruflu klima kullan\u0131m\u0131 i\u00e7in gerekli olan p\u00fcf noktalar\u0131 a\u00e7\u0131klad\u0131.<\/strong><\/h2>\n<p>Enerji tasarrufunun giderek daha \u00f6nemli hale geldi\u011fi g\u00fcn\u00fcm\u00fczde, evlerde kullan\u0131lan klimalarda enerji tasarrufuna gitmenin hem ay sonundaki elektrik faturalar\u0131na hem de uzun vadede \u00e7evreye katk\u0131 sa\u011flad\u0131\u011f\u0131n\u0131 vurgulayan\u00a0<strong>Toshiba \u00dcr\u00fcn Y\u00f6neticisi Caner Do\u011fan yaz\u0131n tasarruflu klima <img loading=\"lazy\" class=\"alignright wp-image-177422\" src=\"https:\/\/www.enerjigazetesi.ist\/wp-content\/uploads\/2023\/07\/klima-kullaniminda-tasarruf-saglayan-oneriler-2.jpg\" alt=\"\" width=\"320\" height=\"298\" srcset=\"https:\/\/www.enerjigazetesi.ist\/wp-content\/uploads\/2023\/07\/klima-kullaniminda-tasarruf-saglayan-oneriler-2.jpg 515w, https:\/\/www.enerjigazetesi.ist\/wp-content\/uploads\/2023\/07\/klima-kullaniminda-tasarruf-saglayan-oneriler-2-300x280.jpg 300w, https:\/\/www.enerjigazetesi.ist\/wp-content\/uploads\/2023\/07\/klima-kullaniminda-tasarruf-saglayan-oneriler-2-429x400.jpg 429w, https:\/\/www.enerjigazetesi.ist\/wp-content\/uploads\/2023\/07\/klima-kullaniminda-tasarruf-saglayan-oneriler-2-54x50.jpg 54w, https:\/\/www.enerjigazetesi.ist\/wp-content\/uploads\/2023\/07\/klima-kullaniminda-tasarruf-saglayan-oneriler-2-500x466.jpg 500w\" sizes=\"(max-width: 320px) 100vw, 320px\" \/>kullan\u0131m\u0131 i\u00e7in yap\u0131lmas\u0131 gerekenleri anlatt\u0131.<\/strong><\/p>\n<h3><strong>Oda b\u00fcy\u00fckl\u00fc\u011f\u00fcne uygun klima se\u00e7ilmeli<\/strong><\/h3>\n<p>Hen\u00fcz klima almayanlar i\u00e7in tasarruf a\u00e7\u0131s\u0131ndan dikkat edilmesi gereken ilk kriterin, oda b\u00fcy\u00fckl\u00fc\u011f\u00fc ile klima b\u00fcy\u00fckl\u00fc\u011f\u00fc e\u015fle\u015fmesi oldu\u011funu belirten Do\u011fan; <em>\u201cOrtam i\u00e7in gere\u011finden b\u00fcy\u00fck ya da k\u00fc\u00e7\u00fck klimalar enerji tasarrufu yap\u0131lmas\u0131na engel olabilir. \u00d6zellikle yeni nesil klimalar\u0131n pek \u00e7o\u011fu, enerji tasarruf modu ile de birlikte geliyor. Gereksiz enerji sarfiyat\u0131n\u0131n \u00f6n\u00fcne ge\u00e7ebilen bu mod, \u00f6zellikle uzun s\u00fcre klima \u00e7al\u0131\u015ft\u0131r\u0131lacak ortamlarda de\u011fer kazan\u0131yor. Kliman\u0131n odada en nitelikli \u015fekilde \u00e7al\u0131\u015faca\u011f\u0131 yere montaj\u0131n\u0131n yap\u0131lmas\u0131 da \u00f6nemli. \u00d6rne\u011fin, salondaki oturma grubuna ya da yemek masas\u0131na uzak bir noktaya monte edilen klima istenen iklimlendirmeyi sa\u011flamayabilir. Bunun i\u00e7in de cihaz\u0131n daha y\u00fcksek h\u0131zlarda ve uzun s\u00fcre \u00e7al\u0131\u015ft\u0131r\u0131lmas\u0131 gerekebilir. Bu nedenle cihaz\u0131n montaj\u0131 i\u00e7in ideal bir nokta belirlenmeli\u201d<\/em> dedi.<\/p>\n<h3><strong>Klima filtreleri periodik olarak temizlenmeli<\/strong><\/h3>\n<p>Klimay\u0131 en uygun s\u0131cakl\u0131\u011fa getirmenin enerji tasarrufunu destekleyen bir uygulama oldu\u011funun alt\u0131n\u0131 \u00e7izen Do\u011fan;<em> \u201cKliman\u0131n tasarruflu kullan\u0131m\u0131n\u0131n yollar\u0131ndan biri de ilgili s\u0131cakl\u0131k ayar\u0131n\u0131 yapabilmekten ge\u00e7iyor. Genellikle yaz aylar\u0131nda <strong>24<\/strong> ila <strong>26 derece<\/strong> aras\u0131nda bir s\u0131cakl\u0131\u011f\u0131 tercih etmek m\u00fcmk\u00fcn. D\u00fc\u015f\u00fck s\u0131cakl\u0131klar enerji t\u00fcketimini art\u0131rabilir. Programlanabilen klima termostatlar\u0131, ortam s\u0131cakl\u0131\u011f\u0131n\u0131 kullan\u0131c\u0131n\u0131n ayarlad\u0131\u011f\u0131 derecede sabit tutabilir. Is\u0131 seviyesinin kontrol\u00fc sayesinde enerji t\u00fcketimini azaltmak ve gereksiz \u00e7al\u0131\u015fmay\u0131 \u00f6nlemek m\u00fcmk\u00fcn. Kliman\u0131n filtreleri cihaz\u0131n verimine \u00f6nemli \u00f6l\u00e7\u00fcde etki eden par\u00e7alard\u0131r. \u00d6zellikle temizli\u011fi yap\u0131lmayan, <strong>kirli filtreler kliman\u0131n verimini d\u00fc\u015f\u00fcrebilir<\/strong>. Bu da <strong>daha \u00e7ok klima kullan\u0131m\u0131<\/strong> ve <strong>daha fazla enerji sarfiyat\u0131 anlam\u0131na geliyor.<\/strong> Periyodik olarak filtre temizli\u011fi yaparak enerji tasarrufu sa\u011flanabilir\u201d<\/em> \u015feklinde bilgi verdi.<\/p>\n<h3><strong>Klima gereksiz yere a\u00e7\u0131l\u0131p kapat\u0131lmamal\u0131\u00a0<\/strong><\/h3>\n<p>Gere\u011finden fazla<strong> a\u00e7 &#8211; kapa<\/strong> yap\u0131lan klimalarda enerji sarfiyat\u0131n\u0131n da birka\u00e7 kat art\u0131\u015f g\u00f6sterebilece\u011fine dikkat \u00e7eken <strong>Caner Do\u011fan \u015fu eklemeleri yapt\u0131: \u201c<\/strong>Ayr\u0131ca kliman\u0131n periyodik zaman aral\u0131klar\u0131nda bak\u0131ma sokulmas\u0131 da verimlili\u011fi art\u0131racakt\u0131r. <strong>D\u0131\u015f \u00fcnitenin temizli\u011fi<\/strong> ya da<strong> filtre de\u011fi\u015fimi<\/strong> buna \u00f6rnek g\u00f6sterilebilir. Hatta <strong>yakla\u015f\u0131k 10 y\u0131ldan eski klimalar\u0131n da yenilenmesi gerekebilir.<\/strong>\u201d<\/p>","protected":false},"excerpt":{"rendered":"<p>Sorry, this entry is only available in Turkish. For the sake of viewer convenience, the content is shown below in the alternative language. You may click the link to switch the active language. Yaz aylar\u0131nda tasarruflu klima kullan\u0131m\u0131 hem enerji maliyetlerinin d\u00fc\u015f\u00fcr\u00fclmesi hem de \u00e7evresel etkinin azalt\u0131lmas\u0131 bak\u0131m\u0131ndan fayda sa\u011fl\u0131yor. Bu faydan\u0131n, s\u00fcrd\u00fcr\u00fclebilir bir ya\u015fam [&hellip;]<\/p>\n","protected":false},"author":1,"featured_media":177421,"comment_status":"open","ping_status":"open","sticky":false,"template":"","format":"standard","meta":[],"categories":[53],"tags":[110103,110104,110102,30052],"views":35,"_links":{"self":[{"href":"https:\/\/www.enerjigazetesi.ist\/en\/wp-json\/wp\/v2\/posts\/177419"}],"collection":[{"href":"https:\/\/www.enerjigazetesi.ist\/en\/wp-json\/wp\/v2\/posts"}],"about":[{"href":"https:\/\/www.enerjigazetesi.ist\/en\/wp-json\/wp\/v2\/types\/post"}],"author":[{"embeddable":true,"href":"https:\/\/www.enerjigazetesi.ist\/en\/wp-json\/wp\/v2\/users\/1"}],"replies":[{"embeddable":true,"href":"https:\/\/www.enerjigazetesi.ist\/en\/wp-json\/wp\/v2\/comments?post=177419"}],"version-history":[{"count":0,"href":"https:\/\/www.enerjigazetesi.ist\/en\/wp-json\/wp\/v2\/posts\/177419\/revisions"}],"wp:featuredmedia":[{"embeddable":true,"href":"https:\/\/www.enerjigazetesi.ist\/en\/wp-json\/wp\/v2\/media\/177421"}],"wp:attachment":[{"href":"https:\/\/www.enerjigazetesi.ist\/en\/wp-json\/wp\/v2\/media?parent=177419"}],"wp:term":[{"taxonomy":"category","embeddable":true,"href":"https:\/\/www.enerjigazetesi.ist\/en\/wp-json\/wp\/v2\/categories?post=177419"},{"taxonomy":"post_tag","embeddable":true,"href":"https:\/\/www.enerjigazetesi.ist\/en\/wp-json\/wp\/v2\/tags?post=177419"}],"curies":[{"name":"wp","href":"https:\/\/api.w.org\/{rel}","templated":true}]}}