{"id":177405,"date":"2023-07-16T16:17:04","date_gmt":"2023-07-16T13:17:04","guid":{"rendered":"https:\/\/www.enerjigazetesi.ist\/?p=177405"},"modified":"2023-07-16T16:17:32","modified_gmt":"2023-07-16T13:17:32","slug":"elektrikli-arac-sarj-istasyonlari-icin-ozel-finansman-paketi","status":"publish","type":"post","link":"https:\/\/www.enerjigazetesi.ist\/en\/elektrikli-arac-sarj-istasyonlari-icin-ozel-finansman-paketi\/","title":{"rendered":"(Turkish) &#8217;Elektrikli Ara\u00e7 \u015earj \u0130stasyonlar\u0131&#8217; \u0130\u00e7in \u00d6zel Finansman Paketi&#8230;"},"content":{"rendered":"<p class=\"qtranxs-available-languages-message qtranxs-available-languages-message-en\">Sorry, this entry is only available in <a href=\"https:\/\/www.enerjigazetesi.ist\/tr\/wp-json\/wp\/v2\/posts\/177405\" class=\"qtranxs-available-language-link qtranxs-available-language-link-tr\" title=\"Turkish\">Turkish<\/a>. For the sake of viewer convenience, the content is shown below in the alternative language. You may click the link to switch the active language.<\/p><p><\/p>\n<h2><strong>Profesyonel kullan\u0131m ama\u00e7l\u0131 ekipmanlar\u0131n finansman\u0131nda leasing \u00e7\u00f6z\u00fcmleri sunan BNP Paribas Finansal Kiralama ile k\u00fcresel teknoloji \u015firketi ABB, elektrikli ara\u00e7lar\u0131n \u015farj ekipmanlar\u0131 finansman\u0131 i\u00e7in i\u015f birli\u011fi ger\u00e7ekle\u015ftirdi.<\/strong><\/h2>\n<p><strong>BNP Paribas Finansal Kiralama<\/strong>, elektrikli ara\u00e7lar i\u00e7in \u015farj ekipmanlar\u0131n\u0131n finansman\u0131 konusunda enerji \u015firketi <strong>ABB<\/strong> ile yapt\u0131\u011f\u0131 anla\u015fmay\u0131 duyurdu. BNP Paribas Finansal Kiralama, ABB elektrikli \u015farj istasyonlar\u0131na<strong> \u00f6zel geli\u015ftirdi\u011fi finansman program\u0131yla<\/strong> m\u00fc\u015fterilerin ihtiya\u00e7lar\u0131na uygun vade <img loading=\"lazy\" class=\"alignright wp-image-177407\" src=\"https:\/\/www.enerjigazetesi.ist\/wp-content\/uploads\/2023\/07\/elektrikli-arac-sarj-istasyonlari-icin-ozel-finansman-paketi.jpg\" alt=\"\" width=\"320\" height=\"223\" srcset=\"https:\/\/www.enerjigazetesi.ist\/wp-content\/uploads\/2023\/07\/elektrikli-arac-sarj-istasyonlari-icin-ozel-finansman-paketi.jpg 550w, https:\/\/www.enerjigazetesi.ist\/wp-content\/uploads\/2023\/07\/elektrikli-arac-sarj-istasyonlari-icin-ozel-finansman-paketi-300x209.jpg 300w, https:\/\/www.enerjigazetesi.ist\/wp-content\/uploads\/2023\/07\/elektrikli-arac-sarj-istasyonlari-icin-ozel-finansman-paketi-500x348.jpg 500w, https:\/\/www.enerjigazetesi.ist\/wp-content\/uploads\/2023\/07\/elektrikli-arac-sarj-istasyonlari-icin-ozel-finansman-paketi-72x50.jpg 72w\" sizes=\"(max-width: 320px) 100vw, 320px\" \/>se\u00e7enekleri ile birlikte<strong> %1 KDV<\/strong> avantaj\u0131 sa\u011fl\u0131yor.<\/p>\n<p>T\u00fcrkiye\u2019de elektrikli ara\u00e7 sat\u0131\u015flar\u0131n\u0131n toplam pazardaki pay\u0131n\u0131n<strong> %3<\/strong>\u2019e ula\u015ft\u0131\u011f\u0131 ve bu oran\u0131n katlanarak artaca\u011f\u0131 y\u00f6n\u00fcndeki beklentilerini payla\u015fan\u00a0<strong>BNP Paribas Finansal Kiralama Genel M\u00fcd\u00fcr\u00fc Sibel Alyar:<\/strong> <em>\u201cElektrikli ara\u00e7lara olan talebin artmas\u0131, \u015farj istasyonlar\u0131n\u0131n da h\u0131zla yayg\u0131nla\u015fmas\u0131 gereklili\u011fini ortaya koyuyor. \u00dclkemizdeki bir\u00e7ok kurumsal firman\u0131n s\u00fcrd\u00fcr\u00fclebilir bir gelecek i\u00e7in \u00e7evreye duyarl\u0131 elektrikli ara\u00e7lar\u0131 tercih edece\u011fini d\u00fc\u015f\u00fcn\u00fcyoruz. BNP Paribas Grup hedeflerimizin oda\u011f\u0131nda yer alan \u2018finansal \u00e7\u00f6z\u00fcmlerimizde s\u00fcrd\u00fcr\u00fclebilirlik yakla\u015f\u0131m\u0131\u2019 ile e-\u015farj istasyonlar\u0131 finansman\u0131nda etkin bir rol oynamay\u0131 planl\u0131yoruz. Bu alanda lider bir firma olan ABB ile i\u015f birli\u011fi anla\u015fmas\u0131 yapmaktan mutluluk duyuyoruz.\u201d<\/em> dedi.<\/p>\n<p><strong>ABB Y\u00f6netim Kurulu Ba\u015fkan\u0131 Ba\u015far Vural<\/strong> ise, <em>\u201cElektrikli ara\u00e7 \u015farj istasyonlar\u0131n\u0131n geli\u015ftirilmesi, daha temiz enerji kaynaklar\u0131na ge\u00e7i\u015fin \u00f6nemli bir par\u00e7as\u0131. Bu kapsamda Avrupa\u2019da yenilenebilir enerji finansman\u0131na \u00f6nem veren BNP Paribas Finansal Kiralama ile i\u015f birli\u011fi i\u00e7inde \u00e7al\u0131\u015fmaktan mutluluk duyuyoruz\u201d<\/em> diye konu\u015ftu.<\/p>\n<h3><strong>Ye\u015fil enerji ve s\u00fcrd\u00fcr\u00fclebilirlik alanlar\u0131nda yat\u0131r\u0131mlara destek s\u00fcrecek<\/strong><\/h3>\n<p>Ekipman finansman\u0131nda Avrupa lideri <strong>BNP Paribas Leasing Solutions<\/strong>&#8216;\u0131n bir par\u00e7as\u0131 olarak, grup stratejilerinde <strong>ye\u015fil enerji<\/strong> ve <strong>s\u00fcrd\u00fcr\u00fclebilirlik<\/strong> konular\u0131ndaki yat\u0131r\u0131mlar\u0131 desteklemenin \u015firketin ana odaklar\u0131 aras\u0131nda yer ald\u0131\u011f\u0131n\u0131 ifade eden Alyar, <strong>tar\u0131m, in\u015faat, tekstil<\/strong> sekt\u00f6rlerinden, <strong>bilgi teknolojisi, sa\u011fl\u0131k ve g\u00fcne\u015f enerjisi sekt\u00f6rlerine<\/strong> kadar geni\u015f bir yelpazede <strong>finansman \u00e7\u00f6z\u00fcmleri<\/strong> sunduklar\u0131n\u0131 belirtti.<\/p>","protected":false},"excerpt":{"rendered":"<p>Sorry, this entry is only available in Turkish. For the sake of viewer convenience, the content is shown below in the alternative language. You may click the link to switch the active language. Profesyonel kullan\u0131m ama\u00e7l\u0131 ekipmanlar\u0131n finansman\u0131nda leasing \u00e7\u00f6z\u00fcmleri sunan BNP Paribas Finansal Kiralama ile k\u00fcresel teknoloji \u015firketi ABB, elektrikli ara\u00e7lar\u0131n \u015farj ekipmanlar\u0131 finansman\u0131 [&hellip;]<\/p>\n","protected":false},"author":1,"featured_media":177407,"comment_status":"open","ping_status":"open","sticky":false,"template":"","format":"standard","meta":[],"categories":[51,53],"tags":[8046,96592,110092,1265],"views":46,"_links":{"self":[{"href":"https:\/\/www.enerjigazetesi.ist\/en\/wp-json\/wp\/v2\/posts\/177405"}],"collection":[{"href":"https:\/\/www.enerjigazetesi.ist\/en\/wp-json\/wp\/v2\/posts"}],"about":[{"href":"https:\/\/www.enerjigazetesi.ist\/en\/wp-json\/wp\/v2\/types\/post"}],"author":[{"embeddable":true,"href":"https:\/\/www.enerjigazetesi.ist\/en\/wp-json\/wp\/v2\/users\/1"}],"replies":[{"embeddable":true,"href":"https:\/\/www.enerjigazetesi.ist\/en\/wp-json\/wp\/v2\/comments?post=177405"}],"version-history":[{"count":0,"href":"https:\/\/www.enerjigazetesi.ist\/en\/wp-json\/wp\/v2\/posts\/177405\/revisions"}],"wp:featuredmedia":[{"embeddable":true,"href":"https:\/\/www.enerjigazetesi.ist\/en\/wp-json\/wp\/v2\/media\/177407"}],"wp:attachment":[{"href":"https:\/\/www.enerjigazetesi.ist\/en\/wp-json\/wp\/v2\/media?parent=177405"}],"wp:term":[{"taxonomy":"category","embeddable":true,"href":"https:\/\/www.enerjigazetesi.ist\/en\/wp-json\/wp\/v2\/categories?post=177405"},{"taxonomy":"post_tag","embeddable":true,"href":"https:\/\/www.enerjigazetesi.ist\/en\/wp-json\/wp\/v2\/tags?post=177405"}],"curies":[{"name":"wp","href":"https:\/\/api.w.org\/{rel}","templated":true}]}}