{"id":177357,"date":"2023-07-14T15:01:48","date_gmt":"2023-07-14T12:01:48","guid":{"rendered":"https:\/\/www.enerjigazetesi.ist\/?p=177357"},"modified":"2023-07-14T15:02:35","modified_gmt":"2023-07-14T12:02:35","slug":"vakif-katilim-ve-schmid-pekintas-tan-gunes-enerjisine-yatirim-icin-is-birligi","status":"publish","type":"post","link":"https:\/\/www.enerjigazetesi.ist\/en\/vakif-katilim-ve-schmid-pekintas-tan-gunes-enerjisine-yatirim-icin-is-birligi\/","title":{"rendered":"(Turkish) Vak\u0131f Kat\u0131l\u0131m ve Schmid Pekinta\u015f&#8217;tan G\u00fcne\u015f Enerjisine Yat\u0131r\u0131m \u0130\u015f Birli\u011fi"},"content":{"rendered":"<p class=\"qtranxs-available-languages-message qtranxs-available-languages-message-en\">Sorry, this entry is only available in <a href=\"https:\/\/www.enerjigazetesi.ist\/tr\/wp-json\/wp\/v2\/posts\/177357\" class=\"qtranxs-available-language-link qtranxs-available-language-link-tr\" title=\"Turkish\">Turkish<\/a>. For the sake of viewer convenience, the content is shown below in the alternative language. You may click the link to switch the active language.<\/p><p><\/p>\n<h2><strong>Vak\u0131f Kat\u0131l\u0131m ve Schmid Pekinta\u015f, \u00e7at\u0131 ve arazi GES projelerinin finansman\u0131 i\u00e7in i\u015f birli\u011fi anla\u015fmas\u0131 imzalad\u0131. Vak\u0131f Kat\u0131l\u0131m Genel M\u00fcd\u00fcr\u00fc \u0130kram G\u00f6kta\u015f, \u201cOrtak ge\u00e7mi\u015fimizden ald\u0131\u011f\u0131m\u0131z ilham ile ortak gelece\u011fimizi in\u015fa eden en \u00f6nemli kurumlardan biri olarak bu i\u015f birli\u011fi Vak\u0131f Kat\u0131l\u0131m\u2019\u0131n \u00e7evreye ve ye\u015file verdi\u011fi \u00f6nemin g\u00f6stergesi\u201d dedi.<\/strong><\/h2>\n<p>Kat\u0131l\u0131m finans sekt\u00f6r\u00fcn\u00fcn referans kurumu olma vizyonuyla faaliyet g\u00f6steren Vak\u0131f Kat\u0131l\u0131m, yenilenebilir enerji yat\u0131r\u0131mlar\u0131na deste\u011fini s\u00fcrd\u00fcr\u00fcyor. Bu kapsamda Vak\u0131f Kat\u0131l\u0131m ve Schmid Pekinta\u015f, GES panel \u00fcretimi, temini ve sat\u0131\u015f\u0131 noktas\u0131nda i\u015f birli\u011fi yapt\u0131. Yap\u0131lan anla\u015fmayla Schmid Pekinta\u015f, GES panel \u00fcretimi, temini ve sat\u0131\u015f\u0131 noktas\u0131nda Vak\u0131f Kat\u0131l\u0131m m\u00fc\u015fterilerinin ihtiya\u00e7lar\u0131 do\u011frultusunda \u00fcr\u00fcn m\u00fcsaitli\u011fine g\u00f6re destek olabilecek.<\/p>\n<h3><strong>\u201cGe\u00e7mi\u015fimizden ald\u0131\u011f\u0131m\u0131z ilhamla gelece\u011fi in\u015fa ediyoruz\u201d<\/strong><\/h3>\n<p>Schmid Pekinta\u015f ile yap\u0131lan i\u015f birli\u011finin \u00e7evreye verilen \u00f6nemin bir g\u00f6stergesi oldu\u011funu belirten <strong>Vak\u0131f Kat\u0131l\u0131m Genel M\u00fcd\u00fcr\u00fc \u0130kram G\u00f6kta\u015f,<\/strong> <em>\u201cVak\u0131f Kat\u0131l\u0131m olarak bu i\u015f birli\u011fi ile hem \u00e7evreye duyarl\u0131, <img loading=\"lazy\" class=\"alignright wp-image-177361\" src=\"https:\/\/www.enerjigazetesi.ist\/wp-content\/uploads\/2023\/07\/vakif-katilim-ve-schmid-pekintas-tan-gunes-enerjisine-yatirim-icin-is-birligi-2.jpg\" alt=\"\" width=\"320\" height=\"276\" srcset=\"https:\/\/www.enerjigazetesi.ist\/wp-content\/uploads\/2023\/07\/vakif-katilim-ve-schmid-pekintas-tan-gunes-enerjisine-yatirim-icin-is-birligi-2.jpg 550w, https:\/\/www.enerjigazetesi.ist\/wp-content\/uploads\/2023\/07\/vakif-katilim-ve-schmid-pekintas-tan-gunes-enerjisine-yatirim-icin-is-birligi-2-300x259.jpg 300w, https:\/\/www.enerjigazetesi.ist\/wp-content\/uploads\/2023\/07\/vakif-katilim-ve-schmid-pekintas-tan-gunes-enerjisine-yatirim-icin-is-birligi-2-464x400.jpg 464w, https:\/\/www.enerjigazetesi.ist\/wp-content\/uploads\/2023\/07\/vakif-katilim-ve-schmid-pekintas-tan-gunes-enerjisine-yatirim-icin-is-birligi-2-58x50.jpg 58w, https:\/\/www.enerjigazetesi.ist\/wp-content\/uploads\/2023\/07\/vakif-katilim-ve-schmid-pekintas-tan-gunes-enerjisine-yatirim-icin-is-birligi-2-500x431.jpg 500w\" sizes=\"(max-width: 320px) 100vw, 320px\" \/>s\u00fcrd\u00fcr\u00fclebilir bir gelece\u011fe destek veriyoruz hem de yenilenebilir enerji yat\u0131r\u0131mlar\u0131 yapan firmalarla birlikte enerjide cari a\u00e7\u0131\u011f\u0131n azalt\u0131lmas\u0131na katk\u0131 sunuyoruz. Kamu ve \u00f6zel sekt\u00f6rdeki projelere \u2018Ye\u015fil Finansman\u2019 deste\u011fi sunarak gelecek nesillere daha ya\u015fanabilir bir D\u00fcnya b\u0131rakma hedefiyle hareket ediyoruz. Faaliyetlerimize Birle\u015fmi\u015f Milletler\u2019in ilan etti\u011fi \u2018S\u00fcrd\u00fcr\u00fclebilir Kalk\u0131nma Plan\u0131\u2019 kapsam\u0131nda devam edecek, \u00e7evreye dost, yenilenebilir enerjiye yap\u0131lan yat\u0131r\u0131mlar\u0131n finansmanlar\u0131nda var olmay\u0131 s\u00fcrd\u00fcrece\u011fiz\u201d<\/em> dedi.<\/p>\n<p>\u201c\u00dclkemizdeki enerji potansiyelini harekete ge\u00e7irecek yat\u0131r\u0131mlar\u0131n desteklenmesi ile enerji alan\u0131nda d\u0131\u015fa ba\u011f\u0131ml\u0131l\u0131\u011f\u0131n azalt\u0131lmas\u0131 ve hanelerimizin temiz enerji ile ayd\u0131nlat\u0131lmas\u0131na katk\u0131 sunuyoruz\u2019\u2019 diyen <strong>G\u00f6kta\u015f,<\/strong> \u2018\u2019Bu motivasyondan hareketle KOB\u0130\u2019lerimizin ye\u015fil enerji alan\u0131nda finansmana eri\u015fimlerini kolayla\u015ft\u0131rmak amac\u0131yla; yat\u0131r\u0131mc\u0131lar\u0131n enerji projelerine y\u00f6nelik u\u00e7tan uca dan\u0131\u015fmanl\u0131k sa\u011flayarak, KOB\u0130\u2019lerimize finansal \u00e7\u00f6z\u00fcmler sunuyoruz. Vak\u0131f Kat\u0131l\u0131m verimlilik ve tasarruf odakl\u0131 \u00fcr\u00fcnleriyle, yenilenebilir enerji yat\u0131r\u0131mlar\u0131n\u0131 desteklemeye, \u00fclkemizin s\u00fcrd\u00fcr\u00fclebilirlik hedeflerine uygun \u00e7\u00f6z\u00fcmler geli\u015ftirmeye devam edecek\u201d ifadeleriyle s\u00f6zlerini tamamlad\u0131.<\/p>\n<p><img loading=\"lazy\" class=\"alignleft wp-image-177362\" src=\"https:\/\/www.enerjigazetesi.ist\/wp-content\/uploads\/2023\/07\/vakif-katilim-ve-schmid-pekintas-tan-gunes-enerjisine-yatirim-icin-is-birligi-1.jpg\" alt=\"\" width=\"320\" height=\"314\" srcset=\"https:\/\/www.enerjigazetesi.ist\/wp-content\/uploads\/2023\/07\/vakif-katilim-ve-schmid-pekintas-tan-gunes-enerjisine-yatirim-icin-is-birligi-1.jpg 489w, https:\/\/www.enerjigazetesi.ist\/wp-content\/uploads\/2023\/07\/vakif-katilim-ve-schmid-pekintas-tan-gunes-enerjisine-yatirim-icin-is-birligi-1-300x294.jpg 300w, https:\/\/www.enerjigazetesi.ist\/wp-content\/uploads\/2023\/07\/vakif-katilim-ve-schmid-pekintas-tan-gunes-enerjisine-yatirim-icin-is-birligi-1-408x400.jpg 408w, https:\/\/www.enerjigazetesi.ist\/wp-content\/uploads\/2023\/07\/vakif-katilim-ve-schmid-pekintas-tan-gunes-enerjisine-yatirim-icin-is-birligi-1-51x50.jpg 51w\" sizes=\"(max-width: 320px) 100vw, 320px\" \/>\u0130\u015f birli\u011fine ili\u015fkin de\u011ferlendirmelerde bulunan <strong>Schmid Pekinta\u015f Y\u00f6netim Kurulu Ba\u015fkan\u0131 \u00d6zhan Olcay<\/strong> ise \u015funlar\u0131 s\u00f6yledi:<\/p>\n<p><em>\u201c\u00dclkemizin enerji ihtiyac\u0131n\u0131 kendi kaynaklar\u0131ndan, kendi g\u00fcne\u015finden kar\u015f\u0131lamak i\u00e7in 2013\u2019ten beri ileri Alman teknolojisi ile \u00fcretim yap\u0131yoruz. Lider g\u00fcne\u015f paneli \u00fcreticisi konumumuzu \u00fclkemizin g\u00fc\u00e7l\u00fc finans kurumlar\u0131ndan olan Vak\u0131f Kat\u0131l\u0131m ile yapt\u0131\u011f\u0131m\u0131z bu i\u015f birli\u011fi anla\u015fmas\u0131 ile peki\u015ftirmekten dolay\u0131 mutluyuz.<\/em><\/p>\n<p><em>G\u00fcne\u015f enerjisini kullanarak, \u00e7evreye ve gelece\u011fe yat\u0131r\u0131m yapmak ve kendi elektri\u011fini \u00f6nce ucuza sonra bedavaya \u00fcretmek isteyen herkesin \u00e7\u00f6z\u00fcm orta\u011f\u0131 olaca\u011f\u0131z. Yeni \u00fcr\u00fcnlerimizi, s\u00fcrekli geli\u015fen teknolojilerimizi ve enerji depolama \u00e7\u00f6z\u00fcmlerimizi de yak\u0131nda m\u00fc\u015fterilerimizin hizmetine sunaca\u011f\u0131z.\u201d<\/em><\/p>","protected":false},"excerpt":{"rendered":"<p>Sorry, this entry is only available in Turkish. For the sake of viewer convenience, the content is shown below in the alternative language. You may click the link to switch the active language. Vak\u0131f Kat\u0131l\u0131m ve Schmid Pekinta\u015f, \u00e7at\u0131 ve arazi GES projelerinin finansman\u0131 i\u00e7in i\u015f birli\u011fi anla\u015fmas\u0131 imzalad\u0131. Vak\u0131f Kat\u0131l\u0131m Genel M\u00fcd\u00fcr\u00fc \u0130kram G\u00f6kta\u015f, [&hellip;]<\/p>\n","protected":false},"author":1,"featured_media":177364,"comment_status":"open","ping_status":"open","sticky":false,"template":"","format":"standard","meta":[],"categories":[53,49],"tags":[110072,1265,35273,83535],"views":54,"_links":{"self":[{"href":"https:\/\/www.enerjigazetesi.ist\/en\/wp-json\/wp\/v2\/posts\/177357"}],"collection":[{"href":"https:\/\/www.enerjigazetesi.ist\/en\/wp-json\/wp\/v2\/posts"}],"about":[{"href":"https:\/\/www.enerjigazetesi.ist\/en\/wp-json\/wp\/v2\/types\/post"}],"author":[{"embeddable":true,"href":"https:\/\/www.enerjigazetesi.ist\/en\/wp-json\/wp\/v2\/users\/1"}],"replies":[{"embeddable":true,"href":"https:\/\/www.enerjigazetesi.ist\/en\/wp-json\/wp\/v2\/comments?post=177357"}],"version-history":[{"count":0,"href":"https:\/\/www.enerjigazetesi.ist\/en\/wp-json\/wp\/v2\/posts\/177357\/revisions"}],"wp:featuredmedia":[{"embeddable":true,"href":"https:\/\/www.enerjigazetesi.ist\/en\/wp-json\/wp\/v2\/media\/177364"}],"wp:attachment":[{"href":"https:\/\/www.enerjigazetesi.ist\/en\/wp-json\/wp\/v2\/media?parent=177357"}],"wp:term":[{"taxonomy":"category","embeddable":true,"href":"https:\/\/www.enerjigazetesi.ist\/en\/wp-json\/wp\/v2\/categories?post=177357"},{"taxonomy":"post_tag","embeddable":true,"href":"https:\/\/www.enerjigazetesi.ist\/en\/wp-json\/wp\/v2\/tags?post=177357"}],"curies":[{"name":"wp","href":"https:\/\/api.w.org\/{rel}","templated":true}]}}