{"id":17727,"date":"2013-11-18T11:06:53","date_gmt":"2013-11-18T08:06:53","guid":{"rendered":"https:\/\/www.enerjigazetesi.ist\/?p=17727"},"modified":"2013-11-18T11:16:57","modified_gmt":"2013-11-18T08:16:57","slug":"anel-grupdan-inonu-universitesi-ile-5-mwlik-gunes-enerjisi-santrali-protokolu","status":"publish","type":"post","link":"https:\/\/www.enerjigazetesi.ist\/en\/anel-grupdan-inonu-universitesi-ile-5-mwlik-gunes-enerjisi-santrali-protokolu\/","title":{"rendered":"(Turkish) Anel Grup&#8217;dan \u0130n\u00f6n\u00fc \u00dcniversitesi&#8217;ne 5 MW\u2019l\u0131k G\u00fcne\u015f Enerjisi Santrali!"},"content":{"rendered":"<p class=\"qtranxs-available-languages-message qtranxs-available-languages-message-en\">Sorry, this entry is only available in <a href=\"https:\/\/www.enerjigazetesi.ist\/tr\/wp-json\/wp\/v2\/posts\/17727\" class=\"qtranxs-available-language-link qtranxs-available-language-link-tr\" title=\"Turkish\">Turkish<\/a>. For the sake of viewer convenience, the content is shown below in the alternative language. You may click the link to switch the active language.<\/p><p><strong>19 milyon TL&#8217;lik yat\u0131r\u0131m ile ger\u00e7ekle\u015fmesi beklenen santralin 2014 yaz\u0131nda\u00a0 devreye al\u0131nmas\u0131 planlan\u0131yor. \u0130n\u00f6n\u00fc \u00dcniversitesi ile Anel Grup aras\u0131nda \u00fcniversitenin Malatya&#8217;daki\u00a0 kamp\u00fcs\u00fcnde 5 MW kurulu g\u00fcc\u00fcnde bir g\u00fcne\u015f enerjisi santrali kurulumunu \u00f6ng\u00f6ren\u00a0 bir protokol imzaland\u0131\u011f\u0131 bildirildi.<\/strong><\/p>\n<p>Anel Grup&#8217;tan yap\u0131lan\u00a0 a\u00e7\u0131klamada 2014 A\u011fustos ay\u0131nda devreye al\u0131nmas\u0131 planlanan santralin y\u0131ll\u0131k\u00a0 yakla\u015f\u0131k olarak 8 megavat-saat (MWh) elektrik \u00fcretebilece\u011fi ve yat\u0131r\u0131m\u0131n geri\u00a0 d\u00f6n\u00fc\u015f s\u00fcresinin 6 y\u0131l olaca\u011f\u0131 bilgileri payla\u015f\u0131ld\u0131.<\/p>\n<p>Anel Grup b\u00fcnyesindeki Anel Tech taraf\u0131ndan ger\u00e7ekle\u015ftirilecek proje 120 bin\u00a0 m2&#8217;lik alan\u0131 kaplayacak iken santralde 20.000 panel kullan\u0131lacak. Anel Grup&#8217;tan\u00a0 verilen bilgilere g\u00f6re projede kullan\u0131lacak mod\u00fcllerin neler olaca\u011f\u0131 ise teknik\u00a0 komisyon ile planlama a\u015famas\u0131nda bulunuyor.<\/p>\n<p><strong>T\u00fcrk tarihindeki ilk b\u00fcy\u00fck \u00f6l\u00e7ekli g\u00fcne\u015f santrali\u00a0 projesi<\/strong><\/p>\n<p>A\u00e7\u0131klamada de\u011ferlendirmelerini payla\u015fan Anel Enerji CEO&#8217;su Evren Evcit\u00a0\u00a0 ise \u015funlar\u0131 kaydetti;<\/p>\n<p>&#8221;I\u0307n\u00f6n\u00fc \u00dcniversitesi\u2019nde kuracag\u0306\u0131m\u0131z santral, T\u00fcrkiye g\u00fcnes\u0327 enerjisi\u00a0 sekt\u00f6r\u00fc i\u00e7in referans nitelig\u0306i tas\u0327\u0131yacak. Bug\u00fcne kadar MW alt\u0131, \u00e7at\u0131 kurulumu\u00a0 s\u0327eklinde ins\u0327a edilen yap\u0131lar\u0131n aksine bu santral g\u00fcnes\u0327 santrali format\u0131nda\u00a0 olup, T\u00fcrkiye\u2019nin ilk MW baz\u0131nda genis\u0327 saha uygulamas\u0131 olacak. I\u0307n\u00f6n\u00fc\u00a0 \u00dcni<a href=\"https:\/\/www.enerjigazetesi.ist\/wp-content\/uploads\/2013\/11\/inonu-universitesi-5-mwlik-gunes-enerjisi-santrali-icin-protokol-imzaladi.jpg\"><img loading=\"lazy\" class=\"alignleft  wp-image-17728\" title=\"inonu-universitesi-5-mwlik-gunes-enerjisi-santrali-icin-protokol-imzaladi\" src=\"https:\/\/www.enerjigazetesi.ist\/wp-content\/uploads\/2013\/11\/inonu-universitesi-5-mwlik-gunes-enerjisi-santrali-icin-protokol-imzaladi-300x204.jpg\" alt=\"\" width=\"300\" height=\"204\" srcset=\"https:\/\/www.enerjigazetesi.ist\/wp-content\/uploads\/2013\/11\/inonu-universitesi-5-mwlik-gunes-enerjisi-santrali-icin-protokol-imzaladi-300x204.jpg 300w, https:\/\/www.enerjigazetesi.ist\/wp-content\/uploads\/2013\/11\/inonu-universitesi-5-mwlik-gunes-enerjisi-santrali-icin-protokol-imzaladi-73x50.jpg 73w, https:\/\/www.enerjigazetesi.ist\/wp-content\/uploads\/2013\/11\/inonu-universitesi-5-mwlik-gunes-enerjisi-santrali-icin-protokol-imzaladi.jpg 366w\" sizes=\"(max-width: 300px) 100vw, 300px\" \/><\/a>versitesi G\u00fcnes\u0327 Santrali, yaklas\u0327\u0131k 3 km\u2019lik bir enerji nakil hatt\u0131 ile\u00a0 I\u0307n\u00f6n\u00fc \u00dcniversitesi\u2019nin s\u0327alt sahas\u0131na bag\u0306lanacak ve orta gerilime bag\u0306l\u0131 bu\u00a0 boyuttaki ilk proje olacak.<\/p>\n<p>Bu projenin, \u00f6n\u00fcm\u00fczdeki sene bas\u0327lamas\u0131 planlanan lisansl\u0131 g\u00fcnes\u0327 enerjisi\u00a0 kurulumlar\u0131 i\u00e7in \u00e7ok \u00f6nemli bir referans olacag\u0306\u0131n\u0131 d\u00fcs\u0327\u00fcn\u00fcyoruz. T\u00fcrk\u00a0 yat\u0131r\u0131mc\u0131s\u0131 bu b\u00fcy\u00fckl\u00fckteki santralleri yaln\u0131zca Avrupa \u00fclkelerinde\u00a0 g\u00f6rebiliyordu; bu santraller Avrupa standartlar\u0131ndaki orta gerilim s\u0327ebekelerine\u00a0 bag\u0306l\u0131 \u00e7al\u0131s\u0327\u0131yorlard\u0131.<\/p>\n<p>I\u0307n\u00f6n\u00fc \u00dcniversitesi G\u00fcne\u015f Santrali Projesi\u2019nin bas\u0327lamas\u0131n\u0131n ard\u0131ndan T\u00fcrk\u00a0 tarihinde ilk kez kendi topraklar\u0131m\u0131zda, kendi orta gerilim s\u0327ebekemize bag\u0306l\u0131,\u00a0 TEDAS\u0327 onayl\u0131 g\u00fcnes\u0327 santralini yat\u0131r\u0131m s\u00fcreci \u00f6ncesinde ziyarete a\u00e7m\u0131s\u0327\u00a0 olacag\u0306\u0131z. Bu sayede yat\u0131r\u0131mc\u0131lar, T\u00fcrkiye\u2019de ilk kez ger\u00e7ek boyuttaki bir\u00a0 santrali ve \u00fcretimini g\u00f6rme s\u0327ans\u0131 elde edecekler.<\/p>\n<p>Anel Grup olarak bu boyuttaki ilk is\u0327i yapmaktan o\u0308tu\u0308ru\u0308 gurur duyuyoruz;\u00a0 bu konudaki teknik tecru\u0308belerimizi yat\u0131r\u0131mc\u0131larla paylas\u0327may\u0131 arzu\u00a0 ediyoruz.&#8221;<\/p>\n<p><strong>\u00dcniversite projeyi \u00f6z kaynaklar\u0131 ile ger\u00e7ekle\u015ftirecek<\/strong><\/p>\n<p>\u0130ki taraf aras\u0131nda ge\u00e7en ay sonunda Malatya\u2019daki \u00fcniversitede imza ve\u00a0 bilgilendirme toplant\u0131s\u0131 d\u00fczenlenmi\u015fti. \u0130n\u00f6n\u00fc \u00dcniversitesi Bas\u0131n B\u00fcrosu\u00a0 taraf\u0131ndan yay\u0131nlanan a\u00e7\u0131klamaya g\u00f6re toplant\u0131da konu\u015fan \u0130n\u00f6n\u00fc \u00dcniversitesi\u00a0 Rekt\u00f6r\u00fc Prof. Dr. Cemil \u00c7elik yat\u0131r\u0131m maliyetinin 19 milyon TL\u2019yi bulaca\u011f\u0131\u00a0 projenin T\u00fcrkiye\u2019nin en b\u00fcy\u00fck g\u00fcne\u015f enerjisi santrali olaca\u011f\u0131n\u0131 s\u00f6ylemi\u015fti.\u00a0 Yat\u0131r\u0131m\u0131n kurumun 2014 b\u00fct\u00e7esinde olmad\u0131\u011f\u0131n\u0131 da ifade eden \u00c7elik, \u00fcniversitenin\u00a0 projeyi, y\u00fczde 80 oran\u0131nda banka kredisi yolu ile olmak \u00fczere, kendi \u00f6z\u00a0 kaynaklar\u0131 ile ger\u00e7ekle\u015ftirece\u011fi bilgisini vermi\u015fti.<\/p>\n<p>T\u0131p Fak\u00fcltesi Dekan\u0131 Prof. Dr. \u00dcnsal \u00d6zgen ise toplant\u0131da yapt\u0131\u011f\u0131 konu\u015fmada\u00a0 Turgut \u00d6zal T\u0131p Merkezinin enerji harcamalar\u0131 ve projenin bu anlamda\u00a0 \u00fcniversiteye \u00f6ng\u00f6r\u00fclen ekonomik getirisinden bahsetmi\u015fti. Prof. \u00d6zgen\u00a0 a\u00e7\u0131klamas\u0131nda Turgut \u00d6zal T\u0131p Merkezi\u2019nin yo\u011fun bir enerji ihtiyac\u0131 oldu\u011funu\u00a0 s\u00f6ylerken, 2012 y\u0131l\u0131nda 29 milyon kilovat-saat (kWh) elektrik t\u00fcketimi\u00a0 ger\u00e7ekle\u015ftiren merkezin bunun kar\u015f\u0131l\u0131\u011f\u0131nda 8.28 milyon TL elektrik faturas\u0131\u00a0 \u00f6dedi\u011fi bilgisini vermi\u015f, bu t\u00fcketimin y\u00fczde 55\u2019inin g\u00fcnd\u00fcz saatlerinde\u00a0 ger\u00e7ekle\u015ftirildi\u011fini ve elektrik fiyatlar\u0131na her y\u0131l ortalama y\u00fczde 10 oran\u0131nda\u00a0 zam geldi\u011fini de s\u00f6zlerine eklemi\u015fti.<\/p>\n<p><strong>\u00dcniversitenin tasarrufu elektrik fiyatlar\u0131 ile beraber\u00a0 artacak<\/strong><\/p>\n<p>Kurulacak santral ile kurumun elektrik ihtiyac\u0131n\u0131n y\u00fczde 29\u2019unun \u00fcretilece\u011fi\u00a0 ve g\u00fcnd\u00fcz \u00fcretilen bu elektri\u011fin toplam elektrik faturas\u0131n\u0131n y\u00fczde 32\u2019sini\u00a0 kar\u015f\u0131layaca\u011f\u0131n\u0131 ifade eden \u00d6zgen s\u00f6zlerini \u015fu \u015fekilde s\u00fcrd\u00fcrm\u00fc\u015ft\u00fc;<\/p>\n<p>&#8221;Tesisin kurulum maliyeti 19 milyon TL olmakla beraber tesisin \u00f6mr\u00fc minimum\u00a0 25, ortalama 40 y\u0131ld\u0131r. Bu tesisin kurulumu i\u00e7in yaklas\u0327\u0131k y\u00fczde 80 oran\u0131nda\u00a0 kredi kullan\u0131lm\u0131s\u0327t\u0131r. Bu finans maliyeti dikkate al\u0131nd\u0131g\u0306\u0131nda 2014 y\u0131l\u0131nda\u00a0 kendini amorti etmesi 6.8 y\u0131ld\u0131r. Yine elektrik fiyatlar\u0131na y\u0131lda ortalama y\u00fczde\u00a0 10 oran\u0131nda bir art\u0131s\u0327 d\u00fcs\u0327\u00fcn\u00fcl\u00fcrse tesisin kendisini amorti etme s\u00fcresi 5.1\u00a0 y\u0131la d\u00fcs\u0327mektedir. S\u0327ayet fiyatlar sabit olursa kendisini finanse ettikten sonra\u00a0 bu tesisin bize 25 y\u0131l i\u00e7erisinde net kazanc\u0131 57 milyon TL olacakt\u0131r. Eg\u0306er\u00a0 y\u00fczde 5\u2019lik bir fiyat art\u0131s\u0327\u0131 olursa 127 milyon TL, y\u00fczde 10\u2019luk bir fiyat\u00a0 art\u0131s\u0327\u0131 olursa 240 milyon TL civar\u0131nda bir tasarrufumuz olacakt\u0131r.&#8221;<\/p>\n<p>Kaynak: <a href=\"http:\/\/www.yesilekonomi.com\/yenilenebilir-enerji\/inonu-universitesi-5-mwlik-gunes-enerjisi-santrali-icin-protokol-imzaladi\" target=\"_blank\">Ye\u015fil Ekonomi<\/a><\/p>","protected":false},"excerpt":{"rendered":"<p>Sorry, this entry is only available in Turkish. For the sake of viewer convenience, the content is shown below in the alternative language. You may click the link to switch the active language.19 milyon TL&#8217;lik yat\u0131r\u0131m ile ger\u00e7ekle\u015fmesi beklenen santralin 2014 yaz\u0131nda\u00a0 devreye al\u0131nmas\u0131 planlan\u0131yor. \u0130n\u00f6n\u00fc \u00dcniversitesi ile Anel Grup aras\u0131nda \u00fcniversitenin Malatya&#8217;daki\u00a0 kamp\u00fcs\u00fcnde 5 [&hellip;]<\/p>\n","protected":false},"author":1,"featured_media":17728,"comment_status":"open","ping_status":"open","sticky":false,"template":"","format":"standard","meta":[],"categories":[53,49],"tags":[10407,10408,19,63,67,1009,165,10409,2326,227,13,2569,10410,10055,3489],"views":1199,"_links":{"self":[{"href":"https:\/\/www.enerjigazetesi.ist\/en\/wp-json\/wp\/v2\/posts\/17727"}],"collection":[{"href":"https:\/\/www.enerjigazetesi.ist\/en\/wp-json\/wp\/v2\/posts"}],"about":[{"href":"https:\/\/www.enerjigazetesi.ist\/en\/wp-json\/wp\/v2\/types\/post"}],"author":[{"embeddable":true,"href":"https:\/\/www.enerjigazetesi.ist\/en\/wp-json\/wp\/v2\/users\/1"}],"replies":[{"embeddable":true,"href":"https:\/\/www.enerjigazetesi.ist\/en\/wp-json\/wp\/v2\/comments?post=17727"}],"version-history":[{"count":2,"href":"https:\/\/www.enerjigazetesi.ist\/en\/wp-json\/wp\/v2\/posts\/17727\/revisions"}],"predecessor-version":[{"id":17736,"href":"https:\/\/www.enerjigazetesi.ist\/en\/wp-json\/wp\/v2\/posts\/17727\/revisions\/17736"}],"wp:featuredmedia":[{"embeddable":true,"href":"https:\/\/www.enerjigazetesi.ist\/en\/wp-json\/wp\/v2\/media\/17728"}],"wp:attachment":[{"href":"https:\/\/www.enerjigazetesi.ist\/en\/wp-json\/wp\/v2\/media?parent=17727"}],"wp:term":[{"taxonomy":"category","embeddable":true,"href":"https:\/\/www.enerjigazetesi.ist\/en\/wp-json\/wp\/v2\/categories?post=17727"},{"taxonomy":"post_tag","embeddable":true,"href":"https:\/\/www.enerjigazetesi.ist\/en\/wp-json\/wp\/v2\/tags?post=17727"}],"curies":[{"name":"wp","href":"https:\/\/api.w.org\/{rel}","templated":true}]}}