{"id":177182,"date":"2023-07-10T15:39:23","date_gmt":"2023-07-10T12:39:23","guid":{"rendered":"https:\/\/www.enerjigazetesi.ist\/?p=177182"},"modified":"2023-07-10T15:40:05","modified_gmt":"2023-07-10T12:40:05","slug":"akaryakitta-kdv-kaynakli-fiyat-artisi","status":"publish","type":"post","link":"https:\/\/www.enerjigazetesi.ist\/en\/akaryakitta-kdv-kaynakli-fiyat-artisi\/","title":{"rendered":"(Turkish) Akaryak\u0131tta KDV Kaynakl\u0131 Fiyat Art\u0131\u015f\u0131"},"content":{"rendered":"<p class=\"qtranxs-available-languages-message qtranxs-available-languages-message-en\">Sorry, this entry is only available in <a href=\"https:\/\/www.enerjigazetesi.ist\/tr\/wp-json\/wp\/v2\/posts\/177182\" class=\"qtranxs-available-language-link qtranxs-available-language-link-tr\" title=\"Turkish\">Turkish<\/a>. For the sake of viewer convenience, the content is shown below in the alternative language. You may click the link to switch the active language.<\/p><p><\/p>\n<h2>Akaryak\u0131t \u00fcr\u00fcnlerinin fiyatlar\u0131nda KDV oran\u0131ndaki art\u0131\u015ftan kaynaklanan yukar\u0131 y\u00f6nl\u00fc d\u00fczenleme yap\u0131l\u0131rken yeni fiyatlar 10 Temmuz 2023 gece yar\u0131s\u0131ndan itibaren <img loading=\"lazy\" class=\"alignright wp-image-177184\" src=\"https:\/\/www.enerjigazetesi.ist\/wp-content\/uploads\/2023\/07\/akaryakitta-kdv-kaynakli-fiyat-artisi.jpg\" alt=\"\" width=\"320\" height=\"227\" srcset=\"https:\/\/www.enerjigazetesi.ist\/wp-content\/uploads\/2023\/07\/akaryakitta-kdv-kaynakli-fiyat-artisi.jpg 550w, https:\/\/www.enerjigazetesi.ist\/wp-content\/uploads\/2023\/07\/akaryakitta-kdv-kaynakli-fiyat-artisi-300x213.jpg 300w, https:\/\/www.enerjigazetesi.ist\/wp-content\/uploads\/2023\/07\/akaryakitta-kdv-kaynakli-fiyat-artisi-500x355.jpg 500w, https:\/\/www.enerjigazetesi.ist\/wp-content\/uploads\/2023\/07\/akaryakitta-kdv-kaynakli-fiyat-artisi-71x50.jpg 71w\" sizes=\"(max-width: 320px) 100vw, 320px\" \/>uygulanacak.<\/h2>\n<p>Akaryak\u0131t \u00fcr\u00fcnlerinde <strong>%18<\/strong> olan KDV oran\u0131, yeni KDV d\u00fczenlemesiyle <strong>%20<\/strong>\u2019ye \u00e7\u0131kar\u0131lm\u0131\u015ft\u0131. Bu do\u011frultuda akaryak\u0131t istasyonlar\u0131ndaki \u00f6deme kaydedici cihazlarda yeni KDV oranlar\u0131na y\u00f6nelik ayarlama, <strong>10 Temmuz 2023<\/strong> g\u00fcn\u00fc saat <strong>00.00\u2019da<\/strong> yap\u0131lm\u0131\u015f olacak.<\/p>\n<p>KDV oran\u0131ndaki art\u0131\u015fla beraber, akaryak\u0131t \u00fcr\u00fcnlerinin fiyatlar\u0131 da yeniden belirlendi. Buna g\u00f6re 10 Temmuz 2023 tarihinden itibaren benzin fiyat\u0131nda <strong>40 kuru\u015f\/lt<\/strong>; mazot fiyat\u0131nda <strong>38 kuru\u015f\/lt<\/strong> ve <strong>LPG otogaz<\/strong> fiyat\u0131nda ise <strong>15kuru\u015f\/lt<\/strong> art\u0131\u015f yap\u0131lacak.<\/p>\n<p>B\u00f6ylece benzinin litre fiyat\u0131 \u0130stanbul Avrupa Yakas\u0131\u2019nda <strong>26,65TL<\/strong>; mazotun litre fiyat\u0131 <strong>25,20TL<\/strong> ve LPG otogaz\u0131n litre fiyat\u0131 ise<strong> 11,25TL<\/strong> olarak uygulanacak.<\/p>","protected":false},"excerpt":{"rendered":"<p>Sorry, this entry is only available in Turkish. For the sake of viewer convenience, the content is shown below in the alternative language. You may click the link to switch the active language. Akaryak\u0131t \u00fcr\u00fcnlerinin fiyatlar\u0131nda KDV oran\u0131ndaki art\u0131\u015ftan kaynaklanan yukar\u0131 y\u00f6nl\u00fc d\u00fczenleme yap\u0131l\u0131rken yeni fiyatlar 10 Temmuz 2023 gece yar\u0131s\u0131ndan itibaren uygulanacak. Akaryak\u0131t \u00fcr\u00fcnlerinde [&hellip;]<\/p>\n","protected":false},"author":1,"featured_media":177184,"comment_status":"open","ping_status":"open","sticky":false,"template":"","format":"standard","meta":[],"categories":[53,44],"tags":[35344,11860,11515,9624],"views":49,"_links":{"self":[{"href":"https:\/\/www.enerjigazetesi.ist\/en\/wp-json\/wp\/v2\/posts\/177182"}],"collection":[{"href":"https:\/\/www.enerjigazetesi.ist\/en\/wp-json\/wp\/v2\/posts"}],"about":[{"href":"https:\/\/www.enerjigazetesi.ist\/en\/wp-json\/wp\/v2\/types\/post"}],"author":[{"embeddable":true,"href":"https:\/\/www.enerjigazetesi.ist\/en\/wp-json\/wp\/v2\/users\/1"}],"replies":[{"embeddable":true,"href":"https:\/\/www.enerjigazetesi.ist\/en\/wp-json\/wp\/v2\/comments?post=177182"}],"version-history":[{"count":0,"href":"https:\/\/www.enerjigazetesi.ist\/en\/wp-json\/wp\/v2\/posts\/177182\/revisions"}],"wp:featuredmedia":[{"embeddable":true,"href":"https:\/\/www.enerjigazetesi.ist\/en\/wp-json\/wp\/v2\/media\/177184"}],"wp:attachment":[{"href":"https:\/\/www.enerjigazetesi.ist\/en\/wp-json\/wp\/v2\/media?parent=177182"}],"wp:term":[{"taxonomy":"category","embeddable":true,"href":"https:\/\/www.enerjigazetesi.ist\/en\/wp-json\/wp\/v2\/categories?post=177182"},{"taxonomy":"post_tag","embeddable":true,"href":"https:\/\/www.enerjigazetesi.ist\/en\/wp-json\/wp\/v2\/tags?post=177182"}],"curies":[{"name":"wp","href":"https:\/\/api.w.org\/{rel}","templated":true}]}}