{"id":177114,"date":"2023-07-07T15:22:37","date_gmt":"2023-07-07T12:22:37","guid":{"rendered":"https:\/\/www.enerjigazetesi.ist\/?p=177114"},"modified":"2023-07-07T15:24:43","modified_gmt":"2023-07-07T12:24:43","slug":"turkiye-nin-en-buyuk-acik-hava-private-lte-projesi-tamamlandi","status":"publish","type":"post","link":"https:\/\/www.enerjigazetesi.ist\/en\/turkiye-nin-en-buyuk-acik-hava-private-lte-projesi-tamamlandi\/","title":{"rendered":"(Turkish) T\u00fcrkiye\u2019nin En B\u00fcy\u00fck A\u00e7\u0131k Hava Private LTE Projesi Tamamland\u0131"},"content":{"rendered":"<p class=\"qtranxs-available-languages-message qtranxs-available-languages-message-en\">Sorry, this entry is only available in <a href=\"https:\/\/www.enerjigazetesi.ist\/tr\/wp-json\/wp\/v2\/posts\/177114\" class=\"qtranxs-available-language-link qtranxs-available-language-link-tr\" title=\"Turkish\">Turkish<\/a>. For the sake of viewer convenience, the content is shown below in the alternative language. You may click the link to switch the active language.<\/p><p><\/p>\n<h2><strong>T\u00fcrkiye\u2019nin en b\u00fcy\u00fck entegre end\u00fcstriyel holdingi ve do\u011frudan d\u0131\u015f yat\u0131r\u0131mc\u0131s\u0131 SOCAR T\u00fcrkiye ve Turkcell enerji sekt\u00f6r\u00fcnde bir ilki ger\u00e7ekle\u015ftirdi. Alia\u011fa Yar\u0131madas\u0131\u2019na \u00f6zel geli\u015ftirilen T\u00fcrkiye\u2019nin en b\u00fcy\u00fck a\u00e7\u0131k hava Private LTE projesi, iki b\u00fcy\u00fck kurumun i\u015f birli\u011finde 6 ay gibi k\u0131sa bir s\u00fcrede tamamland\u0131. B\u00f6ylece Turkcell taraf\u0131ndan SOCAR T\u00fcrkiye\u2019ye \u00f6zel y\u00fcksek g\u00fcvenlikli bir mobil ileti\u015fim a\u011f\u0131 olu\u015fturuldu.<\/strong><\/h2>\n<p>SOCAR T\u00fcrkiye ve Turkcell\u2019in 2022 Aral\u0131k ay\u0131nda imza att\u0131\u011f\u0131 i\u015f birli\u011fi ile hayata ge\u00e7en ve enerji sekt\u00f6r\u00fcnde bir ilk olan T\u00fcrkiye\u2019nin en b\u00fcy\u00fck <strong>a\u00e7\u0131k hava Private LTE projesi<\/strong> tamamland\u0131. \u0130\u015f birli\u011fi <img loading=\"lazy\" class=\"alignright wp-image-177116\" src=\"https:\/\/www.enerjigazetesi.ist\/wp-content\/uploads\/2023\/07\/turkiye-nin-en-buyuk-acik-hava-private-lte-projesi-tamamlandi.jpg\" alt=\"\" width=\"320\" height=\"227\" srcset=\"https:\/\/www.enerjigazetesi.ist\/wp-content\/uploads\/2023\/07\/turkiye-nin-en-buyuk-acik-hava-private-lte-projesi-tamamlandi.jpg 550w, https:\/\/www.enerjigazetesi.ist\/wp-content\/uploads\/2023\/07\/turkiye-nin-en-buyuk-acik-hava-private-lte-projesi-tamamlandi-300x213.jpg 300w, https:\/\/www.enerjigazetesi.ist\/wp-content\/uploads\/2023\/07\/turkiye-nin-en-buyuk-acik-hava-private-lte-projesi-tamamlandi-500x355.jpg 500w, https:\/\/www.enerjigazetesi.ist\/wp-content\/uploads\/2023\/07\/turkiye-nin-en-buyuk-acik-hava-private-lte-projesi-tamamlandi-71x50.jpg 71w\" sizes=\"(max-width: 320px) 100vw, 320px\" \/>kapsam\u0131nda Turkcell, \u0130zmir Alia\u011fa Yar\u0131madas\u0131\u2019nda <strong>sadece SOCAR T\u00fcrkiye bilgi teknolojileri altyap\u0131s\u0131 i\u00e7in<\/strong> <strong>baz istasyonlar\u0131 kurarak<\/strong> <strong>y\u00fcksek g\u00fcvenlikli \u00f6zel bir mobil ileti\u015fim a\u011f\u0131 (Private LTE)<\/strong> olu\u015fturdu. SOCAR T\u00fcrkiye\u2019nin STAR Rafineri, Petkim ve SOCAR Depolama gibi \u00f6nemli i\u015ftiraklerinin bulundu\u011fu b\u00f6lge, T\u00fcrkiye\u2019nin ilk <strong>\u201c\u00d6zel End\u00fcstri B\u00f6lgesi\u201d<\/strong> unvan\u0131n\u0131 ta\u015f\u0131man\u0131n yan\u0131 s\u0131ra enerji sekt\u00f6r\u00fcndeki <strong>dijital d\u00f6n\u00fc\u015f\u00fcm i\u00e7in de model oldu.<\/strong><\/p>\n<p>Projeyle SOCAR T\u00fcrkiye\u2019nin bilgi teknolojileri vizyonu, Turkcell\u2019in teknolojik altyap\u0131s\u0131yla birle\u015fti ve tesis i\u00e7in <strong>daha verimli, esnek, \u00f6l\u00e7eklenebilen<\/strong> ve <strong>en yeni teknolojilere haz\u0131r bir altyap\u0131<\/strong> sa\u011fland\u0131.<\/p>\n<p><em><strong>SOCAR T\u00fcrkiye Dijital Transformasyon ve Bili\u015fim Teknolojileri Ba\u015fkan\u0131 Hakan Irg\u0131t\u00a0<\/strong><\/em><em>k\u0131sa s\u00fcrede ba\u015far\u0131yla\u00a0<\/em>hayata ge\u00e7irilen projeyle ilgili \u015funlar\u0131 s\u00f6yledi: \u201cSaham\u0131zda y\u00fcr\u00fctt\u00fc\u011f\u00fcm\u00fcz operasyonlar ve bu operasyonlardan elde etti\u011fimiz veriyi karar mekanizmalar\u0131m\u0131zda kullan\u0131labilir hale d\u00f6n\u00fc\u015ft\u00fcrebilmek dijital d\u00f6n\u00fc\u015f\u00fcmdeki en \u00f6nemli aksiyonlar\u0131m\u0131zdan biri. Turkcell ile ba\u015flatt\u0131\u011f\u0131m\u0131z teknolojik i\u015f ortakl\u0131\u011f\u0131m\u0131z \u00e7er\u00e7evesinde saham\u0131zda kurulan ve T\u00fcrkiye\u2019de bu b\u00fcy\u00fckl\u00fckte ve a\u00e7\u0131k alanda bir ilk olan <strong>Private LTE (5G\u2019ye haz\u0131r \u00f6zel mobil \u015febeke) altyap\u0131s\u0131<\/strong> ile hedefledi\u011fimiz d\u00f6n\u00fc\u015f\u00fcme hizmet edecek b\u00fcy\u00fck bir ad\u0131m att\u0131k. Bu altyap\u0131 sayesinde sahada bir\u00e7ok noktadan ger\u00e7ek zamanl\u0131 veri ak\u0131\u015f\u0131n\u0131 sa\u011flayabilecek ve bu veri ile olu\u015fturdu\u011fumuz iyile\u015ftirme ve karar modellerimizi saha ekiplerimizle payla\u015farak daha verimli ve g\u00fcvenli bir operasyon s\u00fcrd\u00fcrmelerini sa\u011flayabilece\u011fiz. Bu i\u015f birli\u011fi \u00e7er\u00e7evesinde, T\u00fcrkiye ve b\u00f6lgemizde bir\u00e7ok farkl\u0131 kurum ve sekt\u00f6re referans olacak ilklere imza ataca\u011f\u0131m\u0131za olan inanc\u0131m tam.\u201d<\/p>\n<h3><strong>\u201c\u0130\u015f birliklerimiz h\u0131z kesmeyecek\u201d<\/strong><\/h3>\n<p>Projenin ger\u00e7ekle\u015ftirildi\u011fi alan\u0131 ziyaret eden <strong>Turkcell Kurumsal Sat\u0131\u015ftan Sorumlu Genel M\u00fcd\u00fcr Yard\u0131mc\u0131s\u0131 Ceyhun \u00d6zata<\/strong> \u015funlar\u0131 s\u00f6yledi: <em>\u201cT\u00fcrkiye\u2019nin en b\u00fcy\u00fck a\u00e7\u0131k hava Private LTE projesini, SOCAR T\u00fcrkiye ve Turkcell olarak <strong>yakla\u015f\u0131k 6 ayda<\/strong> hayata ge\u00e7irdik. Enerji sekt\u00f6r\u00fcnde bir ilke imza att\u0131\u011f\u0131m\u0131z bu proje, Turkcell\u2019in y\u00fcksek h\u0131zl\u0131 veri ve ileti\u015fim hizmetlerini kurumsal m\u00fc\u015fterilerine ula\u015ft\u0131rma vizyonu do\u011frultusunda da \u00f6nemli bir ad\u0131m. SOCAR T\u00fcrkiye\u2019nin m\u00fckemmel altyap\u0131 ve a\u011f g\u00fcvenli\u011fi deneyimiyle birle\u015fen <strong>Turkcell\u2019in teknoloji alan\u0131ndaki uzmanl\u0131\u011f\u0131yla<\/strong> benzersiz bir i\u015f birli\u011fi s\u00fcrd\u00fcrd\u00fck. Bu ortakl\u0131k, stratejik bir ad\u0131m\u0131 da i\u015faret ediyor. Proje ile SOCAR T\u00fcrkiye; mevcut ileti\u015fim altyap\u0131s\u0131na ek olarak telekom\u00fcnikasyon altyap\u0131s\u0131n\u0131 da kullanarak <strong>operasyonel verimlilik, i\u015f g\u00fcvenli\u011fi<\/strong> ve<strong> hizmet kalitesinin art\u0131r\u0131lmas\u0131na<\/strong> y\u00f6nelik <strong>farkl\u0131 dijital uygulamalar\u0131 sekt\u00f6r\u00fcnde<\/strong> hayata ge\u00e7iren ilk \u015firket unvan\u0131n\u0131 ald\u0131. Projemiz, <strong>telekom\u00fcnikasyon<\/strong> ve <strong>enerji sekt\u00f6rlerinin sinerjisini<\/strong> ba\u015far\u0131yla test etti ve iyi bir \u00f6rnek oldu. T\u00fcrkiye\u2019nin dijital d\u00f6n\u00fc\u015f\u00fcm yolculu\u011funun bayrak ta\u015f\u0131y\u0131c\u0131s\u0131 olarak, gelece\u011fin teknolojilerinde aktif rol \u00fcstlenmek i\u00e7in \u00f6n\u00fcm\u00fczdeki d\u00f6nemde de \u00e7al\u0131\u015fmalar\u0131m\u0131za ve i\u015f birliklerine h\u0131z kesmeden devam edece\u011fiz.\u201d<\/em><\/p>","protected":false},"excerpt":{"rendered":"<p>Sorry, this entry is only available in Turkish. For the sake of viewer convenience, the content is shown below in the alternative language. You may click the link to switch the active language. T\u00fcrkiye\u2019nin en b\u00fcy\u00fck entegre end\u00fcstriyel holdingi ve do\u011frudan d\u0131\u015f yat\u0131r\u0131mc\u0131s\u0131 SOCAR T\u00fcrkiye ve Turkcell enerji sekt\u00f6r\u00fcnde bir ilki ger\u00e7ekle\u015ftirdi. Alia\u011fa Yar\u0131madas\u0131\u2019na \u00f6zel [&hellip;]<\/p>\n","protected":false},"author":1,"featured_media":177116,"comment_status":"open","ping_status":"open","sticky":false,"template":"","format":"standard","meta":[],"categories":[53,157],"tags":[110005,110004,1567,33703],"views":121,"_links":{"self":[{"href":"https:\/\/www.enerjigazetesi.ist\/en\/wp-json\/wp\/v2\/posts\/177114"}],"collection":[{"href":"https:\/\/www.enerjigazetesi.ist\/en\/wp-json\/wp\/v2\/posts"}],"about":[{"href":"https:\/\/www.enerjigazetesi.ist\/en\/wp-json\/wp\/v2\/types\/post"}],"author":[{"embeddable":true,"href":"https:\/\/www.enerjigazetesi.ist\/en\/wp-json\/wp\/v2\/users\/1"}],"replies":[{"embeddable":true,"href":"https:\/\/www.enerjigazetesi.ist\/en\/wp-json\/wp\/v2\/comments?post=177114"}],"version-history":[{"count":0,"href":"https:\/\/www.enerjigazetesi.ist\/en\/wp-json\/wp\/v2\/posts\/177114\/revisions"}],"wp:featuredmedia":[{"embeddable":true,"href":"https:\/\/www.enerjigazetesi.ist\/en\/wp-json\/wp\/v2\/media\/177116"}],"wp:attachment":[{"href":"https:\/\/www.enerjigazetesi.ist\/en\/wp-json\/wp\/v2\/media?parent=177114"}],"wp:term":[{"taxonomy":"category","embeddable":true,"href":"https:\/\/www.enerjigazetesi.ist\/en\/wp-json\/wp\/v2\/categories?post=177114"},{"taxonomy":"post_tag","embeddable":true,"href":"https:\/\/www.enerjigazetesi.ist\/en\/wp-json\/wp\/v2\/tags?post=177114"}],"curies":[{"name":"wp","href":"https:\/\/api.w.org\/{rel}","templated":true}]}}