{"id":177095,"date":"2023-07-07T12:33:12","date_gmt":"2023-07-07T09:33:12","guid":{"rendered":"https:\/\/www.enerjigazetesi.ist\/?p=177095"},"modified":"2023-07-07T12:34:16","modified_gmt":"2023-07-07T09:34:16","slug":"totalenergies-ten-depremden-etkilenen-ogrencilere-anlamli-destek","status":"publish","type":"post","link":"https:\/\/www.enerjigazetesi.ist\/en\/totalenergies-ten-depremden-etkilenen-ogrencilere-anlamli-destek\/","title":{"rendered":"(Turkish) &#8217;TotalEnergies&#8217;ten Depremden Etkilenen \u00d6\u011frencilere Anlaml\u0131 Destek"},"content":{"rendered":"<p class=\"qtranxs-available-languages-message qtranxs-available-languages-message-en\">Sorry, this entry is only available in <a href=\"https:\/\/www.enerjigazetesi.ist\/tr\/wp-json\/wp\/v2\/posts\/177095\" class=\"qtranxs-available-language-link qtranxs-available-language-link-tr\" title=\"Turkish\">Turkish<\/a>. For the sake of viewer convenience, the content is shown below in the alternative language. You may click the link to switch the active language.<\/p><p><\/p>\n<h2>TotalEnergies, 6 \u015eubat depremlerinin ard\u0131ndan afet b\u00f6lgelerindeki depremzedeler ile dayan\u0131\u015fmas\u0131n\u0131 s\u00fcrd\u00fcr\u00fcyor. \u015eirket, Fransa\u2019n\u0131n \u00f6nde gelen klasik m\u00fczik topluluklar\u0131ndan Metz &#8211; Grand Est Ulusal Senfoni Orkestras\u0131\u2019n\u0131n 6 Temmuz\u2019da \u0130stanbul\u2019daki Cemal Re\u015fit Rey Konser Salonu\u2019nda verdi\u011fi \u201cUmut Notalar\u0131\u201d isimli konserin kurumsal destek\u00e7ilerinden biri oldu.<\/h2>\n<p style=\"text-align: center;\"><img loading=\"lazy\" class=\"aligncenter wp-image-177099\" src=\"https:\/\/www.enerjigazetesi.ist\/wp-content\/uploads\/2023\/07\/totalenergies-ten-depremden-etkilenen-ogrencilere-anlamli-destek-1.jpg\" alt=\"\" width=\"500\" height=\"403\" srcset=\"https:\/\/www.enerjigazetesi.ist\/wp-content\/uploads\/2023\/07\/totalenergies-ten-depremden-etkilenen-ogrencilere-anlamli-destek-1.jpg 550w, https:\/\/www.enerjigazetesi.ist\/wp-content\/uploads\/2023\/07\/totalenergies-ten-depremden-etkilenen-ogrencilere-anlamli-destek-1-300x242.jpg 300w, https:\/\/www.enerjigazetesi.ist\/wp-content\/uploads\/2023\/07\/totalenergies-ten-depremden-etkilenen-ogrencilere-anlamli-destek-1-497x400.jpg 497w, https:\/\/www.enerjigazetesi.ist\/wp-content\/uploads\/2023\/07\/totalenergies-ten-depremden-etkilenen-ogrencilere-anlamli-destek-1-62x50.jpg 62w, https:\/\/www.enerjigazetesi.ist\/wp-content\/uploads\/2023\/07\/totalenergies-ten-depremden-etkilenen-ogrencilere-anlamli-destek-1-500x403.jpg 500w\" sizes=\"(max-width: 500px) 100vw, 500px\" \/><\/p>\n<p><strong>T\u00fcrk Frans\u0131z Ticaret Derne\u011fi, Institut fran\u00e7ais T\u00fcrkiye, Fransa B\u00fcy\u00fckel\u00e7ili\u011fi<\/strong> ve<strong> \u0130stanbul K\u00fclt\u00fcr Sanat Vakf\u0131 (\u0130KSV)<\/strong> i\u015f birli\u011finde d\u00fczenlenen <strong>konserden elde edilen gelir, depremde enstr\u00fcman\u0131 hasar g\u00f6ren<\/strong> veya <strong>kaybolan g\u00fczel sanatlar lisesi<\/strong> ve<strong> konservatuvarlar\u0131n m\u00fczik b\u00f6l\u00fcmleri<\/strong>ndeki <strong>800 \u00f6\u011frenci<\/strong> ve <strong>e\u011fitmene enstr\u00fcman al\u0131nabilmesi i\u00e7in \u0130KSV taraf\u0131ndan ba\u015flat\u0131lan \u0130KSV Enstr\u00fcman Destek Fonu\u2019na<\/strong> aktar\u0131lacak.<\/p>\n<h3><strong>Uzun vadeli i\u015f birli\u011fi\u00a0<\/strong><\/h3>\n<p>Philharmonie de Paris, Festival d\u2019Aix-en-Provence ve Cit\u00e9 Musicale-Metz gibi prestijli kurumlar taraf\u0131ndan \u00f6\u011frenci ve \u00f6\u011fretmenlere sunulacak m\u00fczik e\u011fitimini de kapsayan uzun soluklu destek \u00e7al\u0131\u015fmas\u0131 ayr\u0131ca Oph\u00e9lie Gaillard ve Ibrahim Maalouf gibi Frans\u0131z sponsorlar\u0131n yard\u0131m\u0131yla <strong>deprem b\u00f6lgesindeki orkestralar\u0131n yeniden yap\u0131lanmas\u0131n\u0131 desteklemeyi<\/strong> ve <strong>ustal\u0131k s\u0131n\u0131flar\u0131<\/strong> gibi <strong>sanatsal inisiyatifleri s\u00fcrd\u00fcrmeyi<\/strong> ama\u00e7l\u0131yor.<\/p>\n<p><strong>TotalEnergies T\u00fcrkiye Genel M\u00fcd\u00fcr\u00fc Emre \u015eanda<\/strong>, m\u00fczi\u011fin iyile\u015ftirici g\u00fcc\u00fcne b\u00f6yle uzun soluklu bir proje ile destek vermekten b\u00fcy\u00fck mutluluk duyduklar\u0131n\u0131 dile getirdi. \u015eanda, <em>\u201c\u00dclkemizi yasa bo\u011fan 6 \u015eubat depremleri ne yaz\u0131k ki en \u00e7ok \u00e7ocuk ve gen\u00e7leri etkiledi. Afet b\u00f6lgelerindeki \u00e7ocuklar\u0131n m\u00fczikle hayata ba\u011flamalar\u0131na ve k\u00fclt\u00fcrel ya\u015famdan kopmamalar\u0131na olanak sa\u011flamak amac\u0131yla elimizden gelen deste\u011fi vermeye devam edece\u011fiz. Depremin ilk g\u00fcn\u00fcnden itibaren zor g\u00fcnleri dayan\u0131\u015fma ve yard\u0131mla\u015fma ile geride b\u0131rakaca\u011f\u0131m\u0131za inand\u0131k. K\u00fclt\u00fcr ve sanat\u0131n da her ko\u015fulda s\u00fcrd\u00fcr\u00fclebilirmesi i\u00e7in bu projeye katk\u0131 sa\u011flam\u0131\u015f olmaktan memnuniyet duyuyoruz\u201d<\/em> dedi.<\/p>\n<p>\u0130ki \u00fclke aras\u0131nda kurulacak destek k\u00f6pr\u00fcs\u00fcn\u00fcn ilk aya\u011f\u0131 olan konser kapsam\u0131nda, 2018 y\u0131l\u0131ndan bu yana orkestran\u0131n m\u00fczik ve sanat y\u00f6netmenli\u011fini y\u00fcr\u00fcten <strong>David Reiland<\/strong>\u2019\u0131n <strong>\u00e7a\u011fda\u015f m\u00fczik ile unutulmu\u015f bestecilerin eserlerini g\u00fcn y\u00fcz\u00fcne \u00e7\u0131kararak harmanlad\u0131\u011f\u0131<\/strong> s\u0131ra d\u0131\u015f\u0131 bir program sanatseverler ile bulu\u015ftu. Cemal Re\u015fit Rey Konser Salonu\u2019nun genel sanat y\u00f6netmeni Murat Cem Orhan\u2019\u0131n konuk \u015fef olarak yer ald\u0131\u011f\u0131 <strong>konserin solisti<\/strong> ise klasik m\u00fczik alan\u0131nda gelecek vadeden gen\u00e7 <strong>piyanist Can \u00c7akmur<\/strong> oldu.<\/p>","protected":false},"excerpt":{"rendered":"<p>Sorry, this entry is only available in Turkish. For the sake of viewer convenience, the content is shown below in the alternative language. You may click the link to switch the active language. TotalEnergies, 6 \u015eubat depremlerinin ard\u0131ndan afet b\u00f6lgelerindeki depremzedeler ile dayan\u0131\u015fmas\u0131n\u0131 s\u00fcrd\u00fcr\u00fcyor. \u015eirket, Fransa\u2019n\u0131n \u00f6nde gelen klasik m\u00fczik topluluklar\u0131ndan Metz &#8211; Grand Est [&hellip;]<\/p>\n","protected":false},"author":1,"featured_media":177098,"comment_status":"open","ping_status":"open","sticky":false,"template":"","format":"standard","meta":[],"categories":[53,44],"tags":[110001,110002,110003],"views":25,"_links":{"self":[{"href":"https:\/\/www.enerjigazetesi.ist\/en\/wp-json\/wp\/v2\/posts\/177095"}],"collection":[{"href":"https:\/\/www.enerjigazetesi.ist\/en\/wp-json\/wp\/v2\/posts"}],"about":[{"href":"https:\/\/www.enerjigazetesi.ist\/en\/wp-json\/wp\/v2\/types\/post"}],"author":[{"embeddable":true,"href":"https:\/\/www.enerjigazetesi.ist\/en\/wp-json\/wp\/v2\/users\/1"}],"replies":[{"embeddable":true,"href":"https:\/\/www.enerjigazetesi.ist\/en\/wp-json\/wp\/v2\/comments?post=177095"}],"version-history":[{"count":0,"href":"https:\/\/www.enerjigazetesi.ist\/en\/wp-json\/wp\/v2\/posts\/177095\/revisions"}],"wp:featuredmedia":[{"embeddable":true,"href":"https:\/\/www.enerjigazetesi.ist\/en\/wp-json\/wp\/v2\/media\/177098"}],"wp:attachment":[{"href":"https:\/\/www.enerjigazetesi.ist\/en\/wp-json\/wp\/v2\/media?parent=177095"}],"wp:term":[{"taxonomy":"category","embeddable":true,"href":"https:\/\/www.enerjigazetesi.ist\/en\/wp-json\/wp\/v2\/categories?post=177095"},{"taxonomy":"post_tag","embeddable":true,"href":"https:\/\/www.enerjigazetesi.ist\/en\/wp-json\/wp\/v2\/tags?post=177095"}],"curies":[{"name":"wp","href":"https:\/\/api.w.org\/{rel}","templated":true}]}}