{"id":176997,"date":"2023-07-05T12:48:23","date_gmt":"2023-07-05T09:48:23","guid":{"rendered":"https:\/\/www.enerjigazetesi.ist\/?p=176997"},"modified":"2023-07-05T12:48:23","modified_gmt":"2023-07-05T09:48:23","slug":"ic-vakfi-tredas-spor-da-basketbol-yaz-okulu-donemi-basladi","status":"publish","type":"post","link":"https:\/\/www.enerjigazetesi.ist\/en\/ic-vakfi-tredas-spor-da-basketbol-yaz-okulu-donemi-basladi\/","title":{"rendered":"(Turkish) IC Vakf\u0131 TREDA\u015e Spor\u2019da Basketbol Yaz Okulu D\u00f6nemi Ba\u015flad\u0131"},"content":{"rendered":"<p class=\"qtranxs-available-languages-message qtranxs-available-languages-message-en\">Sorry, this entry is only available in <a href=\"https:\/\/www.enerjigazetesi.ist\/tr\/wp-json\/wp\/v2\/posts\/176997\" class=\"qtranxs-available-language-link qtranxs-available-language-link-tr\" title=\"Turkish\">Turkish<\/a>. For the sake of viewer convenience, the content is shown below in the alternative language. You may click the link to switch the active language.<\/p><p><\/p>\n<h2><strong>IC Vakf\u0131 TREDA\u015e Spor, 6-14 ya\u015f aras\u0131ndaki \u00e7ocuklar i\u00e7in d\u00fczenledi\u011fi yaz okulunda kay\u0131t d\u00f6nemi ba\u015flad\u0131.<\/strong><\/h2>\n<p>Trakya Elektrik Da\u011f\u0131t\u0131m A.\u015e. (TREDA\u015e) \u00e7at\u0131s\u0131 alt\u0131nda 1988 y\u0131l\u0131ndan bu yana faaliyette bulunan <strong>IC Vakf\u0131 TREDA\u015e Spor Basketbol Kul\u00fcb\u00fc<\/strong>, gelece\u011fin y\u0131ld\u0131zlar\u0131n\u0131 ar\u0131yor.<\/p>\n<p><img loading=\"lazy\" class=\"alignright wp-image-177000\" src=\"https:\/\/www.enerjigazetesi.ist\/wp-content\/uploads\/2023\/07\/ic-vakfi-tredas-spor-da-basketbol-yaz-okulu-donemi-basladi-1.jpg\" alt=\"\" width=\"320\" height=\"214\" srcset=\"https:\/\/www.enerjigazetesi.ist\/wp-content\/uploads\/2023\/07\/ic-vakfi-tredas-spor-da-basketbol-yaz-okulu-donemi-basladi-1.jpg 550w, https:\/\/www.enerjigazetesi.ist\/wp-content\/uploads\/2023\/07\/ic-vakfi-tredas-spor-da-basketbol-yaz-okulu-donemi-basladi-1-300x200.jpg 300w, https:\/\/www.enerjigazetesi.ist\/wp-content\/uploads\/2023\/07\/ic-vakfi-tredas-spor-da-basketbol-yaz-okulu-donemi-basladi-1-500x334.jpg 500w, https:\/\/www.enerjigazetesi.ist\/wp-content\/uploads\/2023\/07\/ic-vakfi-tredas-spor-da-basketbol-yaz-okulu-donemi-basladi-1-75x50.jpg 75w, https:\/\/www.enerjigazetesi.ist\/wp-content\/uploads\/2023\/07\/ic-vakfi-tredas-spor-da-basketbol-yaz-okulu-donemi-basladi-1-450x300.jpg 450w\" sizes=\"(max-width: 320px) 100vw, 320px\" \/>IC Vakf\u0131 TREDA\u015e Spor Basketbol Kul\u00fcb\u00fc, <strong>6-14 ya\u015f<\/strong> aras\u0131 <strong>k\u0131z &#8211; erkek gen\u00e7 yetenekleri ke\u015ffetmek<\/strong> ve bu gen\u00e7leri <strong>T\u00fcrk sporuna kazand\u0131rmak<\/strong> i\u00e7in <strong>yeni d\u00f6nem kay\u0131tlar\u0131n\u0131n<\/strong> ba\u015flad\u0131\u011f\u0131n\u0131 duyurdu.<\/p>\n<p>Deneyimli antren\u00f6rler <strong>\u00c7i\u011fdem G\u00f6ro\u011flu<\/strong> ve <strong>Hakan S\u0131n\u0131rl\u0131<\/strong>\u2019n\u0131n \u00e7al\u0131\u015ft\u0131rd\u0131\u011f\u0131 sporcular, <strong>etkili ileti\u015fim, koordinasyon, zihinsel ve fiziksel geli\u015fimlerini destekleyecek<\/strong> \u00f6nemli bir deneyimin par\u00e7as\u0131 olacaklar.<\/p>\n<p>1988 y\u0131l\u0131nda basketbol alt yap\u0131 faaliyetleri kapsam\u0131nda,<strong> ilk ve orta\u00f6\u011fretim ya\u015flar\u0131nda<\/strong> bulunan sporcular\u0131n <strong>ruh ve beden geli\u015fimlerini sa\u011flamak<\/strong>, bunun yan\u0131nda <strong>sa\u011flam, \u00f6zg\u00fcvenli ve ahlakl\u0131 bireyler yeti\u015ftirmek<\/strong> amac\u0131yla kurulan IC Vakf\u0131 TREDA\u015e Spor Kul\u00fcb\u00fc, <strong>35 y\u0131ld\u0131r<\/strong> \u00e7ocuk ve <strong>gen\u00e7lerin fiziksel aktivitelerini g\u00fc\u00e7lendirmek<\/strong> i\u00e7in faaliyetlerini s\u00fcrd\u00fcr\u00fcyor.<\/p>\n<p>Kay\u0131t i\u015flemler i\u00e7in dileyen vatanda\u015flar\u0131n; <strong>0549 800 59 59<\/strong>\u00a0numaral\u0131 telefondan <strong>detayl\u0131 bilgiye ula\u015fabilecekleri belirtildi.<\/strong><\/p>","protected":false},"excerpt":{"rendered":"<p>Sorry, this entry is only available in Turkish. For the sake of viewer convenience, the content is shown below in the alternative language. You may click the link to switch the active language. IC Vakf\u0131 TREDA\u015e Spor, 6-14 ya\u015f aras\u0131ndaki \u00e7ocuklar i\u00e7in d\u00fczenledi\u011fi yaz okulunda kay\u0131t d\u00f6nemi ba\u015flad\u0131. Trakya Elektrik Da\u011f\u0131t\u0131m A.\u015e. (TREDA\u015e) \u00e7at\u0131s\u0131 alt\u0131nda [&hellip;]<\/p>\n","protected":false},"author":1,"featured_media":176999,"comment_status":"open","ping_status":"open","sticky":false,"template":"","format":"standard","meta":[],"categories":[51,53],"tags":[109978,109812,109980,108919,12370,109979],"views":50,"_links":{"self":[{"href":"https:\/\/www.enerjigazetesi.ist\/en\/wp-json\/wp\/v2\/posts\/176997"}],"collection":[{"href":"https:\/\/www.enerjigazetesi.ist\/en\/wp-json\/wp\/v2\/posts"}],"about":[{"href":"https:\/\/www.enerjigazetesi.ist\/en\/wp-json\/wp\/v2\/types\/post"}],"author":[{"embeddable":true,"href":"https:\/\/www.enerjigazetesi.ist\/en\/wp-json\/wp\/v2\/users\/1"}],"replies":[{"embeddable":true,"href":"https:\/\/www.enerjigazetesi.ist\/en\/wp-json\/wp\/v2\/comments?post=176997"}],"version-history":[{"count":0,"href":"https:\/\/www.enerjigazetesi.ist\/en\/wp-json\/wp\/v2\/posts\/176997\/revisions"}],"wp:featuredmedia":[{"embeddable":true,"href":"https:\/\/www.enerjigazetesi.ist\/en\/wp-json\/wp\/v2\/media\/176999"}],"wp:attachment":[{"href":"https:\/\/www.enerjigazetesi.ist\/en\/wp-json\/wp\/v2\/media?parent=176997"}],"wp:term":[{"taxonomy":"category","embeddable":true,"href":"https:\/\/www.enerjigazetesi.ist\/en\/wp-json\/wp\/v2\/categories?post=176997"},{"taxonomy":"post_tag","embeddable":true,"href":"https:\/\/www.enerjigazetesi.ist\/en\/wp-json\/wp\/v2\/tags?post=176997"}],"curies":[{"name":"wp","href":"https:\/\/api.w.org\/{rel}","templated":true}]}}