{"id":176980,"date":"2023-07-05T11:54:42","date_gmt":"2023-07-05T08:54:42","guid":{"rendered":"https:\/\/www.enerjigazetesi.ist\/?p=176980"},"modified":"2023-07-05T11:54:42","modified_gmt":"2023-07-05T08:54:42","slug":"sedas-kesintisiz-enerji-icin-iletkenlere-temas-eden-agaclari-buduyor","status":"publish","type":"post","link":"https:\/\/www.enerjigazetesi.ist\/en\/sedas-kesintisiz-enerji-icin-iletkenlere-temas-eden-agaclari-buduyor\/","title":{"rendered":"(Turkish) &#8217;SEDA\u015e&#8217; Kesintisiz Enerji \u0130\u00e7in \u0130letkenlere Temas Eden A\u011fa\u00e7lar\u0131 Buduyor"},"content":{"rendered":"<p class=\"qtranxs-available-languages-message qtranxs-available-languages-message-en\">Sorry, this entry is only available in <a href=\"https:\/\/www.enerjigazetesi.ist\/tr\/wp-json\/wp\/v2\/posts\/176980\" class=\"qtranxs-available-language-link qtranxs-available-language-link-tr\" title=\"Turkish\">Turkish<\/a>. For the sake of viewer convenience, the content is shown below in the alternative language. You may click the link to switch the active language.<\/p><p><\/p>\n<h2><strong>SEDA\u015e, yaz mevsiminin ba\u015flamas\u0131yla birlikte \u015febekelerde iletkenlere temas eden\/ramak kalan a\u011fa\u00e7lar\u0131n budanmas\u0131 i\u015flemlerini ger\u00e7ekle\u015ftiriyor. Yaz aylar\u0131 \u00f6ncesi elektrik kesintilerini en aza indirmeyi ama\u00e7layan \u00e7al\u0131\u015fmalarda Ocak ve May\u0131s aylar\u0131 boyunca bin 500 kilometreyi a\u015fk\u0131n alanda a\u011fa\u00e7 budand\u0131.<\/strong><\/h2>\n<p><strong>20 bin kilometrekarelik<\/strong> alanda <strong>2 milyonu a\u015fan<\/strong> m\u00fc\u015fteriye enerji hizmeti sunan Sakarya Elektrik Da\u011f\u0131t\u0131m<img loading=\"lazy\" class=\"alignright wp-image-176984\" src=\"https:\/\/www.enerjigazetesi.ist\/wp-content\/uploads\/2023\/07\/sedas-kesintisiz-enerji-icin-iletkenlere-temas-eden-agaclari-buduyor-1.jpg\" alt=\"\" width=\"320\" height=\"214\" srcset=\"https:\/\/www.enerjigazetesi.ist\/wp-content\/uploads\/2023\/07\/sedas-kesintisiz-enerji-icin-iletkenlere-temas-eden-agaclari-buduyor-1.jpg 550w, https:\/\/www.enerjigazetesi.ist\/wp-content\/uploads\/2023\/07\/sedas-kesintisiz-enerji-icin-iletkenlere-temas-eden-agaclari-buduyor-1-300x200.jpg 300w, https:\/\/www.enerjigazetesi.ist\/wp-content\/uploads\/2023\/07\/sedas-kesintisiz-enerji-icin-iletkenlere-temas-eden-agaclari-buduyor-1-500x334.jpg 500w, https:\/\/www.enerjigazetesi.ist\/wp-content\/uploads\/2023\/07\/sedas-kesintisiz-enerji-icin-iletkenlere-temas-eden-agaclari-buduyor-1-75x50.jpg 75w, https:\/\/www.enerjigazetesi.ist\/wp-content\/uploads\/2023\/07\/sedas-kesintisiz-enerji-icin-iletkenlere-temas-eden-agaclari-buduyor-1-450x300.jpg 450w\" sizes=\"(max-width: 320px) 100vw, 320px\" \/> A.\u015e. (SEDA\u015e), yaz aylar\u0131nda <strong>kesintisiz enerji<\/strong> i\u00e7in altyap\u0131 faaliyetlerini h\u0131zland\u0131rd\u0131. <strong>Sakarya, Kocaeli, Bolu, D\u00fczce ve Gebze<\/strong> b\u00f6lgelerinde toplamda <strong>1500 kilometre<\/strong> alanda<strong> 33<\/strong> sepetli platformlu ara\u00e7 ve<strong> 105<\/strong> bak\u0131m personeli ile <strong>budama i\u015flemleri<\/strong> ger\u00e7ekle\u015ftirildi.<\/p>\n<p>Enerji ve Tabii Kaynaklar Bakanl\u0131\u011f\u0131\u2019n\u0131n <strong>\u201cElektrik Kuvvetli Ak\u0131m Tesisleri Y\u00f6netmeli\u011fi\u201d gere\u011fince<\/strong> elektrik da\u011f\u0131t\u0131m \u015firketlerinin <strong>\u015febekeye yak\u0131n a\u011fa\u00e7lar\u0131n bulundu\u011fu enerji hatlar\u0131nda<\/strong> \u015febekede <strong>bak\u0131m yap\u0131lmas\u0131<\/strong> ve <strong>iletkenlere yak\u0131n dallar\u0131n budanmas\u0131<\/strong> konusunda yasal y\u00fck\u00fcml\u00fc olduklar\u0131n\u0131 ileten SEDA\u015e yetkilileri, <em>\u201cElektrik hatlar\u0131n\u0131n yak\u0131n\u0131nda bulunan ve dallar\u0131 iletkenlere temas eden <strong>a\u011fa\u00e7 dallar\u0131n\u0131n r\u00fczgar, kar ve f\u0131rt\u0131nada enerji kesintisine yol a\u00e7mamas\u0131<\/strong>, <strong>kaliteli<\/strong> ve <strong>kesintisiz enerji hizmeti<\/strong> i\u00e7in yasal olarak <strong>a\u011fa\u00e7lar\u0131n budanmas\u0131<\/strong> gerekiyor. Saha \u00e7al\u0131\u015fmalar\u0131nda <strong>\u0130\u015f Sa\u011fl\u0131\u011f\u0131 ve G\u00fcvenli\u011fi tedbirlerini<\/strong> <strong>alarak<\/strong> <strong>m\u00fc\u015fteri memnuniyetini art\u0131rmaya y\u00f6nelik<\/strong> faaliyetlerimizi s\u00fcrd\u00fcr\u00fcyoruz.\u201d<\/em> \u015feklinde a\u00e7\u0131klama yapt\u0131.<\/p>","protected":false},"excerpt":{"rendered":"<p>Sorry, this entry is only available in Turkish. For the sake of viewer convenience, the content is shown below in the alternative language. You may click the link to switch the active language. SEDA\u015e, yaz mevsiminin ba\u015flamas\u0131yla birlikte \u015febekelerde iletkenlere temas eden\/ramak kalan a\u011fa\u00e7lar\u0131n budanmas\u0131 i\u015flemlerini ger\u00e7ekle\u015ftiriyor. Yaz aylar\u0131 \u00f6ncesi elektrik kesintilerini en aza indirmeyi [&hellip;]<\/p>\n","protected":false},"author":1,"featured_media":176983,"comment_status":"open","ping_status":"open","sticky":false,"template":"","format":"standard","meta":[],"categories":[51,53],"tags":[109974,4546,19429,102600,2444],"views":52,"_links":{"self":[{"href":"https:\/\/www.enerjigazetesi.ist\/en\/wp-json\/wp\/v2\/posts\/176980"}],"collection":[{"href":"https:\/\/www.enerjigazetesi.ist\/en\/wp-json\/wp\/v2\/posts"}],"about":[{"href":"https:\/\/www.enerjigazetesi.ist\/en\/wp-json\/wp\/v2\/types\/post"}],"author":[{"embeddable":true,"href":"https:\/\/www.enerjigazetesi.ist\/en\/wp-json\/wp\/v2\/users\/1"}],"replies":[{"embeddable":true,"href":"https:\/\/www.enerjigazetesi.ist\/en\/wp-json\/wp\/v2\/comments?post=176980"}],"version-history":[{"count":0,"href":"https:\/\/www.enerjigazetesi.ist\/en\/wp-json\/wp\/v2\/posts\/176980\/revisions"}],"wp:featuredmedia":[{"embeddable":true,"href":"https:\/\/www.enerjigazetesi.ist\/en\/wp-json\/wp\/v2\/media\/176983"}],"wp:attachment":[{"href":"https:\/\/www.enerjigazetesi.ist\/en\/wp-json\/wp\/v2\/media?parent=176980"}],"wp:term":[{"taxonomy":"category","embeddable":true,"href":"https:\/\/www.enerjigazetesi.ist\/en\/wp-json\/wp\/v2\/categories?post=176980"},{"taxonomy":"post_tag","embeddable":true,"href":"https:\/\/www.enerjigazetesi.ist\/en\/wp-json\/wp\/v2\/tags?post=176980"}],"curies":[{"name":"wp","href":"https:\/\/api.w.org\/{rel}","templated":true}]}}