{"id":176938,"date":"2023-07-04T13:50:19","date_gmt":"2023-07-04T10:50:19","guid":{"rendered":"https:\/\/www.enerjigazetesi.ist\/?p=176938"},"modified":"2023-07-04T13:53:05","modified_gmt":"2023-07-04T10:53:05","slug":"yenilenen-infomobil-araclar-ile-en-iyi-musteri-deneyimi-sunulacak","status":"publish","type":"post","link":"https:\/\/www.enerjigazetesi.ist\/en\/yenilenen-infomobil-araclar-ile-en-iyi-musteri-deneyimi-sunulacak\/","title":{"rendered":"(Turkish) Yenilenen &#8220;\u0130nfomobil Ara\u00e7lar&#8221; ile En \u0130yi M\u00fc\u015fteri Deneyimi Sunulacak"},"content":{"rendered":"<p class=\"qtranxs-available-languages-message qtranxs-available-languages-message-en\">Sorry, this entry is only available in <a href=\"https:\/\/www.enerjigazetesi.ist\/tr\/wp-json\/wp\/v2\/posts\/176938\" class=\"qtranxs-available-language-link qtranxs-available-language-link-tr\" title=\"Turkish\">Turkish<\/a>. For the sake of viewer convenience, the content is shown below in the alternative language. You may click the link to switch the active language.<\/p><p><\/p>\n<h2>Vaillant T\u00fcrkiye do\u011fru, verimli ve s\u00fcrd\u00fcr\u00fclebilir iklimlendirme konusundaki bilin\u00e7 ve fark\u0131ndal\u0131\u011f\u0131 art\u0131rma; m\u00fckemmel m\u00fc\u015fteri deneyimi sunma yolundaki \u00e7abalar\u0131n\u0131 s\u00fcrd\u00fcr\u00fcyor. Bu kapsamda, infomobil ara\u00e7lar\u0131yla y\u0131l boyunca T\u00fcrkiye\u2019yi dola\u015facak olan Vaillant T\u00fcrkiye, kullan\u0131c\u0131lara en yeni iklimlendirme teknoloji ve \u00e7\u00f6z\u00fcmlerini i\u00e7eren \u00fcr\u00fcnlerini yak\u0131ndan tan\u0131ma ve deneyimleme olana\u011f\u0131 sa\u011fl\u0131yor.<\/h2>\n<p style=\"text-align: center;\"><img loading=\"lazy\" class=\"aligncenter wp-image-176942\" src=\"https:\/\/www.enerjigazetesi.ist\/wp-content\/uploads\/2023\/07\/yenilenen-infomobil-araclar-ile-en-iyi-musteri-deneyimi-sunulacak-1.jpg\" alt=\"\" width=\"500\" height=\"334\" srcset=\"https:\/\/www.enerjigazetesi.ist\/wp-content\/uploads\/2023\/07\/yenilenen-infomobil-araclar-ile-en-iyi-musteri-deneyimi-sunulacak-1.jpg 550w, https:\/\/www.enerjigazetesi.ist\/wp-content\/uploads\/2023\/07\/yenilenen-infomobil-araclar-ile-en-iyi-musteri-deneyimi-sunulacak-1-300x200.jpg 300w, https:\/\/www.enerjigazetesi.ist\/wp-content\/uploads\/2023\/07\/yenilenen-infomobil-araclar-ile-en-iyi-musteri-deneyimi-sunulacak-1-500x334.jpg 500w, https:\/\/www.enerjigazetesi.ist\/wp-content\/uploads\/2023\/07\/yenilenen-infomobil-araclar-ile-en-iyi-musteri-deneyimi-sunulacak-1-75x50.jpg 75w, https:\/\/www.enerjigazetesi.ist\/wp-content\/uploads\/2023\/07\/yenilenen-infomobil-araclar-ile-en-iyi-musteri-deneyimi-sunulacak-1-450x300.jpg 450w\" sizes=\"(max-width: 500px) 100vw, 500px\" \/><\/p>\n<p>Infomobil ara\u00e7lar\u0131n yenilenmesinde\u00a0s\u00fcr\u00fc\u015f g\u00fcvenli\u011finin \u00f6nceliklendirilmesinin yan\u0131 s\u0131ra \u00fcst d\u00fczey m\u00fc\u015fteri memnuniyeti sa\u011flanmas\u0131na y\u00f6nelik uygulamalara \u00f6ncelik verildi. Yenilenen infomobil ara\u00e7lar sayesinde potansiyel m\u00fc\u015fteriler, daha iyi bir deneyim ile <strong>kombiden \u0131s\u0131 pompas\u0131na, \u015fofbenden klimaya ve oda termostat\u0131ndan radyat\u00f6re<\/strong> kadar bir\u00e7ok \u00fcr\u00fcn\u00fc yak\u0131ndan inceleme f\u0131rsat\u0131 bulacak; kombi panellerinin dijital ekranlar\u0131n\u0131 aktif halde g\u00f6rebilecek ve merak ettikleri konularda detayl\u0131 bilgi alabilecekler.<\/p>\n<p><strong>Vaillant Group T\u00fcrkiye Pazarlamadan Sorumlu Genel M\u00fcd\u00fcr Yard\u0131mc\u0131s\u0131 Ufuk Atan<\/strong>\u00a0konuyla ilgili \u015fu bilgileri verdi: <em>\u201c2022 verilerine g\u00f6re her infomobil arac\u0131m\u0131z\u0131n bir y\u0131l i\u00e7erisinde ortalama <strong>15 bin km<\/strong> yol kat etti\u011fini g\u00f6r\u00fcyoruz. Ara\u00e7lar\u0131m\u0131z sene boyunca T\u00fcrkiye\u2019nin bir\u00e7ok \u015fehrini ziyaret ediyor. S\u00fcrekli yollarda olan ve her y\u0131l bu kadar uzun mesafeler kat eden ara\u00e7lar\u0131m\u0131z\u0131, <strong>s\u00fcr\u00fcc\u00fc emniyeti<\/strong> ve <strong>m\u00fc\u015fteri deneyimini daha yukar\u0131 ta\u015f\u0131mak<\/strong> i\u00e7in <strong>yenilemeye karar verdik.<\/strong> M\u00fc\u015fterilerimizin, \u00fcr\u00fcn gam\u0131m\u0131z hakk\u0131nda bilgi almas\u0131, \u00fcr\u00fcnlerimizi yak\u0131ndan g\u00f6rmesi ve detayl\u0131 incelemesi gibi bir\u00e7ok deneyimi ya\u015fayabilmelerini \u00f6nceliklendirdik. Yeniden tasarlanan karoseri ile i\u00e7 mek\u00e2nda <strong>sergilenecek \u00fcr\u00fcnlerin panellere yerle\u015fimi<\/strong> daha m\u00fc\u015fteri odakl\u0131 ve b\u00fct\u00fcnsel; d\u0131\u015f tasar\u0131m\u0131 ise markam\u0131z\u0131 net bir \u015fekilde ifade eden g\u00f6rsellerle tamamland\u0131.\u201d<\/em><\/p>","protected":false},"excerpt":{"rendered":"<p>Sorry, this entry is only available in Turkish. For the sake of viewer convenience, the content is shown below in the alternative language. You may click the link to switch the active language. Vaillant T\u00fcrkiye do\u011fru, verimli ve s\u00fcrd\u00fcr\u00fclebilir iklimlendirme konusundaki bilin\u00e7 ve fark\u0131ndal\u0131\u011f\u0131 art\u0131rma; m\u00fckemmel m\u00fc\u015fteri deneyimi sunma yolundaki \u00e7abalar\u0131n\u0131 s\u00fcrd\u00fcr\u00fcyor. Bu kapsamda, infomobil [&hellip;]<\/p>\n","protected":false},"author":1,"featured_media":176941,"comment_status":"open","ping_status":"open","sticky":false,"template":"","format":"standard","meta":[],"categories":[46,53,52],"tags":[3172,109960,109959,10457,796,1440,41409,61915,14478,11662],"views":39,"_links":{"self":[{"href":"https:\/\/www.enerjigazetesi.ist\/en\/wp-json\/wp\/v2\/posts\/176938"}],"collection":[{"href":"https:\/\/www.enerjigazetesi.ist\/en\/wp-json\/wp\/v2\/posts"}],"about":[{"href":"https:\/\/www.enerjigazetesi.ist\/en\/wp-json\/wp\/v2\/types\/post"}],"author":[{"embeddable":true,"href":"https:\/\/www.enerjigazetesi.ist\/en\/wp-json\/wp\/v2\/users\/1"}],"replies":[{"embeddable":true,"href":"https:\/\/www.enerjigazetesi.ist\/en\/wp-json\/wp\/v2\/comments?post=176938"}],"version-history":[{"count":0,"href":"https:\/\/www.enerjigazetesi.ist\/en\/wp-json\/wp\/v2\/posts\/176938\/revisions"}],"wp:featuredmedia":[{"embeddable":true,"href":"https:\/\/www.enerjigazetesi.ist\/en\/wp-json\/wp\/v2\/media\/176941"}],"wp:attachment":[{"href":"https:\/\/www.enerjigazetesi.ist\/en\/wp-json\/wp\/v2\/media?parent=176938"}],"wp:term":[{"taxonomy":"category","embeddable":true,"href":"https:\/\/www.enerjigazetesi.ist\/en\/wp-json\/wp\/v2\/categories?post=176938"},{"taxonomy":"post_tag","embeddable":true,"href":"https:\/\/www.enerjigazetesi.ist\/en\/wp-json\/wp\/v2\/tags?post=176938"}],"curies":[{"name":"wp","href":"https:\/\/api.w.org\/{rel}","templated":true}]}}