{"id":17688,"date":"2013-11-15T19:11:24","date_gmt":"2013-11-15T16:11:24","guid":{"rendered":"https:\/\/www.enerjigazetesi.ist\/?p=17688"},"modified":"2013-11-15T19:11:24","modified_gmt":"2013-11-15T16:11:24","slug":"kutahyaya-3-milyar-liralik-termik-santral-yatirimi-yapilacak","status":"publish","type":"post","link":"https:\/\/www.enerjigazetesi.ist\/en\/kutahyaya-3-milyar-liralik-termik-santral-yatirimi-yapilacak\/","title":{"rendered":"(Turkish) K\u00fctahya\u2019ya 3 Milyar Liral\u0131k Termik Santral Yat\u0131r\u0131m\u0131 Yap\u0131lacak!"},"content":{"rendered":"<p class=\"qtranxs-available-languages-message qtranxs-available-languages-message-en\">Sorry, this entry is only available in <a href=\"https:\/\/www.enerjigazetesi.ist\/tr\/wp-json\/wp\/v2\/posts\/17688\" class=\"qtranxs-available-language-link qtranxs-available-language-link-tr\" title=\"Turkish\">Turkish<\/a>. For the sake of viewer convenience, the content is shown below in the alternative language. You may click the link to switch the active language.<\/p><p><strong>K\u00fctahya\u2019n\u0131n Tav\u015fanl\u0131 il\u00e7esine ba\u011fl\u0131 Tun\u00e7bilek beldesinde 3 milyar lira yat\u0131r\u0131mla termik santral kurulmas\u0131 planlan\u0131yor. H\u00fck\u00fcmetin 2023 hedefleri aras\u0131nda yer alan enerji aya\u011f\u0131nda k\u00f6m\u00fcrden elektrik \u00fcretim hedefinin 30 bin megavat\u0131n \u00fczerinde oldu\u011funu belirtti.<\/strong><\/p>\n<p>T\u00fcrkiye\u2019nin geli\u015fimine paralel g\u00fcnden g\u00fcne enerji ihtiyac\u0131n\u0131n artt\u0131\u011f\u0131n\u0131 kaydeden Kavuncu, \u015funlar\u0131 bildirdi:<\/p>\n<p>\u201dTun\u00e7bilek\u2019te \u00fcretimi devam eden k\u00f6m\u00fcr sahalar\u0131n\u0131n d\u0131\u015f\u0131nda Be\u015fikd\u00fcz\u00fc-Derin Kuyu b\u00f6lgesinde b\u00fcy\u00fck rezervimiz<a href=\"https:\/\/www.enerjigazetesi.ist\/wp-content\/uploads\/2013\/10\/komur-gazlastirma-tesis-yatirimi.jpg\"><img loading=\"lazy\" class=\"alignright size-medium wp-image-16253\" title=\"komur-g\u00fcndemi\" src=\"https:\/\/www.enerjigazetesi.ist\/wp-content\/uploads\/2013\/10\/komur-gazlastirma-tesis-yatirimi-300x206.jpg\" alt=\"\" width=\"300\" height=\"206\" srcset=\"https:\/\/www.enerjigazetesi.ist\/wp-content\/uploads\/2013\/10\/komur-gazlastirma-tesis-yatirimi-300x206.jpg 300w, https:\/\/www.enerjigazetesi.ist\/wp-content\/uploads\/2013\/10\/komur-gazlastirma-tesis-yatirimi-72x50.jpg 72w, https:\/\/www.enerjigazetesi.ist\/wp-content\/uploads\/2013\/10\/komur-gazlastirma-tesis-yatirimi.jpg 422w\" sizes=\"(max-width: 300px) 100vw, 300px\" \/><\/a> oldu\u011fu bilinmekteydi. Bu havzan\u0131n i\u015fletilmesi, y\u0131llard\u0131r b\u00fct\u00fcn h\u00fck\u00fcmetler d\u00f6neminde d\u00fc\u015f\u00fcn\u00fclm\u00fc\u015ft\u00fcr fakat \u00e7\u0131kar\u0131lacak k\u00f6m\u00fcr\u00fcn derinde ve \u015fartlar\u0131n\u0131n zor olmas\u0131 nedeniyle s\u00fcrekli ertelenmi\u015f durumdayd\u0131. Bu k\u00f6m\u00fcr\u00fcn buradan \u00e7\u0131kar\u0131lmas\u0131 i\u00e7in \u00f6zel teknoloji gerekli. Yer alt\u0131ndaki k\u00f6m\u00fcr\u00fcm\u00fczle hem \u00fclkenin enerji ihtiyac\u0131n\u0131n kar\u015f\u0131lanmas\u0131 hem de kentimize yeni istihdam alanlar\u0131 a\u00e7\u0131labilmesi i\u00e7in yo\u011fun \u00e7al\u0131\u015fma s\u00fcrd\u00fcrd\u00fck. T\u00fcrkiye K\u00f6m\u00fcr \u0130\u015fletmelerimiz taraf\u0131ndan yeni bir yakla\u015f\u0131mla, \u2018k\u00f6m\u00fcrden birim elektrik enerjisi \u00fcretilmesi\u2019 diye adland\u0131rd\u0131\u011f\u0131m\u0131z y\u00f6ntemle, k\u00f6m\u00fcr sahalar\u0131n\u0131 termik santral kurma \u015fart\u0131yla \u00f6zel sekt\u00f6re a\u00e7\u0131lmas\u0131 \u00f6ng\u00f6r\u00fcld\u00fc.<\/p>\n<p>Tun\u00e7bilek\u2019te bulunan bu k\u00f6m\u00fcr sahalar\u0131, 26 Mart\u2019ta ger\u00e7ekle\u015ftirilen ihaleyle bir firmam\u0131za verildi. Firma, \u00c7evresel Etki De\u011ferlendirmesi (\u00c7ED) ve lisans ba\u015fvurular\u0131n\u0131 yaparak galeri a\u00e7ma \u00e7al\u0131\u015fmalar\u0131na ba\u015flam\u0131\u015ft\u0131r. Sahada 117 milyon ton k\u00f6m\u00fcr rezervi bulunmakta ve y\u0131ll\u0131k 2 milyar kilovat saat enerji \u00fcretilmesi planlanmaktad\u0131r.\u201d<\/p>\n<h2>Do\u011frudan 3 bin ki\u015fi istihdam edilecek<\/h2>\n<p>Kavuncu, santralin kurulmas\u0131 halinde do\u011frudan 3 bin, dolayl\u0131 olarak da 20 bin ki\u015fiye istihdam kap\u0131s\u0131 a\u00e7\u0131laca\u011f\u0131n\u0131 aktard\u0131.<\/p>\n<p>3 milyar liral\u0131k yat\u0131r\u0131m bedeli \u00f6ng\u00f6r\u00fcld\u00fc\u011f\u00fcn\u00fc ifade eden Kavuncu, a\u00e7\u0131klamas\u0131n\u0131 \u015f\u00f6yle tamamlad\u0131:<\/p>\n<p>\u201dYat\u0131r\u0131m\u0131n 2 y\u0131l haz\u0131rl\u0131k d\u00f6nemi mevcut. Santral daha sonra 5 y\u0131l i\u00e7inde tamamen faaliyete ge\u00e7mi\u015f olacak. \u0130\u015fsiz her karde\u015fimizin sorumlulu\u011funu ve y\u00fck\u00fcn\u00fc omuzlar\u0131m\u0131zda hissetti\u011fimiz ger\u00e7ektir. B\u00f6ylesine dev bir yat\u0131r\u0131mla b\u00f6lgemizde ger\u00e7ekle\u015fecek istihdam art\u0131\u015f\u0131, bizim i\u00e7in tarif edilmez mutluluk kayna\u011f\u0131 olacakt\u0131r.\u201d<\/p>\n<p>Kaynak: <a href=\"http:\/\/enerjienstitusu.com\/2013\/11\/15\/kutahyaya-3-milyar-liralik-termik-santral-yatirimi-yapilacak\/\" target=\"_blank\">Enerji Enstit\u00fcs\u00fc<\/a><\/p>","protected":false},"excerpt":{"rendered":"<p>Sorry, this entry is only available in Turkish. For the sake of viewer convenience, the content is shown below in the alternative language. You may click the link to switch the active language.K\u00fctahya\u2019n\u0131n Tav\u015fanl\u0131 il\u00e7esine ba\u011fl\u0131 Tun\u00e7bilek beldesinde 3 milyar lira yat\u0131r\u0131mla termik santral kurulmas\u0131 planlan\u0131yor. H\u00fck\u00fcmetin 2023 hedefleri aras\u0131nda yer alan enerji aya\u011f\u0131nda k\u00f6m\u00fcrden [&hellip;]<\/p>\n","protected":false},"author":1,"featured_media":16253,"comment_status":"open","ping_status":"open","sticky":false,"template":"","format":"standard","meta":[],"categories":[53],"tags":[63,67,1009,165,10394,2190,10393,438],"views":870,"_links":{"self":[{"href":"https:\/\/www.enerjigazetesi.ist\/en\/wp-json\/wp\/v2\/posts\/17688"}],"collection":[{"href":"https:\/\/www.enerjigazetesi.ist\/en\/wp-json\/wp\/v2\/posts"}],"about":[{"href":"https:\/\/www.enerjigazetesi.ist\/en\/wp-json\/wp\/v2\/types\/post"}],"author":[{"embeddable":true,"href":"https:\/\/www.enerjigazetesi.ist\/en\/wp-json\/wp\/v2\/users\/1"}],"replies":[{"embeddable":true,"href":"https:\/\/www.enerjigazetesi.ist\/en\/wp-json\/wp\/v2\/comments?post=17688"}],"version-history":[{"count":2,"href":"https:\/\/www.enerjigazetesi.ist\/en\/wp-json\/wp\/v2\/posts\/17688\/revisions"}],"predecessor-version":[{"id":17690,"href":"https:\/\/www.enerjigazetesi.ist\/en\/wp-json\/wp\/v2\/posts\/17688\/revisions\/17690"}],"wp:featuredmedia":[{"embeddable":true,"href":"https:\/\/www.enerjigazetesi.ist\/en\/wp-json\/wp\/v2\/media\/16253"}],"wp:attachment":[{"href":"https:\/\/www.enerjigazetesi.ist\/en\/wp-json\/wp\/v2\/media?parent=17688"}],"wp:term":[{"taxonomy":"category","embeddable":true,"href":"https:\/\/www.enerjigazetesi.ist\/en\/wp-json\/wp\/v2\/categories?post=17688"},{"taxonomy":"post_tag","embeddable":true,"href":"https:\/\/www.enerjigazetesi.ist\/en\/wp-json\/wp\/v2\/tags?post=17688"}],"curies":[{"name":"wp","href":"https:\/\/api.w.org\/{rel}","templated":true}]}}