{"id":176852,"date":"2023-07-02T14:08:29","date_gmt":"2023-07-02T11:08:29","guid":{"rendered":"https:\/\/www.enerjigazetesi.ist\/?p=176852"},"modified":"2023-07-02T14:09:11","modified_gmt":"2023-07-02T11:09:11","slug":"elektrikli-ve-hibrit-araclar-surus-haftasi-yeni-yerinde-voltaji-yukseltecek","status":"publish","type":"post","link":"https:\/\/www.enerjigazetesi.ist\/en\/elektrikli-ve-hibrit-araclar-surus-haftasi-yeni-yerinde-voltaji-yukseltecek\/","title":{"rendered":"(Turkish) Elektrikli ve Hibrit Ara\u00e7lar S\u00fcr\u00fc\u015f Haftas\u0131 Yeni Yerinde Voltaj\u0131 Y\u00fckseltecek!"},"content":{"rendered":"<p class=\"qtranxs-available-languages-message qtranxs-available-languages-message-en\">Sorry, this entry is only available in <a href=\"https:\/\/www.enerjigazetesi.ist\/tr\/wp-json\/wp\/v2\/posts\/176852\" class=\"qtranxs-available-language-link qtranxs-available-language-link-tr\" title=\"Turkish\">Turkish<\/a>. For the sake of viewer convenience, the content is shown below in the alternative language. You may click the link to switch the active language.<\/p><p><\/p>\n<h2><strong>T\u00fcrkiye\u2019de ilk kez 2019 y\u0131l\u0131nda d\u00fczenlenen Elektrikli ve Hibrit S\u00fcr\u00fc\u015f Haftas\u0131\u2019n\u0131n 4&#8217;\u00fcnc\u00fcs\u00fc, 9-10 Eyl\u00fcl 2023 tarihleri aras\u0131nda, Yenikap\u0131 &#8211; \u0130stanbul\u2019da ger\u00e7ekle\u015ftirilecek. T\u00fcrkiye Elektrikli ve Hibrid Ara\u00e7lar Derne\u011fi (TEHAD) deste\u011fiyle, Electric Hybrid Cars Dergisi taraf\u0131ndan d\u00fczenlenen etkinlik kapsam\u0131nda, otomobil ve teknoloji merakl\u0131lar\u0131 hafta sonu boyunca, elektrikli ara\u00e7lar\u0131 pist \u00fczerinde deneyimleme \u015fans\u0131 bulacak.<\/strong><\/h2>\n<p style=\"text-align: center;\"><img loading=\"lazy\" class=\"aligncenter size-full wp-image-176856\" src=\"https:\/\/www.enerjigazetesi.ist\/wp-content\/uploads\/2023\/07\/elektrikli-ve-hibrit-araclar-surus-haftasi-yeni-yerinde-voltaji-yukseltecek-1.jpg\" alt=\"\" width=\"550\" height=\"229\" srcset=\"https:\/\/www.enerjigazetesi.ist\/wp-content\/uploads\/2023\/07\/elektrikli-ve-hibrit-araclar-surus-haftasi-yeni-yerinde-voltaji-yukseltecek-1.jpg 550w, https:\/\/www.enerjigazetesi.ist\/wp-content\/uploads\/2023\/07\/elektrikli-ve-hibrit-araclar-surus-haftasi-yeni-yerinde-voltaji-yukseltecek-1-300x125.jpg 300w, https:\/\/www.enerjigazetesi.ist\/wp-content\/uploads\/2023\/07\/elektrikli-ve-hibrit-araclar-surus-haftasi-yeni-yerinde-voltaji-yukseltecek-1-500x208.jpg 500w, https:\/\/www.enerjigazetesi.ist\/wp-content\/uploads\/2023\/07\/elektrikli-ve-hibrit-araclar-surus-haftasi-yeni-yerinde-voltaji-yukseltecek-1-80x33.jpg 80w\" sizes=\"(max-width: 550px) 100vw, 550px\" \/><\/p>\n<p>T\u00fcrkiye&#8217;nin ilk ve tek t\u00fcketici deneyim odakl\u0131 s\u00fcr\u00fc\u015f etkinli\u011fi, <strong>halka a\u00e7\u0131k<\/strong> ve <strong>\u00fccretsiz<\/strong> olarak ger\u00e7ekle\u015ftirilecek. Kat\u0131l\u0131m i\u00e7in kay\u0131tlar, <strong>etkinlik g\u00fcn\u00fc alandaki kay\u0131t masalar\u0131ndan<\/strong> veya <a href=\"https:\/\/elektriklisurushaftasi.com\/\" target=\"_blank\" rel=\"noopener\"><strong>elektriklisurushaftasi.com<\/strong><\/a> adresli web sitesi \u00fczerinden yap\u0131labilecek. <strong>\u201cDuymak Yetmez, Denemek Gerek\u201d<\/strong> slogan\u0131yla ger\u00e7ekle\u015ftirilecek etkinlik kapsam\u0131nda ayr\u0131ca TEHAD \u00f6nc\u00fcl\u00fc\u011f\u00fcnde <strong>9 Eyl\u00fcl D\u00fcnya Elektrikli Ara\u00e7lar G\u00fcn\u00fc<\/strong> de kutlanacak.<\/p>\n<p>Otomotiv sekt\u00f6r\u00fc elektromobilite s\u00fcrecinde h\u0131zl\u0131 bir d\u00f6n\u00fc\u015f\u00fcm ya\u015farken, T\u00fcrkiye\u2019de de elektrikli ara\u00e7lar\u0131n deneyimlenmesi ve t\u00fcketicinin daha yak\u0131ndan inceleyerek bilin\u00e7lendirilmesi i\u00e7in \u00f6nemli ad\u0131mlar at\u0131l\u0131yor. <strong>\u00c7evreci, sessiz ve teknoloji odakl\u0131 elektrikli<\/strong> ve<strong> hibrit otomobillerin<\/strong> yer ald\u0131\u011f\u0131 etkinlikler, bunlar\u0131n en ba\u015f\u0131nda geliyor. T\u00fcrkiye\u2019de ilk kez 2019 y\u0131l\u0131nda d\u00fczenlenen <strong>Elektrikli ve Hibrit S\u00fcr\u00fc\u015f Haftas\u0131<\/strong>\u2019n\u0131n d\u00f6rd\u00fcnc\u00fcs\u00fc <strong>9-10 Eyl\u00fcl 2023<\/strong> tarihlerinde <strong>Yenikap\u0131, \u0130stanbul\u2019da<\/strong> ger\u00e7ekle\u015ftirilecek.<\/p>\n<p>Electric Hybrid Cars Dergisi ile T\u00fcrkiye Elektrikli ve Hibrid Ara\u00e7lar Derne\u011fi (TEHAD) taraf\u0131ndan d\u00fczenlenen etkinli\u011fe ge\u00e7ti\u011fimiz y\u0131l <strong>24<\/strong> otomobil markas\u0131, <strong>32<\/strong> <strong>elektrikli ve hibrit modeliyle<\/strong> destek verdi. En yeni modeller ilk kez bu etkinlikte ziyaret\u00e7iler ile bulu\u015ftu. Ge\u00e7ti\u011fimiz senelerde oldu\u011fu gibi 2023 y\u0131l\u0131nda da <strong>otomotiv, teknoloji, finans, mobilite<\/strong> markalar\u0131n\u0131n destekledi\u011fi ve Eyl\u00fcl ay\u0131nda ger\u00e7ekle\u015ftirilecek etkinlikte, \u00fclkemizde pazara sunulan modellerden hen\u00fcz T\u00fcrkiye\u2019de yollara \u00e7\u0131kmayan modellere kadar, <strong>birbirinden \u00f6zel elektrikli<\/strong> ve<strong> hibrit ara\u00e7lar<\/strong> boy g\u00f6sterecek. Ayn\u0131 zamanda, \u00fcniversitelerin ve giri\u015fimcilerin kat\u0131l\u0131m\u0131yla yerli projeler de misafirlerin be\u011fenisine sunulacak. Etkinlik kapsam\u0131nda, <strong>otomobil<\/strong> ve <strong>teknoloji merakl\u0131lar\u0131<\/strong> bir hafta sonu boyunca elektrikli ara\u00e7lar\u0131 <strong>pist \u00fczerinde deneyimleme \u015fans\u0131<\/strong> bulacak. Bununla birlikte ziyaret\u00e7iler, <strong>drone yar\u0131\u015flar\u0131, otonom ara\u00e7 parkuru, elektrikli karavan \u00e7al\u0131\u015fmalar\u0131, elektrikli deniz ara\u00e7lar\u0131<\/strong> ve <strong>solar destekli \u015farj \u00fcniteleri<\/strong> gibi bir\u00e7ok farkl\u0131 \u00e7al\u0131\u015fmay\u0131 yak\u0131ndan izleme \u015fans\u0131na sahip olacak. Elektrikli ve Hibrit S\u00fcr\u00fc\u015f Haftas\u0131 kapsam\u0131ndaki t\u00fcm aktiviteler halka a\u00e7\u0131k ve \u00fccretsiz olarak ger\u00e7ekle\u015ftirilecek. Kat\u0131l\u0131mc\u0131lar kay\u0131tlar\u0131n\u0131 etkinlik alan\u0131nda veya <a href=\"http:\/\/elektriklisurushaftasi.com\/\">elektriklisurushaftasi.com<\/a> web sitesi \u00fczerinden yapabilecekler.<\/p>\n<h3><strong>\u201cElektromobilite art\u0131k t\u00fcketicinin oda\u011f\u0131nda, fark\u0131ndal\u0131\u011f\u0131 art\u0131rmaya \u00e7al\u0131\u015f\u0131yoruz\u201d<\/strong><\/h3>\n<p>Her y\u0131l d\u00fcnya \u00e7ap\u0131nda elektrikli ara\u00e7lar g\u00fcn\u00fc olarak kutlanan 9 Eyl\u00fcl tarihi, \u00fclkemizde de TEHAD \u00f6nc\u00fcl\u00fc\u011f\u00fcnde temsil ediliyor. Bu \u00f6zel g\u00fcn\u00fcn \u00f6nemine vurgu yapan <strong>TEHAD Ba\u015fkan\u0131 Berkan Bayram<\/strong>, <em>\u201cOtomotiv ve mikromobilite sekt\u00f6r\u00fc h\u0131zl\u0131 bir \u015fekilde elektrifikasyon s\u00fcrecinden ge\u00e7iyor. Biz de bu y\u00f6nde olan fark\u0131ndal\u0131\u011f\u0131 art\u0131rmak i\u00e7in her y\u0131l elektrikli ara\u00e7lar g\u00fcn\u00fcn\u00fc \u00f6zel bir etkinlikle kutluyoruz. Elektrikli ve Hibrit Ara\u00e7lar S\u00fcr\u00fc\u015f Haftas\u0131\u2019n\u0131n \u00f6nceki <strong>3<\/strong> etkinli\u011finde <strong>10 bine yak\u0131n kat\u0131l\u0131mc\u0131<\/strong> ile <strong>bu alandaki fark\u0131ndal\u0131\u011f\u0131n art\u0131r\u0131lmas\u0131<\/strong> i\u00e7in \u00f6nemli bir katk\u0131 sa\u011flad\u0131k. Etkinli\u011fimizden mutlu ayr\u0131lan ziyaret\u00e7iler, <strong>elektrikli ve hibrit ara\u00e7lar<\/strong> ile i\u00e7erisinde bulundu\u011fu geni\u015f ekosisteme \u00e7ok daha a\u015fina oldu. Ge\u00e7ti\u011fimiz y\u0131l ziyaret\u00e7iler pistte bulunan <strong>32<\/strong> elektrikli ve hibrit otomobil modeliyle toplamda<strong> 6 bin tur<\/strong> att\u0131. Bu sene ise yeni lokasyonda bu rakam\u0131 \u00e7ok daha yukar\u0131lara \u00e7ekmeyi ve heyecan\u0131 y\u00fckseltmeyi hedefliyoruz\u201d<\/em> dedi.<\/p>\n<h3><strong>Yeni teknolojiler ve modeller hakk\u0131nda \u00f6zel etkinlikler<\/strong><\/h3>\n<p><strong>\u201cDuymak Yetmez, Denemek Gerek\u201d<\/strong> slogan\u0131yla d\u00fczenlenen Elektrikli ve Hibrit Ara\u00e7lar S\u00fcr\u00fc\u015f Haftas\u0131 etkinlikleri kapsam\u0131nda elektrikli ara\u00e7lar\u0131n \u00e7evreye sa\u011flad\u0131\u011f\u0131 b\u00fcy\u00fck katk\u0131lar\u0131n yan\u0131 s\u0131ra <strong>elektrikli ara\u00e7 \u00e7\u00f6z\u00fcmlerinde<\/strong> geli\u015ftirilen <strong>yeni teknolojilerin<\/strong> ve<strong> modellerin<\/strong>, <strong>otomobil<\/strong> ve <strong>teknoloji merakl\u0131lar\u0131<\/strong> taraf\u0131ndan deneyimlenmesi sa\u011flan\u0131yor. T\u00fcketiciler,<strong> elektrikli ve hibrit ara\u00e7lar\u0131 deneyimlerken<\/strong> etkinli\u011fe kat\u0131lan sekt\u00f6r profesyonellerinden; <strong>elektrikli ara\u00e7lar, otonom s\u00fcr\u00fc\u015f, hibrit motorlar, \u015farj istasyonlar\u0131, batarya teknolojileri<\/strong> ve<strong> g\u00fcne\u015f panelleri<\/strong> gibi bir\u00e7ok farkl\u0131 konu hakk\u0131nda bilgiler de alabiliyor. Elektrikli ve Hibrit Ara\u00e7lar S\u00fcr\u00fc\u015f Haftas\u0131, \u00e7evreye sayg\u0131l\u0131 ve s\u0131f\u0131r emisyonlu ara\u00e7lar\u0131n \u00fclke \u00e7ap\u0131nda yayg\u0131nla\u015fmas\u0131 bak\u0131m\u0131ndan da \u00f6nemli bir rol \u00fcstleniyor.<\/p>","protected":false},"excerpt":{"rendered":"<p>Sorry, this entry is only available in Turkish. For the sake of viewer convenience, the content is shown below in the alternative language. You may click the link to switch the active language. T\u00fcrkiye\u2019de ilk kez 2019 y\u0131l\u0131nda d\u00fczenlenen Elektrikli ve Hibrit S\u00fcr\u00fc\u015f Haftas\u0131\u2019n\u0131n 4&#8217;\u00fcnc\u00fcs\u00fc, 9-10 Eyl\u00fcl 2023 tarihleri aras\u0131nda, Yenikap\u0131 &#8211; \u0130stanbul\u2019da ger\u00e7ekle\u015ftirilecek. T\u00fcrkiye [&hellip;]<\/p>\n","protected":false},"author":1,"featured_media":176855,"comment_status":"open","ping_status":"open","sticky":false,"template":"","format":"standard","meta":[],"categories":[51,53,44],"tags":[109937,41064,109938,95902,58553],"views":26,"_links":{"self":[{"href":"https:\/\/www.enerjigazetesi.ist\/en\/wp-json\/wp\/v2\/posts\/176852"}],"collection":[{"href":"https:\/\/www.enerjigazetesi.ist\/en\/wp-json\/wp\/v2\/posts"}],"about":[{"href":"https:\/\/www.enerjigazetesi.ist\/en\/wp-json\/wp\/v2\/types\/post"}],"author":[{"embeddable":true,"href":"https:\/\/www.enerjigazetesi.ist\/en\/wp-json\/wp\/v2\/users\/1"}],"replies":[{"embeddable":true,"href":"https:\/\/www.enerjigazetesi.ist\/en\/wp-json\/wp\/v2\/comments?post=176852"}],"version-history":[{"count":0,"href":"https:\/\/www.enerjigazetesi.ist\/en\/wp-json\/wp\/v2\/posts\/176852\/revisions"}],"wp:featuredmedia":[{"embeddable":true,"href":"https:\/\/www.enerjigazetesi.ist\/en\/wp-json\/wp\/v2\/media\/176855"}],"wp:attachment":[{"href":"https:\/\/www.enerjigazetesi.ist\/en\/wp-json\/wp\/v2\/media?parent=176852"}],"wp:term":[{"taxonomy":"category","embeddable":true,"href":"https:\/\/www.enerjigazetesi.ist\/en\/wp-json\/wp\/v2\/categories?post=176852"},{"taxonomy":"post_tag","embeddable":true,"href":"https:\/\/www.enerjigazetesi.ist\/en\/wp-json\/wp\/v2\/tags?post=176852"}],"curies":[{"name":"wp","href":"https:\/\/api.w.org\/{rel}","templated":true}]}}