{"id":176821,"date":"2023-06-27T13:56:25","date_gmt":"2023-06-27T10:56:25","guid":{"rendered":"https:\/\/www.enerjigazetesi.ist\/?p=176821"},"modified":"2023-06-27T13:56:25","modified_gmt":"2023-06-27T10:56:25","slug":"sedas-ailesi-geleneksel-bayramlasma-etkinliginde-bir-araya-geldi","status":"publish","type":"post","link":"https:\/\/www.enerjigazetesi.ist\/en\/sedas-ailesi-geleneksel-bayramlasma-etkinliginde-bir-araya-geldi\/","title":{"rendered":"(Turkish) &#8217;SEDA\u015e Ailesi&#8217; Geleneksel Bayramla\u015fma Etkinli\u011finde Bir Araya Geldi"},"content":{"rendered":"<p class=\"qtranxs-available-languages-message qtranxs-available-languages-message-en\">Sorry, this entry is only available in <a href=\"https:\/\/www.enerjigazetesi.ist\/tr\/wp-json\/wp\/v2\/posts\/176821\" class=\"qtranxs-available-language-link qtranxs-available-language-link-tr\" title=\"Turkish\">Turkish<\/a>. For the sake of viewer convenience, the content is shown below in the alternative language. You may click the link to switch the active language.<\/p><p><\/p>\n<h2><strong>SEDA\u015e b\u00f6lge m\u00fcd\u00fcrl\u00fcklerinde d\u00fczenlenen geleneksel Kurban Bayram\u0131 bulu\u015fmas\u0131nda birlikte olan SEDA\u015e ailesi, bayram mutlulu\u011funu beraber ya\u015fad\u0131.<\/strong><\/h2>\n<p style=\"text-align: center;\"><img loading=\"lazy\" class=\"aligncenter wp-image-176824\" src=\"https:\/\/www.enerjigazetesi.ist\/wp-content\/uploads\/2023\/06\/sedas-ailesi-geleneksel-bayramlasma-etkinliginde-bir-araya-geldi.jpg\" alt=\"\" width=\"500\" height=\"227\" srcset=\"https:\/\/www.enerjigazetesi.ist\/wp-content\/uploads\/2023\/06\/sedas-ailesi-geleneksel-bayramlasma-etkinliginde-bir-araya-geldi.jpg 550w, https:\/\/www.enerjigazetesi.ist\/wp-content\/uploads\/2023\/06\/sedas-ailesi-geleneksel-bayramlasma-etkinliginde-bir-araya-geldi-300x136.jpg 300w, https:\/\/www.enerjigazetesi.ist\/wp-content\/uploads\/2023\/06\/sedas-ailesi-geleneksel-bayramlasma-etkinliginde-bir-araya-geldi-500x227.jpg 500w, https:\/\/www.enerjigazetesi.ist\/wp-content\/uploads\/2023\/06\/sedas-ailesi-geleneksel-bayramlasma-etkinliginde-bir-araya-geldi-80x36.jpg 80w\" sizes=\"(max-width: 500px) 100vw, 500px\" \/><\/p>\n<p><strong>Sakarya Elektrik Da\u011f\u0131t\u0131m<\/strong> A.\u015e. (SEDA\u015e) ailesi, bu y\u0131l da <strong>Kurban Bayram\u0131\u2019n\u0131<\/strong> birlikte kutlad\u0131. SEDA\u015e\u2019\u0131n <strong>Sakarya, Kocaeli, Bolu, D\u00fczce ve Gebze<\/strong>\u2019deki b\u00f6lge m\u00fcd\u00fcrl\u00fcklerinde <strong>e\u015f zamanl\u0131 ger\u00e7ekle\u015fen bayram bulu\u015fmas\u0131nda<\/strong>, y\u00f6neticiler <strong>t\u00fcm \u00e7al\u0131\u015fanlar\u0131n bayram\u0131n\u0131 kutlad\u0131<\/strong>. Etkinli\u011fe <strong>SEDA\u015e\u2019\u0131n \u00dcst Y\u00f6netim Ekibi<\/strong>, <strong>b\u00f6lge m\u00fcd\u00fcrleri, y\u00f6neticiler ve \u00e7al\u0131\u015fanlar<\/strong> kat\u0131ld\u0131. SEDA\u015e ailesinin bayramla\u015ft\u0131\u011f\u0131 t\u00f6rende \u00e7al\u0131\u015fanlara <strong>kolonya<\/strong> ve<strong> \u00e7ikolata<\/strong> ikram edildi.<\/p>\n<p>SEDA\u015e Y\u00f6netim Kurulu ve \u0130cra Ba\u015fkan\u0131 Dr. Necmi Odyakmaz, bu bayram da t\u00fcm SEDA\u015e ailesini yan yana g\u00f6rmekten mutluluk duyduklar\u0131n\u0131 ifade ederek,<em> \u201cGeleneksel bayram bulu\u015fmalar\u0131m\u0131z birbirimize kar\u015f\u0131 sevgimizi ve dostlu\u011fumuzu peki\u015ftiriyor. T\u00f6renin d\u00fczenlenmesinde eme\u011fi ge\u00e7en t\u00fcm arkada\u015flar\u0131ma te\u015fekk\u00fcr ediyorum. Deprem b\u00f6lgesinde g\u00f6rev yapan \u00e7al\u0131\u015fma arkada\u015flar\u0131m\u0131z ba\u015fta olmak \u00fczere t\u00fcm SEDA\u015e ailesinin <strong>Kurban Bayram\u0131 kutlu olsun<\/strong>\u201d<\/em> dedi.<\/p>","protected":false},"excerpt":{"rendered":"<p>Sorry, this entry is only available in Turkish. For the sake of viewer convenience, the content is shown below in the alternative language. You may click the link to switch the active language. SEDA\u015e b\u00f6lge m\u00fcd\u00fcrl\u00fcklerinde d\u00fczenlenen geleneksel Kurban Bayram\u0131 bulu\u015fmas\u0131nda birlikte olan SEDA\u015e ailesi, bayram mutlulu\u011funu beraber ya\u015fad\u0131. Sakarya Elektrik Da\u011f\u0131t\u0131m A.\u015e. (SEDA\u015e) ailesi, [&hellip;]<\/p>\n","protected":false},"author":1,"featured_media":176823,"comment_status":"open","ping_status":"open","sticky":false,"template":"","format":"standard","meta":[],"categories":[51,53],"tags":[109933,15016,4546,9904,102600,2444],"views":34,"_links":{"self":[{"href":"https:\/\/www.enerjigazetesi.ist\/en\/wp-json\/wp\/v2\/posts\/176821"}],"collection":[{"href":"https:\/\/www.enerjigazetesi.ist\/en\/wp-json\/wp\/v2\/posts"}],"about":[{"href":"https:\/\/www.enerjigazetesi.ist\/en\/wp-json\/wp\/v2\/types\/post"}],"author":[{"embeddable":true,"href":"https:\/\/www.enerjigazetesi.ist\/en\/wp-json\/wp\/v2\/users\/1"}],"replies":[{"embeddable":true,"href":"https:\/\/www.enerjigazetesi.ist\/en\/wp-json\/wp\/v2\/comments?post=176821"}],"version-history":[{"count":0,"href":"https:\/\/www.enerjigazetesi.ist\/en\/wp-json\/wp\/v2\/posts\/176821\/revisions"}],"wp:featuredmedia":[{"embeddable":true,"href":"https:\/\/www.enerjigazetesi.ist\/en\/wp-json\/wp\/v2\/media\/176823"}],"wp:attachment":[{"href":"https:\/\/www.enerjigazetesi.ist\/en\/wp-json\/wp\/v2\/media?parent=176821"}],"wp:term":[{"taxonomy":"category","embeddable":true,"href":"https:\/\/www.enerjigazetesi.ist\/en\/wp-json\/wp\/v2\/categories?post=176821"},{"taxonomy":"post_tag","embeddable":true,"href":"https:\/\/www.enerjigazetesi.ist\/en\/wp-json\/wp\/v2\/tags?post=176821"}],"curies":[{"name":"wp","href":"https:\/\/api.w.org\/{rel}","templated":true}]}}