{"id":176732,"date":"2023-06-26T10:48:11","date_gmt":"2023-06-26T07:48:11","guid":{"rendered":"https:\/\/www.enerjigazetesi.ist\/?p=176732"},"modified":"2023-06-26T10:50:00","modified_gmt":"2023-06-26T07:50:00","slug":"escevder-pamukkale-ye-gezi-duzenledi","status":"publish","type":"post","link":"https:\/\/www.enerjigazetesi.ist\/en\/escevder-pamukkale-ye-gezi-duzenledi\/","title":{"rendered":"(Turkish) ES\u00c7EVDER Pamukkale&#8217;ye Gezi D\u00fczenledi&#8230;"},"content":{"rendered":"<p class=\"qtranxs-available-languages-message qtranxs-available-languages-message-en\">Sorry, this entry is only available in <a href=\"https:\/\/www.enerjigazetesi.ist\/tr\/wp-json\/wp\/v2\/posts\/176732\" class=\"qtranxs-available-language-link qtranxs-available-language-link-tr\" title=\"Turkish\">Turkish<\/a>. For the sake of viewer convenience, the content is shown below in the alternative language. You may click the link to switch the active language.<\/p><p><\/p>\n<h2>Eski\u015fehir \u00c7evre Koruma ve Geli\u015ftirme Derne\u011fi ( ES\u00c7EVDER ) y\u00f6netimi, \u00fcyeleriyle Denizli \/ Pamukkale\u2019ye \u00e7evre gezisi d\u00fczenleyerek; UNESCO D\u00fcnya K\u00fclt\u00fcrel ve Do\u011fal miras listesinde bulunan Pamukkale travertenlerini, Hierepolis Antik kentini, Apollon tap\u0131na\u011f\u0131n\u0131, Arkeoloji m\u00fczesini ziyaret etme f\u0131rsat\u0131 yaratm\u0131\u015ft\u0131r.<\/h2>\n<p style=\"text-align: center;\"><img loading=\"lazy\" class=\"aligncenter wp-image-176736\" src=\"https:\/\/www.enerjigazetesi.ist\/wp-content\/uploads\/2023\/06\/escevder-pamukkale-ye-gezi-duzenledi-1.jpg\" alt=\"\" width=\"500\" height=\"318\" srcset=\"https:\/\/www.enerjigazetesi.ist\/wp-content\/uploads\/2023\/06\/escevder-pamukkale-ye-gezi-duzenledi-1.jpg 550w, https:\/\/www.enerjigazetesi.ist\/wp-content\/uploads\/2023\/06\/escevder-pamukkale-ye-gezi-duzenledi-1-300x191.jpg 300w, https:\/\/www.enerjigazetesi.ist\/wp-content\/uploads\/2023\/06\/escevder-pamukkale-ye-gezi-duzenledi-1-500x318.jpg 500w, https:\/\/www.enerjigazetesi.ist\/wp-content\/uploads\/2023\/06\/escevder-pamukkale-ye-gezi-duzenledi-1-80x50.jpg 80w\" sizes=\"(max-width: 500px) 100vw, 500px\" \/><\/p>\n<p>Eski\u015fehir \u00c7evre Derne\u011fi \u00fcyeleri ve yurt d\u0131\u015f\u0131ndan gelen \u00e7evre aktivistleri ile Pamukkale travertenlerinde y\u00fcr\u00fcyerek bol bol hat\u0131ra foto\u011fraflar\u0131 \u00e7ekmi\u015fler ve daha sonra <strong>Kutsal Kent\u2019te Krali\u00e7e Klopatra\u2019n\u0131n<\/strong> y\u00fczd\u00fc\u011f\u00fc ve g\u00fczelle\u015fti\u011fi <strong>Antik havuzda y\u00fczerek<\/strong> yorgunluklar\u0131n\u0131 atm\u0131\u015flard\u0131r.<\/p>\n<p>Ayn\u0131 b\u00f6lge de bulunan ve K\u0131rm\u0131z\u0131 su akan b\u00f6lgeyi de ziyaret eden \u00e7evre derne\u011fi \u00fcyeleri ve aktivistleri daha \u00f6nce ziyeret edilen Sapanca g\u00f6l\u00fc, <strong>Ma\u015fukiye ve Ormanya&#8217;dan<\/strong> sonra buraya hayran kald\u0131klar\u0131n\u0131 dile getirerek <strong>bu t\u00fcr \u00e7evre gezilerinin devam etmesini<\/strong> y\u00f6netimden \u0131srarla rica etmi\u015flerdir.<\/p>\n<p>Eski\u015fehir \u00c7evre Derne\u011fi ( ES\u00c7EVDER ) \u00fcyeleri ve\u00a0 yurtd\u0131\u015f\u0131ndan gelen \u00e7evre aktivistlerinin Eski\u015fehir\u2019e gelmesi ve <strong>6 haftal\u0131k bir program<\/strong> dahilinde\u00a0 \u00e7evreyi incelemek i\u00e7in bir f\u0131rsat g\u00f6ren<strong> Pakistan\u2019dan Narimaan Asim ve Fareha Falak, Tunus\u2019dan Mauna Baussaada <\/strong>Eski\u015fehir \u00c7evre Derne\u011fi\u00a0 Ba\u015fkan\u0131 <strong>Sad\u0131k Yurtman<\/strong> ve Ba\u015fkan yard\u0131mc\u0131s\u0131<strong> Filiz Fatma \u00d6zko\u00e7<\/strong>\u2019a bu \u00e7evre gezilerine ve g\u00f6rg\u00fc ve bilgilerini art\u0131rd\u0131\u011f\u0131ndan dolay\u0131 te\u015fekk\u00fcr etmi\u015flerdir.<\/p>\n<p>\u0130klim krizinin t\u00fcm d\u00fcnya\u2019y\u0131 etkiledi\u011fi g\u00fcn\u00fcm\u00fczde Kriz K\u00fcresel \u00e7\u00f6z\u00fcmde k\u00fcreseldir. Krizin temel nedeni k\u00fcresel \u00f6l\u00e7ekte iklim de\u011fi\u015fikli\u011fi ve buna yol a\u00e7an do\u011fan\u0131n tahrip edilmesidir. Do\u011fa&#8217;ya sahip \u00e7\u0131kmak temel g\u00f6revimiz olmal\u0131d\u0131r. Bu sebeple \u00c7evre Derne\u011fi olarak \u00fczerimize d\u00fc\u015feni yapmak i\u00e7in yurt i\u00e7i ve yurt d\u0131\u015f\u0131 \u00e7al\u0131\u015fmalar\u0131m\u0131z\u0131 s\u00fcrd\u00fcrmeye kararl\u0131y\u0131z.<\/p>\n<p>Eski\u015fehir \u00c7evre Derne\u011fi ( ES\u00c7EVDER ) olarak; A\u011fa\u00e7lar\u0131n bilin\u00e7i\/bilin\u00e7siz bir \u015fekilde kesilmesi, su kaynaklar\u0131m\u0131z, akarsular\u0131m\u0131z adeta \u00f6zelle\u015ftirilerek, Hidro Elektrik Santral (HES) yapma ad\u0131na i\u015fgaller s\u00fcrmekte, <strong>n\u00fckleer santral <\/strong>ve <strong>k\u00f6m\u00fcrl\u00fc<\/strong> <strong>santral anla\u015fmalar\u0131<\/strong> gelece\u011fimizi tehdit etmeye devam etmektedir.<\/p>\n<p>Madenlerimizin vah\u015fice talan\u0131, ta\u015focaklar\u0131n\u0131n son derece keyfi ve bilim d\u0131\u015f\u0131 plans\u0131z uygulamalar\u0131 ile orman alanlar\u0131n\u0131 yok edilmesi k\u00fcresel iklim krizine davetiye \u00e7\u0131karan uygulamalar\u0131n devam etti\u011fini g\u00f6zlemlemekteyiz.<\/p>\n<p>Orman alanlar\u0131, tar\u0131m alanlar\u0131 rant yaratma \u00e7abas\u0131 ile, bilim d\u0131\u015f\u0131 t\u00fcm erg\u00fcmanlar\u0131 i\u00e7eren s\u00f6zde planlama \u00e7al\u0131\u015fmalar\u0131n\u0131n da katt\u0131\u011f\u0131 h\u0131z ile yerlerini konut ve sanayi yap\u0131lar\u0131na terk ederek t\u00fcketilmeye devam edilmektedir.<\/p>\n<p>Eski\u015fehir \u00c7evre Derne\u011fi ( ES\u00c7EVDER ) olarak<strong> \u00e7evreye olan sevgi, sayg\u0131 ve ho\u015fg\u00f6r\u00fcn\u00fcn<\/strong> t\u00fcm bireylere yans\u0131mas\u0131n\u0131 ve t\u00fcm halk\u0131m\u0131z\u0131n \u00e7evre bilincine ula\u015fmas\u0131, \u00e7evre kirli\u011finin \u00f6n\u00fcne ge\u00e7ilmesi ve geri d\u00f6n\u00fc\u015f\u00fcm\u00fcn \u00f6nemini kavrayarak gelece\u011fe ya\u015fanabilir bir <strong>T\u00fcrkiye\/Eski\u015fehir<\/strong> <strong>b\u0131rakmak<\/strong> oldu\u011funu ve t\u00fcm halk\u0131m\u0131z\u0131 <strong>\u00e7evreyi kirletmemeyi<\/strong> ve <strong>kirletenleri uyarmay\u0131<\/strong> kendilerinde g\u00f6rev olarak g\u00f6rmeleri gerekti\u011fini vurgulamaktay\u0131z.<\/p>","protected":false},"excerpt":{"rendered":"<p>Sorry, this entry is only available in Turkish. For the sake of viewer convenience, the content is shown below in the alternative language. You may click the link to switch the active language. Eski\u015fehir \u00c7evre Koruma ve Geli\u015ftirme Derne\u011fi ( ES\u00c7EVDER ) y\u00f6netimi, \u00fcyeleriyle Denizli \/ Pamukkale\u2019ye \u00e7evre gezisi d\u00fczenleyerek; UNESCO D\u00fcnya K\u00fclt\u00fcrel ve Do\u011fal [&hellip;]<\/p>\n","protected":false},"author":1,"featured_media":176735,"comment_status":"open","ping_status":"open","sticky":false,"template":"","format":"standard","meta":[],"categories":[53],"tags":[109899,109900,109896,109895,71840,92198,54878,109898,109897],"views":32,"_links":{"self":[{"href":"https:\/\/www.enerjigazetesi.ist\/en\/wp-json\/wp\/v2\/posts\/176732"}],"collection":[{"href":"https:\/\/www.enerjigazetesi.ist\/en\/wp-json\/wp\/v2\/posts"}],"about":[{"href":"https:\/\/www.enerjigazetesi.ist\/en\/wp-json\/wp\/v2\/types\/post"}],"author":[{"embeddable":true,"href":"https:\/\/www.enerjigazetesi.ist\/en\/wp-json\/wp\/v2\/users\/1"}],"replies":[{"embeddable":true,"href":"https:\/\/www.enerjigazetesi.ist\/en\/wp-json\/wp\/v2\/comments?post=176732"}],"version-history":[{"count":0,"href":"https:\/\/www.enerjigazetesi.ist\/en\/wp-json\/wp\/v2\/posts\/176732\/revisions"}],"wp:featuredmedia":[{"embeddable":true,"href":"https:\/\/www.enerjigazetesi.ist\/en\/wp-json\/wp\/v2\/media\/176735"}],"wp:attachment":[{"href":"https:\/\/www.enerjigazetesi.ist\/en\/wp-json\/wp\/v2\/media?parent=176732"}],"wp:term":[{"taxonomy":"category","embeddable":true,"href":"https:\/\/www.enerjigazetesi.ist\/en\/wp-json\/wp\/v2\/categories?post=176732"},{"taxonomy":"post_tag","embeddable":true,"href":"https:\/\/www.enerjigazetesi.ist\/en\/wp-json\/wp\/v2\/tags?post=176732"}],"curies":[{"name":"wp","href":"https:\/\/api.w.org\/{rel}","templated":true}]}}