{"id":17671,"date":"2013-11-15T18:46:42","date_gmt":"2013-11-15T15:46:42","guid":{"rendered":"https:\/\/www.enerjigazetesi.ist\/?p=17671"},"modified":"2013-11-15T18:46:42","modified_gmt":"2013-11-15T15:46:42","slug":"rwe-6500-calisanini-isten-cikariyor","status":"publish","type":"post","link":"https:\/\/www.enerjigazetesi.ist\/en\/rwe-6500-calisanini-isten-cikariyor\/","title":{"rendered":"(Turkish) RWE 6500 \u00c7al\u0131\u015fan\u0131n\u0131 \u0130\u015ften \u00c7\u0131kar\u0131yor!"},"content":{"rendered":"<p class=\"qtranxs-available-languages-message qtranxs-available-languages-message-en\">Sorry, this entry is only available in <a href=\"https:\/\/www.enerjigazetesi.ist\/tr\/wp-json\/wp\/v2\/posts\/17671\" class=\"qtranxs-available-language-link qtranxs-available-language-link-tr\" title=\"Turkish\">Turkish<\/a>. For the sake of viewer convenience, the content is shown below in the alternative language. You may click the link to switch the active language.<\/p><p><strong>Bundan k\u0131sa s\u00fcre \u00f6nce 10 bin \u00e7al\u0131\u015fan\u0131 i\u015ften \u00e7\u0131karma tehdidinde bulunan Alman enerji devi RWE\u2019nin ka\u00e7 \u00e7al\u0131\u015fan\u0131na \u00e7\u0131k\u0131\u015f verece\u011fi resmen belli oldu.<\/strong><\/p>\n<p>Daha \u00f6nce i\u015ften \u00e7\u0131karaca\u011f\u0131 \u00e7al\u0131\u015fanlar\u0131n\u0131n say\u0131s\u0131n\u0131 20 bine kadar \u00e7\u0131karaca\u011f\u0131 iddia edilen \u015firketten yap\u0131lan son a\u00e7\u0131klamada rakam\u0131n toplamda 6 bin 500\u2032\u00fc bulaca\u011f\u0131 belirtildi. Bunlar\u0131n 4 bin 750\u2019sinin Almanya\u2019daki \u00e7al\u0131\u015fanlar olaca\u011f\u0131 da kaydedildi. \u015eirketin yapt\u0131\u011f\u0131 a\u00e7\u0131klamada 2013 y\u0131l\u0131n\u0131n ilk dokuz ay\u0131 i\u00e7erisinde 39,9 milyar Euro\u2019luk sat\u0131\u015f kar\u0131yla sonu\u00e7lar\u0131n bir \u00f6nceki y\u0131la g\u00f6re a\u015fa\u011f\u0131 yukar\u0131 sabit kald\u0131\u011f\u0131 belirtilirken, bunda \u00f6zellikle uzun s\u00fcren k\u0131\u015f d\u00f6neminin faydas\u0131n\u0131n oldu\u011funa vurgu yap\u0131ld\u0131.Bunun d\u0131\u015f<a href=\"https:\/\/www.enerjigazetesi.ist\/wp-content\/uploads\/2013\/11\/enerji-donusumu-almanyada-elektrik-ureticilerini-zora-soktu-rwe-6500-calisanini-isten-cikariyor.jpg\"><img loading=\"lazy\" class=\"alignright size-medium wp-image-17672\" title=\"enerji-donusumu-almanyada-elektrik-ureticilerini-zora-soktu-rwe-6500-calisanini-isten-cikariyor\" src=\"https:\/\/www.enerjigazetesi.ist\/wp-content\/uploads\/2013\/11\/enerji-donusumu-almanyada-elektrik-ureticilerini-zora-soktu-rwe-6500-calisanini-isten-cikariyor-300x207.jpg\" alt=\"\" width=\"300\" height=\"207\" srcset=\"https:\/\/www.enerjigazetesi.ist\/wp-content\/uploads\/2013\/11\/enerji-donusumu-almanyada-elektrik-ureticilerini-zora-soktu-rwe-6500-calisanini-isten-cikariyor-300x207.jpg 300w, https:\/\/www.enerjigazetesi.ist\/wp-content\/uploads\/2013\/11\/enerji-donusumu-almanyada-elektrik-ureticilerini-zora-soktu-rwe-6500-calisanini-isten-cikariyor-72x50.jpg 72w, https:\/\/www.enerjigazetesi.ist\/wp-content\/uploads\/2013\/11\/enerji-donusumu-almanyada-elektrik-ureticilerini-zora-soktu-rwe-6500-calisanini-isten-cikariyor.jpg 421w\" sizes=\"(max-width: 300px) 100vw, 300px\" \/><\/a>\u0131nda Rus Gazprom \u015firketinin RWE\u2019ye yaz aylar\u0131nda geri \u00f6dedi\u011fi 1 milyar Euro\u2019ya yak\u0131n paran\u0131n da b\u00fcy\u00fck pay\u0131n\u0131n oldu\u011fu dillendirildi.Ancak \u015firket 2014 y\u0131l\u0131nda sonu\u00e7lar\u0131n b\u00fcy\u00fck oranda geriye d\u00fc\u015fece\u011fini tahmin ediyor.<\/p>\n<p>Elektri\u011fin, kullan\u0131c\u0131 i\u00e7in hala pahal\u0131 olsa da, borsa da ucuzlamas\u0131 enerji devlerini vuruyor. Bu nedenle enerji devleri 2014 y\u0131l\u0131 i\u00e7in b\u00fcy\u00fck \u00f6l\u00e7\u00fcde tasarruf yapacaklar\u0131n\u0131 duyurdular. Bu ba\u011flamda 2016 y\u0131l\u0131na kadar 6 bin 750 \u00e7al\u0131\u015fan i\u015ften \u00e7\u0131kar\u0131lacak. Bunlar\u0131n b\u00fcy\u00fck bir k\u0131sm\u0131n\u0131n Alman \u00e7al\u0131\u015fanlar\u0131n olacak olmas\u0131 Kuzey Ren Vestfalya (KRV) siyasilerinin de tepkisine yol a\u00e7t\u0131.Konu hakk\u0131nda d\u00fcn bir bas\u0131n a\u00e7\u0131klamas\u0131 yapan Ye\u015filler KRV Meclis Grubu Ba\u015fkan\u0131 Reiner Priggen RWE\u2019nin gere\u011finden fazla yanl\u0131\u015f y\u00f6ntemlerde tak\u0131l\u0131 kald\u0131\u011f\u0131n\u0131 s\u00f6yledi. Priggen bu denli b\u00fcy\u00fck rakamda \u00e7al\u0131\u015fan\u0131n \u00e7\u0131kar\u0131lmas\u0131n\u0131n k\u00f6m\u00fcr ocaklar\u0131na da etkisi olaca\u011f\u0131n\u0131 s\u00f6ylerken CDU Meclis Grubu Ba\u015fkan\u0131 Karl-Josef Laumann yapt\u0131\u011f\u0131 yaz\u0131l\u0131 a\u00e7\u0131klamada enerji d\u00f6n\u00fc\u015f\u00fcm\u00fc d\u00f6neminde RWE\u2019nin i\u015f piyasas\u0131 modelinin gelecek i\u00e7in yararl\u0131 olmad\u0131\u011f\u0131n\u0131 ve \u015firketin b\u00fcy\u00fck bir d\u00f6n\u00fc\u015f\u00fcm\u00fcn e\u015fi\u011finde oldu\u011funu kaydetti.<\/p>\n<p>RWE\u2019nin \u00f6n\u00fcm\u00fczdeki y\u0131llarda Avrupa piyasas\u0131nda yer bulabilmesi i\u00e7in b\u00fcy\u00fck de\u011fi\u015fimler yapmas\u0131 gerekti\u011fini kaydeden Laumann, bunun siyasi deste\u011fi hak etti\u011fini dillendirdi ve eyalet h\u00fck\u00fcmetinin yeni i\u015f yerleri in\u015faa etmesi i\u00e7in gerekli \u00e7er\u00e7eveleri \u00e7izmesi gerekti\u011fini s\u00f6yledi.Bu hafta i\u00e7inde di\u011fer enerji devi Enbw de 2013 y\u0131l\u0131ndaki has\u0131lat sonu\u00e7lar\u0131n\u0131 a\u00e7\u0131klam\u0131\u015f, ilk dokuz ay i\u00e7erisinde bunlar\u0131n y\u00fczde 60 gerileyerek 234 milyon Euro\u2019ya d\u00fc\u015ft\u00fc\u011f\u00fc belirtilmi\u015fti.<\/p>\n<p>Kaynak: <a href=\"http:\/\/enerjienstitusu.com\/2013\/11\/15\/enerji-donusumu-almanyada-elektrik-ureticilerini-zora-soktu-rwe-6500-calisanini-isten-cikariyor\/\" target=\"_blank\">Enerji Enstit\u00fcs\u00fc<\/a><\/p>","protected":false},"excerpt":{"rendered":"<p>Sorry, this entry is only available in Turkish. For the sake of viewer convenience, the content is shown below in the alternative language. You may click the link to switch the active language.Bundan k\u0131sa s\u00fcre \u00f6nce 10 bin \u00e7al\u0131\u015fan\u0131 i\u015ften \u00e7\u0131karma tehdidinde bulunan Alman enerji devi RWE\u2019nin ka\u00e7 \u00e7al\u0131\u015fan\u0131na \u00e7\u0131k\u0131\u015f verece\u011fi resmen belli oldu. Daha [&hellip;]<\/p>\n","protected":false},"author":1,"featured_media":17672,"comment_status":"open","ping_status":"open","sticky":false,"template":"","format":"standard","meta":[],"categories":[51,53],"tags":[7203,68,61,10390,63,67,1009,165,3242],"views":766,"_links":{"self":[{"href":"https:\/\/www.enerjigazetesi.ist\/en\/wp-json\/wp\/v2\/posts\/17671"}],"collection":[{"href":"https:\/\/www.enerjigazetesi.ist\/en\/wp-json\/wp\/v2\/posts"}],"about":[{"href":"https:\/\/www.enerjigazetesi.ist\/en\/wp-json\/wp\/v2\/types\/post"}],"author":[{"embeddable":true,"href":"https:\/\/www.enerjigazetesi.ist\/en\/wp-json\/wp\/v2\/users\/1"}],"replies":[{"embeddable":true,"href":"https:\/\/www.enerjigazetesi.ist\/en\/wp-json\/wp\/v2\/comments?post=17671"}],"version-history":[{"count":2,"href":"https:\/\/www.enerjigazetesi.ist\/en\/wp-json\/wp\/v2\/posts\/17671\/revisions"}],"predecessor-version":[{"id":17674,"href":"https:\/\/www.enerjigazetesi.ist\/en\/wp-json\/wp\/v2\/posts\/17671\/revisions\/17674"}],"wp:featuredmedia":[{"embeddable":true,"href":"https:\/\/www.enerjigazetesi.ist\/en\/wp-json\/wp\/v2\/media\/17672"}],"wp:attachment":[{"href":"https:\/\/www.enerjigazetesi.ist\/en\/wp-json\/wp\/v2\/media?parent=17671"}],"wp:term":[{"taxonomy":"category","embeddable":true,"href":"https:\/\/www.enerjigazetesi.ist\/en\/wp-json\/wp\/v2\/categories?post=17671"},{"taxonomy":"post_tag","embeddable":true,"href":"https:\/\/www.enerjigazetesi.ist\/en\/wp-json\/wp\/v2\/tags?post=17671"}],"curies":[{"name":"wp","href":"https:\/\/api.w.org\/{rel}","templated":true}]}}