{"id":176638,"date":"2023-06-22T12:18:08","date_gmt":"2023-06-22T09:18:08","guid":{"rendered":"https:\/\/www.enerjigazetesi.ist\/?p=176638"},"modified":"2023-06-22T12:18:08","modified_gmt":"2023-06-22T09:18:08","slug":"oedas-ar-ge-calismalari-nda-yenilenebilir-enerji-ye-odaklandi","status":"publish","type":"post","link":"https:\/\/www.enerjigazetesi.ist\/en\/oedas-ar-ge-calismalari-nda-yenilenebilir-enerji-ye-odaklandi\/","title":{"rendered":"(Turkish) OEDA\u015e Ar-Ge \u00c7al\u0131\u015fmalar\u0131nda Yenilenebilir Enerjiye Odakland\u0131"},"content":{"rendered":"<p class=\"qtranxs-available-languages-message qtranxs-available-languages-message-en\">Sorry, this entry is only available in <a href=\"https:\/\/www.enerjigazetesi.ist\/tr\/wp-json\/wp\/v2\/posts\/176638\" class=\"qtranxs-available-language-link qtranxs-available-language-link-tr\" title=\"Turkish\">Turkish<\/a>. For the sake of viewer convenience, the content is shown below in the alternative language. You may click the link to switch the active language.<\/p><p><\/p>\n<h2><strong>Yenilenebilir enerji kurulu g\u00fcc\u00fc bak\u0131m\u0131ndan T\u00fcrkiye\u2019de \u00f6n s\u0131ralarda yer alan elektrik da\u011f\u0131t\u0131m b\u00f6lgesinde hizmet veren OEDA\u015e, bu alanda \u00f6nemli projelere imza at\u0131yor. 22 Haziran D\u00fcnya Yenilenebilir Enerji G\u00fcn\u00fc dolay\u0131s\u0131yla a\u00e7\u0131klamada bulunan <\/strong><strong>OEDA\u015e Direkt\u00f6r\u00fc Muzaffer Yal\u00e7\u0131n, <em>\u201cUluslararas\u0131 arenadaki Ar-Ge projelerimiz ile karbon emisyonlar\u0131m\u0131z\u0131 azalt\u0131p, i\u015fletme ko\u015fullar\u0131m\u0131z\u0131 s\u00fcrekli iyile\u015ftirerek verimlili\u011fi art\u0131r\u0131yor; elektrikli ara\u00e7lar, enerji depolama sistemleri gibi yenilik\u00e7i projeleri hayata ge\u00e7iriyoruz.\u201d<\/em> dedi. <\/strong><\/h2>\n<p>Afyonkarahisar, Bilecik, Eski\u015fehir, K\u00fctahya ve U\u015fak illerinin elektrik da\u011f\u0131t\u0131m hizmetini sa\u011flayan <strong><img loading=\"lazy\" class=\"alignright wp-image-176641\" src=\"https:\/\/www.enerjigazetesi.ist\/wp-content\/uploads\/2023\/06\/oedas-ar-ge-calismalari-nda-yenilenebilir-enerji-ye-odaklandi-1.jpg\" alt=\"\" width=\"320\" height=\"257\" srcset=\"https:\/\/www.enerjigazetesi.ist\/wp-content\/uploads\/2023\/06\/oedas-ar-ge-calismalari-nda-yenilenebilir-enerji-ye-odaklandi-1.jpg 550w, https:\/\/www.enerjigazetesi.ist\/wp-content\/uploads\/2023\/06\/oedas-ar-ge-calismalari-nda-yenilenebilir-enerji-ye-odaklandi-1-300x241.jpg 300w, https:\/\/www.enerjigazetesi.ist\/wp-content\/uploads\/2023\/06\/oedas-ar-ge-calismalari-nda-yenilenebilir-enerji-ye-odaklandi-1-500x401.jpg 500w, https:\/\/www.enerjigazetesi.ist\/wp-content\/uploads\/2023\/06\/oedas-ar-ge-calismalari-nda-yenilenebilir-enerji-ye-odaklandi-1-62x50.jpg 62w\" sizes=\"(max-width: 320px) 100vw, 320px\" \/>Osmangazi Elektrik Da\u011f\u0131t\u0131m A.\u015e (OEDA\u015e)<\/strong>, karbonsuzla\u015fma hedeflerine ula\u015fma konusunda enerji y\u00f6netimine kilit rol atfediyor. Bu kapsamda<strong> enerji t\u00fcketimini azaltan<\/strong> <strong>dijitalle\u015fme<\/strong> ve<strong> elektrifikasyon<\/strong> \u00e7al\u0131\u015fmalar\u0131 yapan OEDA\u015e ayr\u0131ca yenilenebilir enerji alan\u0131nda \u00e7ok payda\u015fl\u0131 uluslararas\u0131 projelerde yer al\u0131yor. <strong>OEDA\u015e Direkt\u00f6r\u00fc Muzaffer Yal\u00e7\u0131n,<\/strong> 22 Haziran D\u00fcnya Yenilenebilir Enerji G\u00fcn\u00fc dolay\u0131s\u0131yla yapt\u0131\u011f\u0131 a\u00e7\u0131klamada \u015firketin<strong> yenilenebilir enerji \u00e7al\u0131\u015fmalar\u0131 hakk\u0131nda<\/strong> bilgi verdi.<\/p>\n<h3><strong>\u201cAr-Ge projeleri ile karbon emisyonlar\u0131m\u0131z\u0131 azalt\u0131p, yenilik\u00e7i projeler ger\u00e7ekle\u015ftiriyoruz\u201d<\/strong><\/h3>\n<p>\u00c7evreye kar\u015f\u0131 sorumlu bir elektrik da\u011f\u0131t\u0131m \u015firketi olarak iklim krizinin olumsuz etkilerini en aza indirmek i\u00e7in s\u00fcrd\u00fcr\u00fclebilirlik alan\u0131ndaki yat\u0131r\u0131mlar\u0131n\u0131 her ge\u00e7en y\u0131l art\u0131rd\u0131klar\u0131n\u0131 s\u00f6yleyen <strong>Yal\u00e7\u0131n<\/strong>, <em>\u201cBu do\u011frultuda yenilenebilir enerji kaynaklar\u0131 ile kaynak \u00e7e\u015fitlili\u011fi sa\u011flayan, elektrik arz g\u00fcvenli\u011fi olu\u015fturan projeler ger\u00e7ekle\u015ftiriyoruz. Bunun yan\u0131 s\u0131ra yenilenebilir enerji kurulu g\u00fcc\u00fc bak\u0131m\u0131ndan T\u00fcrkiye\u2019de \u00f6n s\u0131ralarda yer alan da\u011f\u0131t\u0131m b\u00f6lgesinde hizmet veren elektrik da\u011f\u0131t\u0131m \u015firketi olarak yenilenebilir enerji \u00fcretimi potansiyelinin ba\u015far\u0131l\u0131 bir \u015fekilde \u015febekeye entegrasyonunu sa\u011fl\u0131yoruz. \u00d6zellikle uluslararas\u0131 arenada imza att\u0131\u011f\u0131m\u0131z<strong> Ar-Ge projeleri<\/strong> ile <strong>karbon emisyonlar\u0131m\u0131z\u0131 azalt\u0131p, i\u015fletme ko\u015fullar\u0131m\u0131z\u0131 s\u00fcrekli iyile\u015ftirerek<\/strong> verimlili\u011fi art\u0131r\u0131yor; <strong>elektrikli ara\u00e7lar, enerji depolama sistemleri<\/strong> ile ilgili pek \u00e7ok alanda yenilik\u00e7i projelere dahil oluyor ve hayata ge\u00e7iriyoruz.\u201d<\/em> dedi.<\/p>\n<h3><strong>Yenilenebilir enerji sistemlerinin kullan\u0131m\u0131n\u0131n art\u0131r\u0131lmas\u0131 hedefleniyor<\/strong><\/h3>\n<p>OEDA\u015e 2022 y\u0131l\u0131nda tamamlad\u0131\u011f\u0131 <strong>PlaMES<\/strong> projesi ile farkl\u0131 enerji kaynaklar\u0131ndan yararlanarak, <strong>yenilenebilir enerji kullan\u0131m\u0131n\u0131<\/strong> art\u0131ran, <strong>karbon ayak izini azaltan \u00e7al\u0131\u015fmalar<\/strong> yapt\u0131.<\/p>\n<p>Bu y\u0131l i\u00e7inde tamamlanmas\u0131 hedeflenen <strong>FLEXIGRID<\/strong> projesi kapsam\u0131nda Eski\u015fehir\u2019deki Tepeba\u015f\u0131 Belediyesi Ya\u015fam K\u00f6y\u00fc\u2019nde kurulan <strong>depolama sistemleri<\/strong> ve <strong>\u015farj istasyonlar\u0131<\/strong>, Tepeba\u015f\u0131 Belediyesi\u2019nin kurdu\u011fu <strong>g\u00fcne\u015f panelleri ile entegre edildi<\/strong>. Bu sayede hem yenilenebilir enerji kaynaklar\u0131ndan maksimum verim elde edilmesi hem de \u015febekenin y\u00fck\u00fcn\u00fc hafifletecek y\u00f6ntemler ke\u015ffedilmesi planlan\u0131yor.<\/p>\n<p><strong>BD4OPEM<\/strong> projesinde enerji da\u011f\u0131t\u0131m \u015febekelerinin esnek ve etkin y\u00f6netimi ile gelece\u011fin ak\u0131ll\u0131 \u015febekelerinin entegrasyonu, ye\u015fil enerjiye ge\u00e7i\u015f s\u00fcrecinde elektrik da\u011f\u0131t\u0131m \u015febekelerinin kalitesinin korunmas\u0131 ve verimlili\u011finin artmas\u0131 i\u00e7in <strong>planlama, izleme, bak\u0131m ve operasyon s\u00fcre\u00e7lerinin<\/strong> etkin y\u00f6netimini sa\u011flayacak <strong>yeni servis<\/strong> ve<strong> hizmetler geli\u015ftirilmesi<\/strong> hedefleniyor.<\/p>\n<p><strong>BD4NRG<\/strong> projesinde de yenilenebilir enerji kullan\u0131m\u0131n\u0131 art\u0131racak kaynaklar\u0131n kurulmas\u0131, enerji verimlili\u011fi sa\u011flanmas\u0131 ve dijitalle\u015fmi\u015f enerji ekosisteminde verilerin daha fazla kilit rol oynamas\u0131 ad\u0131na \u00e7al\u0131\u015fmalar devam ediyor.<\/p>\n<h3><strong>Bilgi bankas\u0131 kurma \u00e7al\u0131\u015fmalar\u0131 s\u00fcr\u00fcyor<\/strong><\/h3>\n<p>OEDA\u015e ayr\u0131ca <strong>yenilenebilir enerji sistemlerinin<\/strong> bir par\u00e7as\u0131 olan <strong>enerji depolama sistemleri<\/strong> konusunda da <strong>birden fazla EPDK projesi<\/strong> ile \u015firkete <strong>yap\u0131lan lisanss\u0131z depolamal\u0131 santral ba\u015fvurular\u0131n\u0131n<\/strong> tek bir platformdan takibini, ulusal \u00e7apta bu depolama sistemlerinin izlenmesini ve bu konuda bilgi bankas\u0131n\u0131n olu\u015fturulmas\u0131n\u0131 hedefliyor. Bu kapsamda mevcutta kurulu <strong>iki adet enerji depolama sistemine<\/strong> ait enerji y\u00f6netim sistemlerinde; <strong>y\u00fck \u00f6teleme, kompanzasyon<\/strong> ve<strong> mikro \u015febeke operasyonlar\u0131<\/strong> test edilmeye devam ediliyor.<\/p>","protected":false},"excerpt":{"rendered":"<p>Sorry, this entry is only available in Turkish. For the sake of viewer convenience, the content is shown below in the alternative language. You may click the link to switch the active language. Yenilenebilir enerji kurulu g\u00fcc\u00fc bak\u0131m\u0131ndan T\u00fcrkiye\u2019de \u00f6n s\u0131ralarda yer alan elektrik da\u011f\u0131t\u0131m b\u00f6lgesinde hizmet veren OEDA\u015e, bu alanda \u00f6nemli projelere imza at\u0131yor. [&hellip;]<\/p>\n","protected":false},"author":1,"featured_media":176640,"comment_status":"open","ping_status":"open","sticky":false,"template":"","format":"standard","meta":[],"categories":[51,53],"tags":[64490,34504,40959,4546,64486,9749,7471,64489,842,105],"views":50,"_links":{"self":[{"href":"https:\/\/www.enerjigazetesi.ist\/en\/wp-json\/wp\/v2\/posts\/176638"}],"collection":[{"href":"https:\/\/www.enerjigazetesi.ist\/en\/wp-json\/wp\/v2\/posts"}],"about":[{"href":"https:\/\/www.enerjigazetesi.ist\/en\/wp-json\/wp\/v2\/types\/post"}],"author":[{"embeddable":true,"href":"https:\/\/www.enerjigazetesi.ist\/en\/wp-json\/wp\/v2\/users\/1"}],"replies":[{"embeddable":true,"href":"https:\/\/www.enerjigazetesi.ist\/en\/wp-json\/wp\/v2\/comments?post=176638"}],"version-history":[{"count":0,"href":"https:\/\/www.enerjigazetesi.ist\/en\/wp-json\/wp\/v2\/posts\/176638\/revisions"}],"wp:featuredmedia":[{"embeddable":true,"href":"https:\/\/www.enerjigazetesi.ist\/en\/wp-json\/wp\/v2\/media\/176640"}],"wp:attachment":[{"href":"https:\/\/www.enerjigazetesi.ist\/en\/wp-json\/wp\/v2\/media?parent=176638"}],"wp:term":[{"taxonomy":"category","embeddable":true,"href":"https:\/\/www.enerjigazetesi.ist\/en\/wp-json\/wp\/v2\/categories?post=176638"},{"taxonomy":"post_tag","embeddable":true,"href":"https:\/\/www.enerjigazetesi.ist\/en\/wp-json\/wp\/v2\/tags?post=176638"}],"curies":[{"name":"wp","href":"https:\/\/api.w.org\/{rel}","templated":true}]}}