{"id":176618,"date":"2023-06-21T14:50:07","date_gmt":"2023-06-21T11:50:07","guid":{"rendered":"https:\/\/www.enerjigazetesi.ist\/?p=176618"},"modified":"2023-06-21T14:51:17","modified_gmt":"2023-06-21T11:51:17","slug":"almanya-yenilenebilir-cazibesinde-cini-gecti-turkiye-3-sira-ilerledi","status":"publish","type":"post","link":"https:\/\/www.enerjigazetesi.ist\/en\/almanya-yenilenebilir-cazibesinde-cini-gecti-turkiye-3-sira-ilerledi\/","title":{"rendered":"(Turkish) &#8217;Almanya&#8217; Yenilenebilir Cazibesinde \u00c7in&#8217;i Ge\u00e7ti, T\u00fcrkiye 3 S\u0131ra \u0130lerledi"},"content":{"rendered":"<p class=\"qtranxs-available-languages-message qtranxs-available-languages-message-en\">Sorry, this entry is only available in <a href=\"https:\/\/www.enerjigazetesi.ist\/tr\/wp-json\/wp\/v2\/posts\/176618\" class=\"qtranxs-available-language-link qtranxs-available-language-link-tr\" title=\"Turkish\">Turkish<\/a>. For the sake of viewer convenience, the content is shown below in the alternative language. You may click the link to switch the active language.<\/p><p><\/p>\n<h2>\u0130ngiliz dan\u0131\u015fmanl\u0131k \u015firketi Ernst and Young\u2019\u0131n y\u0131lda iki kere haz\u0131rlad\u0131\u011f\u0131 Yenilenebilir Enerji \u00dclke \u00c7ekicilik Endeksi\u2019nin (RECAI) Haziran 2023 raporuna g\u00f6re Almanya ilk kez \u00c7in\u2019i yerinden ederek ikinci s\u0131raya yerle\u015fti. D\u00fcnyadaki yenilenebilir enerji pazar\u0131n\u0131n ilk 40&#8217;\u0131nda yer alan \u00fclkeleri de\u011ferlendiren listede Amerika Birle\u015fik Devletleri birinci s\u0131radaki yerini korurken, T\u00fcrkiye \u00fc\u00e7 puan y\u00fckselerek 30&#8217;uncu s\u0131radan 27&#8217;inci s\u0131raya y\u00fckseldi. Rapora g\u00f6re ilk be\u015f s\u0131rada ABD, Almanya, \u00c7in, \u0130ngiltere ve Fransa bulunuyor.<\/h2>\n<p>Bu y\u0131lki endeksin en b\u00fcy\u00fck geli\u015fmesi Almanya&#8217;n\u0131n uzun s\u00fcredir ikinci s\u0131radaki yerini koruyan \u00c7in&#8217;i ge\u00e7mesi oldu. Raporda Almanya&#8217;n\u0131n enerji pazar\u0131 d\u00f6n\u00fc\u015f\u00fcm\u00fc s\u0131ras\u0131nda <strong>deniz \u00fczerinde r\u00fczgar enerjisi ihalesi<\/strong> a\u00e7mas\u0131n\u0131n, <strong>r\u00fczgar enerjisi kapasitesini artt\u0131rma kararl\u0131\u011f\u0131n\u0131<\/strong> g\u00f6sterdi\u011fi vurguland\u0131. Almanya&#8217;n\u0131n bir di\u011fer g\u00fc\u00e7l\u00fc noktas\u0131 da enerjide fosil yak\u0131tlardan kurtularak d\u00f6n\u00fc\u015f\u00fcm reformu ba\u015flatmas\u0131. Ukrayna <img loading=\"lazy\" class=\"alignright wp-image-176620\" src=\"https:\/\/www.enerjigazetesi.ist\/wp-content\/uploads\/2023\/06\/almanya-yenilenebilir-cazibesinde-cini-gecti-turkiye-3-sira-ilerledi.jpg\" alt=\"\" width=\"320\" height=\"202\" srcset=\"https:\/\/www.enerjigazetesi.ist\/wp-content\/uploads\/2023\/06\/almanya-yenilenebilir-cazibesinde-cini-gecti-turkiye-3-sira-ilerledi.jpg 550w, https:\/\/www.enerjigazetesi.ist\/wp-content\/uploads\/2023\/06\/almanya-yenilenebilir-cazibesinde-cini-gecti-turkiye-3-sira-ilerledi-300x189.jpg 300w, https:\/\/www.enerjigazetesi.ist\/wp-content\/uploads\/2023\/06\/almanya-yenilenebilir-cazibesinde-cini-gecti-turkiye-3-sira-ilerledi-500x315.jpg 500w, https:\/\/www.enerjigazetesi.ist\/wp-content\/uploads\/2023\/06\/almanya-yenilenebilir-cazibesinde-cini-gecti-turkiye-3-sira-ilerledi-80x50.jpg 80w\" sizes=\"(max-width: 320px) 100vw, 320px\" \/>sava\u015f\u0131na kadar Avrupa&#8217;da Rus do\u011fal gaz\u0131n\u0131n en b\u00fcy\u00fck al\u0131c\u0131s\u0131 Almanya&#8217;n\u0131n enerji \u00fcretimi a\u011f\u0131rl\u0131kl\u0131 olarak <strong>k\u00f6m\u00fcr<\/strong> ve <strong>n\u00fckleere<\/strong> dayan\u0131yordu. Do\u011fal gaz kullan\u0131m\u0131n\u0131 azaltmak i\u00e7in k\u00f6m\u00fcrden vazge\u00e7me planlar\u0131n\u0131 erteleyen Berlin y\u00f6netimi, nisan ay\u0131nda n\u00fckleer enerji santrallerini kapatt\u0131.<\/p>\n<p>Raporda, <em>\u201cBu, h\u0131zland\u0131r\u0131lm\u0131\u015f enerji d\u00f6n\u00fc\u015f\u00fcm\u00fc hedeflerine do\u011fru ilerlemede \u00f6nemli bir kilometre ta\u015f\u0131 olmakla birlikte, elektrik arz\u0131ndaki kesintilerin etkilerini azaltmak i\u00e7in k\u0131sa vadede k\u00f6m\u00fcr kullan\u0131m\u0131nda bir art\u0131\u015f olmas\u0131 muhtemeldir\u201d<\/em> denildi.<\/p>\n<p>Almanya, 2030 y\u0131l\u0131na kadar enerji \u00fcretiminin <strong>y\u00fczde 80<\/strong>&#8216;ini yenilenebilir kaynaklardan kar\u015f\u0131lamay\u0131 hedefliyor. \u00dclkede halen yenilenebilir kaynaklar enerji \u00fcretiminin <strong>y\u00fczde 46<\/strong>\u2019s\u0131n\u0131 kar\u015f\u0131l\u0131yor. Bu oran 2022&#8217;nin ba\u015f\u0131nda y\u00fczde 41 olarak ger\u00e7ekle\u015fmi\u015fti.<\/p>\n<p>Bu arada T\u00fcrkiye\u2019nin yenilenebilir enerji yat\u0131r\u0131mlar\u0131n\u0131 \u00e7ekme konusunda <strong>\u00fc\u00e7 puan art\u0131\u015fla 27&#8217;nci s\u0131raya<\/strong> y\u00fckseldi\u011fini belirten rapor, bunu <strong>h\u00fck\u00fcmetin yeni 10 y\u0131ll\u0131k vadeli yenilenebilir enerji projelerine<\/strong> verdi\u011fi tarife garantisine ba\u011flad\u0131. Raporda 2021 ve 2030 y\u0131llar\u0131 aras\u0131nda kurulacak <strong>g\u00fcne\u015f enerjisi projelerine<\/strong>, T\u00fcrkiye\u2019de \u00fcretilmeleri halinde <strong>ek be\u015f y\u0131l<\/strong> daha <strong>tarife garantisi verilmesinin<\/strong> enerjiyi karbonsuzla\u015ft\u0131rma planlar\u0131n\u0131 destekleyece\u011finin alt\u0131 \u00e7izildi. Plan kapsam\u0131nda 2035 y\u0131l\u0131na kadar ise<strong> 53 GW<\/strong>\u2019lik g\u00fcne\u015f enerjisine ihtiya\u00e7 bulunuyor ve b\u00f6ylece <strong>2030 y\u0131l\u0131na<\/strong> kadar enerji \u00fcretiminin <strong>y\u00fczde 65&#8217;inin yenilenebilir kaynaklara d\u00f6n\u00fc\u015ft\u00fcr\u00fclmesi<\/strong> hedefleniyor.<\/p>\n<p><strong>Kaynak:\u00a0<\/strong><a href=\"https:\/\/tr.euronews.com\/2023\/06\/13\/almanya-yenilenebilir-enerji-cazibesinde-cini-gecti-turkiye-de-3-sira-ilerledi\" target=\"_blank\" rel=\"noopener\"><strong>EURONEWS<\/strong><\/a><\/p>","protected":false},"excerpt":{"rendered":"<p>Sorry, this entry is only available in Turkish. For the sake of viewer convenience, the content is shown below in the alternative language. You may click the link to switch the active language. \u0130ngiliz dan\u0131\u015fmanl\u0131k \u015firketi Ernst and Young\u2019\u0131n y\u0131lda iki kere haz\u0131rlad\u0131\u011f\u0131 Yenilenebilir Enerji \u00dclke \u00c7ekicilik Endeksi\u2019nin (RECAI) Haziran 2023 raporuna g\u00f6re Almanya ilk [&hellip;]<\/p>\n","protected":false},"author":1,"featured_media":176620,"comment_status":"open","ping_status":"open","sticky":false,"template":"","format":"standard","meta":[],"categories":[53,49,50],"tags":[18,109869,13,16,842,105,3940],"views":77,"_links":{"self":[{"href":"https:\/\/www.enerjigazetesi.ist\/en\/wp-json\/wp\/v2\/posts\/176618"}],"collection":[{"href":"https:\/\/www.enerjigazetesi.ist\/en\/wp-json\/wp\/v2\/posts"}],"about":[{"href":"https:\/\/www.enerjigazetesi.ist\/en\/wp-json\/wp\/v2\/types\/post"}],"author":[{"embeddable":true,"href":"https:\/\/www.enerjigazetesi.ist\/en\/wp-json\/wp\/v2\/users\/1"}],"replies":[{"embeddable":true,"href":"https:\/\/www.enerjigazetesi.ist\/en\/wp-json\/wp\/v2\/comments?post=176618"}],"version-history":[{"count":0,"href":"https:\/\/www.enerjigazetesi.ist\/en\/wp-json\/wp\/v2\/posts\/176618\/revisions"}],"wp:featuredmedia":[{"embeddable":true,"href":"https:\/\/www.enerjigazetesi.ist\/en\/wp-json\/wp\/v2\/media\/176620"}],"wp:attachment":[{"href":"https:\/\/www.enerjigazetesi.ist\/en\/wp-json\/wp\/v2\/media?parent=176618"}],"wp:term":[{"taxonomy":"category","embeddable":true,"href":"https:\/\/www.enerjigazetesi.ist\/en\/wp-json\/wp\/v2\/categories?post=176618"},{"taxonomy":"post_tag","embeddable":true,"href":"https:\/\/www.enerjigazetesi.ist\/en\/wp-json\/wp\/v2\/tags?post=176618"}],"curies":[{"name":"wp","href":"https:\/\/api.w.org\/{rel}","templated":true}]}}