{"id":176584,"date":"2023-06-21T12:22:52","date_gmt":"2023-06-21T09:22:52","guid":{"rendered":"https:\/\/www.enerjigazetesi.ist\/?p=176584"},"modified":"2023-06-21T12:23:21","modified_gmt":"2023-06-21T09:23:21","slug":"turkiye-cari-acigi-gunes-ile-kapatabilir","status":"publish","type":"post","link":"https:\/\/www.enerjigazetesi.ist\/en\/turkiye-cari-acigi-gunes-ile-kapatabilir\/","title":{"rendered":"(Turkish) T\u00fcrkiye Cari A\u00e7\u0131\u011f\u0131 \u2018G\u00fcne\u015f\u2019 ile Kapatabilir"},"content":{"rendered":"<p class=\"qtranxs-available-languages-message qtranxs-available-languages-message-en\">Sorry, this entry is only available in <a href=\"https:\/\/www.enerjigazetesi.ist\/tr\/wp-json\/wp\/v2\/posts\/176584\" class=\"qtranxs-available-language-link qtranxs-available-language-link-tr\" title=\"Turkish\">Turkish<\/a>. For the sake of viewer convenience, the content is shown below in the alternative language. You may click the link to switch the active language.<\/p><p><\/p>\n<h2>G\u00fcne\u015f, iklim dostu s\u00fcrd\u00fcr\u00fclebilir bir ekonomi i\u00e7in \u00f6nemli bir kaynak. \u00c7\u00fcnk\u00fc d\u00fcnya y\u00fczeyine ula\u015fan g\u00fcne\u015f \u0131\u015f\u0131\u011f\u0131 ile 1,5 saatte t\u00fcm d\u00fcnyan\u0131n bir y\u0131ll\u0131k enerji ihtiyac\u0131n\u0131 kar\u015f\u0131lamak m\u00fcmk\u00fcn. Bu potansiyelin maksimumda de\u011ferlendirmesi ise \u00fclkelerin enerji ihtiyac\u0131n\u0131 kar\u015f\u0131laman\u0131n yan\u0131 s\u0131ra yaratt\u0131\u011f\u0131 cari a\u00e7\u0131\u011fa ve k\u00fcresel \u0131s\u0131nmaya da deva olacak.<\/h2>\n<p>Uluslararas\u0131 Enerji Ajans\u0131\u2019n\u0131n (International Energy Agency) raporu Renewables\u2019e g\u00f6re, yenilenebilir enerji kaynaklar\u0131n\u0131n \u00f6n\u00fcm\u00fczdeki <strong>5 y\u0131l i\u00e7inde<\/strong> k\u00fcresel elektrik ihtiyac\u0131n\u0131n <strong>y\u00fczde 90&#8217;\u0131ndan fazlas\u0131n\u0131<\/strong> kar\u015f\u0131layaca\u011f\u0131 \u00f6ng\u00f6r\u00fcl\u00fcyor. Yani g\u00fcne\u015fin gelece\u011fin en g\u00fc\u00e7l\u00fc enerji kayna\u011f\u0131 olmas\u0131 bekleniyor.<\/p>\n<p>22 Haziran D\u00fcnya Yenilenebilir Enerji G\u00fcn\u00fc kapsam\u0131nda a\u00e7\u0131klamalarda bulunan <strong>\u00dc\u00e7ay Grup Enerji Direkt\u00f6r\u00fc \u0130lgin Eray<\/strong>, g\u00fcne\u015f enerjisi yat\u0131r\u0131mlar\u0131n\u0131n iklim dostu s\u00fcrd\u00fcr\u00fclebilir bir ekonomi i\u00e7in sundu\u011fu avantajlara, d\u00fcnyada ivme kazanan g\u00fcne\u015f enerjisi yat\u0131r\u0131mlar\u0131na ve T\u00fcrkiye\u2019deki g\u00fcne\u015f enerjisi potansiyeline dikkat \u00e7ekti.<img loading=\"lazy\" class=\"alignright wp-image-176587\" src=\"https:\/\/www.enerjigazetesi.ist\/wp-content\/uploads\/2023\/06\/turkiye-cari-acigi-gunes-ile-kapatabilir-1.jpg\" alt=\"\" width=\"320\" height=\"237\" srcset=\"https:\/\/www.enerjigazetesi.ist\/wp-content\/uploads\/2023\/06\/turkiye-cari-acigi-gunes-ile-kapatabilir-1.jpg 550w, https:\/\/www.enerjigazetesi.ist\/wp-content\/uploads\/2023\/06\/turkiye-cari-acigi-gunes-ile-kapatabilir-1-300x222.jpg 300w, https:\/\/www.enerjigazetesi.ist\/wp-content\/uploads\/2023\/06\/turkiye-cari-acigi-gunes-ile-kapatabilir-1-500x370.jpg 500w, https:\/\/www.enerjigazetesi.ist\/wp-content\/uploads\/2023\/06\/turkiye-cari-acigi-gunes-ile-kapatabilir-1-68x50.jpg 68w\" sizes=\"(max-width: 320px) 100vw, 320px\" \/><\/p>\n<p>K\u00fcresel enerji krizi, yenilenebilir enerji yat\u0131r\u0131mlar\u0131na ivme kazand\u0131rd\u0131. D\u00fcnya \u00e7ap\u0131ndaki toplam kapasitenin gelecek <strong>be\u015f y\u0131l i\u00e7erisinde<\/strong> <strong>y\u00fczde 100 artmas\u0131<\/strong> bekleniyor.<\/p>\n<p><strong>22 Haziran D\u00fcnya Yenilenebilir Enerji G\u00fcn\u00fc<\/strong> kapsam\u0131nda a\u00e7\u0131klamalarda bulunan<strong>\u00a0\u00dc\u00e7ay Grup Enerji Direkt\u00f6r\u00fc \u0130lgin Eray,<\/strong> g\u00fcne\u015f enerjisi yat\u0131r\u0131mlar\u0131n\u0131n iklim dostu s\u00fcrd\u00fcr\u00fclebilir bir ekonomi i\u00e7in sundu\u011fu avantajlara ve d\u00fcnyada ivme kazanan g\u00fcne\u015f enerjisi yat\u0131r\u0131mlar\u0131na dikkat \u00e7ekti:<\/p>\n<p><em>\u201cK\u00fcresel \u0131s\u0131nmay\u0131 1,5 \u00b0C ile s\u0131n\u0131rl\u0131 tutmak ve eneri kriziyle m\u00fccadele etmek i\u00e7in yenilenebilir enerji hayati \u00f6nem ta\u015f\u0131yor. \u00d6zellikle yenilenebilir enerji kaynaklar\u0131n\u0131n en bol, en h\u0131zl\u0131, en ucuz ve en \u00e7evreci olan\u0131 g\u00fcne\u015f, bu m\u00fccadelede \u00f6nemli rol oynuyor. \u00dclkelerin fosil yak\u0131tlara olan ba\u011f\u0131ml\u0131l\u0131\u011f\u0131 da d\u00fcnyada her ge\u00e7en g\u00fcn artan g\u00fcne\u015f enerjisi yat\u0131r\u0131mlar\u0131 ile azal\u0131yor.<\/em><\/p>\n<h3><strong>\u00c7in\u2019in bug\u00fcnk\u00fc toplam enerji kapasitesine e\u015f de\u011fer<\/strong><\/h3>\n<p><em>Uluslararas\u0131 Enerji Ajans\u0131\u2019n\u0131n (International Energy Agency) raporu Renewables\u2019e g\u00f6re, k\u00fcresel yenilenebilir enerji kapasitesinin 2022-2027 d\u00f6neminde 2.400 GW artmas\u0131 bekleniyor. Bu g\u00fc\u00e7, \u00c7in\u2019in bug\u00fcnk\u00fc toplam enerji kapasitesine e\u015f de\u011fer oldu\u011fu belirtiliyor. Yine rapora g\u00f6re yenilenebilir enerji kaynaklar\u0131n\u0131n \u00f6n\u00fcm\u00fczdeki be\u015f y\u0131l i\u00e7inde k\u00fcresel elektrik ihtiyac\u0131n\u0131n y\u00fczde 90&#8217;\u0131ndan fazlas\u0131n\u0131 kar\u015f\u0131layaca\u011f\u0131 ve 2025&#8217;in ba\u015flar\u0131nda k\u00f6m\u00fcr\u00fc geride b\u0131rakarak, en b\u00fcy\u00fck k\u00fcresel elektrik kayna\u011f\u0131 haline gelece\u011fi \u00f6ng\u00f6r\u00fcl\u00fcyor. Yani g\u00fcne\u015fin gelece\u011fin en g\u00fc\u00e7l\u00fc enerji kayna\u011f\u0131 olmas\u0131 bekleniyor\u201d<\/em> dedi.<\/p>\n<h3><strong>\u201cT\u00fcrkiye\u2019nin g\u00fcne\u015f enerjisi kurulu g\u00fcc\u00fc 10 bin 7 MWe ula\u015ft\u0131\u201d<\/strong><\/h3>\n<p>\u201cT\u00fcrkiye, jeopolitik a\u00e7\u0131dan g\u00fcne\u015f enerjisi \u00fcretiminde g\u00fc\u00e7l\u00fc konumda bulunuyor. Mevcut potansiyeli de\u011ferlendirmek T\u00fcrkiye\u2019yi enerji konusunda b\u00f6lgesel g\u00fc\u00e7 konumuna ta\u015f\u0131yacakt\u0131r\u201d diyen \u0130lgin Eray, s\u00f6zlerine \u015f\u00f6yle devam etti:<\/p>\n<p><em>\u201cT\u00fcrkiye\u2019nin g\u00fcne\u015f enerjisi kurulu g\u00fcc\u00fc 10 bin 7 MWe ula\u015ft\u0131. B\u00f6ylece Ulusal Enerji Plan\u0131ndaki 2035 y\u0131l\u0131 g\u00fcne\u015f enerjisi kurulu g\u00fc\u00e7 hedefinin 5&#8217;te 1&#8217;ine eri\u015fildi. Ancak h\u00e2lihaz\u0131rdaki potansiyel de\u011ferlendirilerek daha h\u0131zl\u0131 yol almak m\u00fcmk\u00fcn. \u00c7\u00fcnk\u00fc T\u00fcrkiye, y\u0131ll\u0131k 110 g\u00fcn gibi y\u00fcksek bir g\u00fcne\u015f enerjisi potansiyeline sahip. Gerekli yat\u0131r\u0131mlar\u0131n yap\u0131lmas\u0131 halinde T\u00fcrkiye, y\u0131lda birim metrekarede ortalama olarak 1.100 kWh\u2019lik g\u00fcne\u015f enerjisi \u00fcretebilir. B\u00f6ylece \u00fclkemiz, g\u00fcne\u015f enerjisi potansiyelini de\u011ferlendirerek, cari a\u00e7\u0131\u011f\u0131n en temel sebebi olan enerji ithalat\u0131n\u0131n \u00f6n\u00fcne ge\u00e7ebilir\u201d.<\/em><\/p>\n<p><strong>\u0130lgin Eray,<\/strong> konu\u015fmas\u0131nda \u00dc\u00e7ay M\u00fchendislik\u2019in g\u00fcne\u015f enerjisi yat\u0131r\u0131mc\u0131lar\u0131na sundu\u011fu hizmetler hakk\u0131nda da <span style=\"text-decoration: underline;\">\u00f6nemli bilgiler payla\u015ft\u0131:<\/span><\/p>\n<p><em>\u201c\u00dc\u00e7ay M\u00fchendislik olarak g\u00fcne\u015f enerjisi kurulumu konusunda; <strong>\u00e7at\u0131 GES, arazi GES<\/strong> ve <strong>tar\u0131m GES<\/strong> uygulamalar\u0131m\u0131z ile m\u00fc\u015fterilerimize anahtar teslim \u00e7\u00f6z\u00fcmler sunuyoruz. T\u00fcrkiye genelinde 25 ilde bulunan 65 \u015fubemiz ile m\u00fc\u015fterilerimize; projelendirme, sistem amortisman hesab\u0131, anahtar teslim kurulum ve TEA\u015e s\u00fcreci y\u00f6netimi konusunda hizmet veriyoruz.\u00a0<\/em><\/p>\n<h3><strong>30 bin evin elektrik ihtiyac\u0131na e\u015fde\u011fer proje<\/strong><\/h3>\n<p><em>2022 y\u0131ll\u0131nda kurulumunu ger\u00e7ekle\u015ftirdi\u011fimiz g\u00fcne\u015f enerjisi yat\u0131r\u0131mlar\u0131 ile 20 MWe\u2019ye yak\u0131n kurulu g\u00fcce ula\u015ft\u0131k, bu sene ise 50 MWe yani yakla\u015f\u0131k 30 bin evin elektrik ihtiyac\u0131na e\u015fde\u011fer kapasitede projenin \u00e7\u00f6z\u00fcm orta\u011f\u0131 olmay\u0131 hedefliyoruz\u201d<\/em> \u00a0diyerek s\u00f6zlerini tamamlad\u0131.<\/p>","protected":false},"excerpt":{"rendered":"<p>Sorry, this entry is only available in Turkish. For the sake of viewer convenience, the content is shown below in the alternative language. You may click the link to switch the active language. G\u00fcne\u015f, iklim dostu s\u00fcrd\u00fcr\u00fclebilir bir ekonomi i\u00e7in \u00f6nemli bir kaynak. \u00c7\u00fcnk\u00fc d\u00fcnya y\u00fczeyine ula\u015fan g\u00fcne\u015f \u0131\u015f\u0131\u011f\u0131 ile 1,5 saatte t\u00fcm d\u00fcnyan\u0131n bir [&hellip;]<\/p>\n","protected":false},"author":1,"featured_media":176586,"comment_status":"open","ping_status":"open","sticky":false,"template":"","format":"standard","meta":[],"categories":[51,53,49],"tags":[89823,36606,431,102039,82809],"views":51,"_links":{"self":[{"href":"https:\/\/www.enerjigazetesi.ist\/en\/wp-json\/wp\/v2\/posts\/176584"}],"collection":[{"href":"https:\/\/www.enerjigazetesi.ist\/en\/wp-json\/wp\/v2\/posts"}],"about":[{"href":"https:\/\/www.enerjigazetesi.ist\/en\/wp-json\/wp\/v2\/types\/post"}],"author":[{"embeddable":true,"href":"https:\/\/www.enerjigazetesi.ist\/en\/wp-json\/wp\/v2\/users\/1"}],"replies":[{"embeddable":true,"href":"https:\/\/www.enerjigazetesi.ist\/en\/wp-json\/wp\/v2\/comments?post=176584"}],"version-history":[{"count":0,"href":"https:\/\/www.enerjigazetesi.ist\/en\/wp-json\/wp\/v2\/posts\/176584\/revisions"}],"wp:featuredmedia":[{"embeddable":true,"href":"https:\/\/www.enerjigazetesi.ist\/en\/wp-json\/wp\/v2\/media\/176586"}],"wp:attachment":[{"href":"https:\/\/www.enerjigazetesi.ist\/en\/wp-json\/wp\/v2\/media?parent=176584"}],"wp:term":[{"taxonomy":"category","embeddable":true,"href":"https:\/\/www.enerjigazetesi.ist\/en\/wp-json\/wp\/v2\/categories?post=176584"},{"taxonomy":"post_tag","embeddable":true,"href":"https:\/\/www.enerjigazetesi.ist\/en\/wp-json\/wp\/v2\/tags?post=176584"}],"curies":[{"name":"wp","href":"https:\/\/api.w.org\/{rel}","templated":true}]}}