{"id":176535,"date":"2023-06-20T13:04:38","date_gmt":"2023-06-20T10:04:38","guid":{"rendered":"https:\/\/www.enerjigazetesi.ist\/?p=176535"},"modified":"2023-06-20T13:04:38","modified_gmt":"2023-06-20T10:04:38","slug":"yildiz-pazarda-islem-goren-astor-enerji-paylari-bist-30-endeksi-nde","status":"publish","type":"post","link":"https:\/\/www.enerjigazetesi.ist\/en\/yildiz-pazarda-islem-goren-astor-enerji-paylari-bist-30-endeksi-nde\/","title":{"rendered":"(Turkish) Y\u0131ld\u0131z Pazarda \u0130\u015flem G\u00f6ren &#8216;Astor Enerji&#8217; Paylar\u0131, BIST 30 Endeksi\u2019nde"},"content":{"rendered":"<p class=\"qtranxs-available-languages-message qtranxs-available-languages-message-en\">Sorry, this entry is only available in <a href=\"https:\/\/www.enerjigazetesi.ist\/tr\/wp-json\/wp\/v2\/posts\/176535\" class=\"qtranxs-available-language-link qtranxs-available-language-link-tr\" title=\"Turkish\">Turkish<\/a>. For the sake of viewer convenience, the content is shown below in the alternative language. You may click the link to switch the active language.<\/p><p><\/p>\n<h2><strong>Piyasa de\u011ferini sene ba\u015f\u0131nda ger\u00e7ekle\u015ftirdi\u011fi halka arz\u0131ndan bu yana y\u00fczde 300\u2019\u00fcn \u00fczerinde art\u0131ran Astor Enerji, 1 Temmuz 2023 tarihi itibar\u0131yla BIST 30 Endeksi\u2019nde yerini alacak.<\/strong><\/h2>\n<p>T\u00fcrkiye\u2019nin<strong> yerli transformat\u00f6r<\/strong> ve <strong>anahtarlama \u00fcr\u00fcnleri \u00fcreticisi Astor Enerji<\/strong>, 1 Temmuz 2023 itibar\u0131yla <strong>BIST 30 Endeksi\u2019nde<\/strong> yer alacak. Borsa \u0130stanbul taraf\u0131ndan Kamuyu Ayd\u0131nlatma Platformuna yap\u0131lan a\u00e7\u0131klamada\u00a02023 y\u0131l\u0131 \u00fc\u00e7\u00fcnc\u00fc \u00fc\u00e7 ayl\u0131k d\u00f6nemi (01.07.2023-30.09.2023) i\u00e7in yap\u0131lan de\u011fi\u015fiklikle Astor Enerji paylar\u0131, \u00fc\u00e7\u00fcnc\u00fc \u00e7eyrek itibariyle <strong>BIST 100, BIST 50 ve BIST 30 pay endekslerine<\/strong> dahil edildi\u011fi bildirilmi\u015ftir.<\/p>\n<p>S\u00f6z konusu d\u00f6nemde sadece Astor Enerji BIST 30 endeksine ve &#8220;BIST Banka D\u0131\u015f\u0131 Likit 10 Endeksine <img loading=\"lazy\" class=\"alignright wp-image-176537\" src=\"https:\/\/www.enerjigazetesi.ist\/wp-content\/uploads\/2023\/06\/yildiz-pazarda-islem-goren-astor-enerji-paylari-bist-30-endeksi-nde-1.jpg\" alt=\"\" width=\"320\" height=\"263\" srcset=\"https:\/\/www.enerjigazetesi.ist\/wp-content\/uploads\/2023\/06\/yildiz-pazarda-islem-goren-astor-enerji-paylari-bist-30-endeksi-nde-1.jpg 550w, https:\/\/www.enerjigazetesi.ist\/wp-content\/uploads\/2023\/06\/yildiz-pazarda-islem-goren-astor-enerji-paylari-bist-30-endeksi-nde-1-300x247.jpg 300w, https:\/\/www.enerjigazetesi.ist\/wp-content\/uploads\/2023\/06\/yildiz-pazarda-islem-goren-astor-enerji-paylari-bist-30-endeksi-nde-1-487x400.jpg 487w, https:\/\/www.enerjigazetesi.ist\/wp-content\/uploads\/2023\/06\/yildiz-pazarda-islem-goren-astor-enerji-paylari-bist-30-endeksi-nde-1-61x50.jpg 61w, https:\/\/www.enerjigazetesi.ist\/wp-content\/uploads\/2023\/06\/yildiz-pazarda-islem-goren-astor-enerji-paylari-bist-30-endeksi-nde-1-500x411.jpg 500w\" sizes=\"(max-width: 320px) 100vw, 320px\" \/>&#8220;dahil olmu\u015ftur. Banka D\u0131\u015f\u0131 Likit 10 Endeksi; Y\u0131ld\u0131z Pazar&#8217;da i\u015flem g\u00f6ren \u015firketler aras\u0131ndan se\u00e7ilen, fiili dola\u015f\u0131mdaki paylar\u0131n\u0131n piyasa de\u011feri ve i\u015flem hacmi y\u00fcksek, banka olmayan 10 paydan olu\u015fmaktad\u0131r.<\/p>\n<p>Astor Enerji, piyasa de\u011ferini sene ba\u015f\u0131nda ger\u00e7ekle\u015ftirdi\u011fi halka arz\u0131ndan bu yana<strong> y\u00fczde 300<\/strong>\u2019\u00fcn \u00fczerinde art\u0131rd\u0131.<\/p>\n<h3><strong>T\u00fcm yat\u0131r\u0131mc\u0131lara g\u00f6n\u00fclden te\u015fekk\u00fcr<\/strong><\/h3>\n<p><strong>Astor Enerji Genel M\u00fcd\u00fcr\u00fc Hakan \u00dcnsal<\/strong>, konu ile ilgili de\u011ferlendirmesinde; <em>\u201c2023 y\u0131l\u0131 ilk \u00e7eyrekte ge\u00e7en y\u0131l\u0131n ayn\u0131 d\u00f6nemine g\u00f6re <strong>y\u00fczde 75<\/strong> oran\u0131nda b\u00fcy\u00fcd\u00fck.<strong> 1,9 milyar TL<\/strong> ciroya ve <strong>y\u00fczde 90<\/strong> art\u0131\u015fla <strong>453,2 milyon TL<\/strong> net d\u00f6nem k\u00e2r\u0131na ula\u015ft\u0131k. Bug\u00fcn ba\u015fta<strong> Avrupa, Orta Do\u011fu ve Afrika<\/strong> olmak \u00fczere d\u00fcnyada <strong>6<\/strong> k\u0131tada <strong>90\u2019\u0131n \u00fczerinde<\/strong> \u00fclkeye ihracat ger\u00e7ekle\u015ftiriyoruz. \u0130hracat\u0131m\u0131z\u0131n toplam sat\u0131\u015flar i\u00e7erisindeki pay\u0131 <strong>%30\u2019lar seviyesine<\/strong> yakla\u015fm\u0131\u015ft\u0131r. G\u00fc\u00e7l\u00fc finansallar\u0131m\u0131z ve operasyonel g\u00fcc\u00fcm\u00fcz\u00fcn ard\u0131nda bireysel ve kurumsal yat\u0131r\u0131mc\u0131larla s\u00fcrd\u00fcrd\u00fc\u011f\u00fcm\u00fcz <strong>etkin<\/strong> ve<strong> \u015feffaf ileti\u015fimin<\/strong> b\u00fcy\u00fck rol\u00fc oldu\u011funa inan\u0131yorum. Bug\u00fcne kadar oldu\u011fu gibi yat\u0131r\u0131mc\u0131lar\u0131m\u0131z, sekt\u00f6r\u00fcm\u00fcz ve \u00fclkemiz i\u00e7in yaratt\u0131\u011f\u0131m\u0131z de\u011feri art\u0131rmay\u0131 s\u00fcrd\u00fcrece\u011fiz. Bize g\u00fcvenip \u015firketimizin gelece\u011fine yat\u0131r\u0131m yapan t\u00fcm yat\u0131r\u0131mc\u0131lar\u0131m\u0131za g\u00f6n\u00fclden te\u015fekk\u00fcr ediyorum.\u201d<\/em> \u015feklinde konu\u015ftu.<\/p>","protected":false},"excerpt":{"rendered":"<p>Sorry, this entry is only available in Turkish. For the sake of viewer convenience, the content is shown below in the alternative language. You may click the link to switch the active language. Piyasa de\u011ferini sene ba\u015f\u0131nda ger\u00e7ekle\u015ftirdi\u011fi halka arz\u0131ndan bu yana y\u00fczde 300\u2019\u00fcn \u00fczerinde art\u0131ran Astor Enerji, 1 Temmuz 2023 tarihi itibar\u0131yla BIST 30 [&hellip;]<\/p>\n","protected":false},"author":1,"featured_media":176538,"comment_status":"open","ping_status":"open","sticky":false,"template":"","format":"standard","meta":[],"categories":[51,53],"tags":[105221,105874,82591,106894],"views":34,"_links":{"self":[{"href":"https:\/\/www.enerjigazetesi.ist\/en\/wp-json\/wp\/v2\/posts\/176535"}],"collection":[{"href":"https:\/\/www.enerjigazetesi.ist\/en\/wp-json\/wp\/v2\/posts"}],"about":[{"href":"https:\/\/www.enerjigazetesi.ist\/en\/wp-json\/wp\/v2\/types\/post"}],"author":[{"embeddable":true,"href":"https:\/\/www.enerjigazetesi.ist\/en\/wp-json\/wp\/v2\/users\/1"}],"replies":[{"embeddable":true,"href":"https:\/\/www.enerjigazetesi.ist\/en\/wp-json\/wp\/v2\/comments?post=176535"}],"version-history":[{"count":0,"href":"https:\/\/www.enerjigazetesi.ist\/en\/wp-json\/wp\/v2\/posts\/176535\/revisions"}],"wp:featuredmedia":[{"embeddable":true,"href":"https:\/\/www.enerjigazetesi.ist\/en\/wp-json\/wp\/v2\/media\/176538"}],"wp:attachment":[{"href":"https:\/\/www.enerjigazetesi.ist\/en\/wp-json\/wp\/v2\/media?parent=176535"}],"wp:term":[{"taxonomy":"category","embeddable":true,"href":"https:\/\/www.enerjigazetesi.ist\/en\/wp-json\/wp\/v2\/categories?post=176535"},{"taxonomy":"post_tag","embeddable":true,"href":"https:\/\/www.enerjigazetesi.ist\/en\/wp-json\/wp\/v2\/tags?post=176535"}],"curies":[{"name":"wp","href":"https:\/\/api.w.org\/{rel}","templated":true}]}}