{"id":176494,"date":"2023-06-19T13:19:42","date_gmt":"2023-06-19T10:19:42","guid":{"rendered":"https:\/\/www.enerjigazetesi.ist\/?p=176494"},"modified":"2023-06-20T11:20:11","modified_gmt":"2023-06-20T08:20:11","slug":"henkel-istanbul-tuzla-fabrikasini-karbon-notr-hale-getirdi","status":"publish","type":"post","link":"https:\/\/www.enerjigazetesi.ist\/en\/henkel-istanbul-tuzla-fabrikasini-karbon-notr-hale-getirdi\/","title":{"rendered":"(Turkish) &#8217;HENKEL&#8217; \u0130stanbul Tuzla Fabrikas\u0131n\u0131 Karbon N\u00f6tr Hale Getirdi"},"content":{"rendered":"<p class=\"qtranxs-available-languages-message qtranxs-available-languages-message-en\">Sorry, this entry is only available in <a href=\"https:\/\/www.enerjigazetesi.ist\/tr\/wp-json\/wp\/v2\/posts\/176494\" class=\"qtranxs-available-language-link qtranxs-available-language-link-tr\" title=\"Turkish\">Turkish<\/a>. For the sake of viewer convenience, the content is shown below in the alternative language. You may click the link to switch the active language.<\/p><p><\/p>\n<h2><strong>Henkel, \u0130stanbul Tuzla\u2019daki Yap\u0131\u015ft\u0131r\u0131c\u0131 Teknolojileri fabrikas\u0131n\u0131<\/strong> <strong>karbon n\u00f6tr hale getirdi.<\/strong><\/h2>\n<p style=\"text-align: center;\"><img loading=\"lazy\" class=\"aligncenter wp-image-176497\" src=\"https:\/\/www.enerjigazetesi.ist\/wp-content\/uploads\/2023\/06\/henkel-istanbul-tuzla-fabrikasini-karbon-notr-hale-getirdi1.jpg\" alt=\"\" width=\"500\" height=\"281\" srcset=\"https:\/\/www.enerjigazetesi.ist\/wp-content\/uploads\/2023\/06\/henkel-istanbul-tuzla-fabrikasini-karbon-notr-hale-getirdi1.jpg 550w, https:\/\/www.enerjigazetesi.ist\/wp-content\/uploads\/2023\/06\/henkel-istanbul-tuzla-fabrikasini-karbon-notr-hale-getirdi1-300x169.jpg 300w, https:\/\/www.enerjigazetesi.ist\/wp-content\/uploads\/2023\/06\/henkel-istanbul-tuzla-fabrikasini-karbon-notr-hale-getirdi1-500x281.jpg 500w, https:\/\/www.enerjigazetesi.ist\/wp-content\/uploads\/2023\/06\/henkel-istanbul-tuzla-fabrikasini-karbon-notr-hale-getirdi1-80x45.jpg 80w\" sizes=\"(max-width: 500px) 100vw, 500px\" \/><\/p>\n<p>Henkel, \u0130stanbul Tuzla\u2019daki Yap\u0131\u015ft\u0131r\u0131c\u0131 Teknolojileri fabrikas\u0131n\u0131 karbon n\u00f6tr hale getirdi. Bu kilometre ta\u015f\u0131, \u015firketin 2030 y\u0131l\u0131na kadar global operasyonlar\u0131n\u0131n iklim pozitif olmas\u0131na y\u00f6nelik hedefi i\u00e7in \u00f6nemli bir d\u00f6n\u00fcm noktas\u0131 olu\u015fturuyor. Henkel\u2019in \u0130stanbul Tuzla\u2019daki ve Hindistan&#8217;\u0131n Chennai kentindeki Yap\u0131\u015ft\u0131r\u0131c\u0131 Teknolojileri fabrikalar\u0131; \u015firketin Hindistan, Orta Do\u011fu ve Afrika (IMEA) b\u00f6lgesinde karbon n\u00f6tr hale gelen tesislerinden ilk ikisi oldu.<\/p>\n<p><strong>Henkel\u2019in Tuzla Fabrikas\u0131<\/strong>\u2019n\u0131n s\u0131f\u0131r karbon sal\u0131n\u0131m\u0131 ayak izine ge\u00e7i\u015fi; <strong>LED ayd\u0131nlatma kullan\u0131m\u0131,<\/strong> <strong>ak\u0131ll\u0131 hareket sens\u00f6rleri<\/strong> ve <strong>do\u011fal ayd\u0131nlatma<\/strong> gibi <strong>enerji verimli \u00e7\u00f6z\u00fcmlerin<\/strong> yan\u0131 s\u0131ra, tesis i\u00e7i ve d\u0131\u015f\u0131nda ihtiya\u00e7 duyulan elektrik enerjisinin de yenilenebilir enerji kaynaklar\u0131ndan temin edilmeye ba\u015flanmas\u0131 sayesinde ger\u00e7ekle\u015ftirildi. Tuzla\u2019daki Yap\u0131\u015ft\u0131r\u0131c\u0131 Teknolojileri fabrikas\u0131n\u0131 \u00a0karbon n\u00f6tr hale getiren Henkel, d\u00fcnyan\u0131n en yayg\u0131n kullan\u0131lan sera gaz\u0131 hesaplama standartlar\u0131 olan <strong>Sera Gaz\u0131 (GhG) Protokol\u00fc\u2019ne ait kapsam 1 ve 2&#8217;yi kar\u015f\u0131l\u0131yor<\/strong>.<\/p>\n<p>Henkel, 2030 y\u0131l\u0131na kadar T\u00fcrkiye&#8217;deki t\u00fcm \u00fcretim tesislerini karbon n\u00f6tr tesislere d\u00f6n\u00fc\u015ft\u00fcrmeyi, enerjisinin y\u00fczde 100&#8217;\u00fcn\u00fc yenilenebilir kaynaklardan sa\u011flamay\u0131 ve geli\u015fmi\u015f teknolojilerle fosil enerji kaynaklar\u0131n\u0131n kullan\u0131m\u0131n\u0131 azaltmay\u0131 hedefliyor.<\/p>\n<p><strong>IMEA B\u00f6lgesi Operasyonlar ve Tedarik Zinciri\u2019nden Sorumlu Ba\u015fkan Yard\u0131mc\u0131s\u0131 Simon Ulmann<\/strong> konuyla ilgili g\u00f6r\u00fc\u015flerini \u015fu s\u00f6zlerle ifade etti: <em>\u201cTuzla&#8217;daki Yap\u0131\u015ft\u0131r\u0131c\u0131 Teknolojileri fabrikam\u0131zda<strong> karbon n\u00f6trl\u00fc\u011fe<\/strong> ula\u015farak, <strong>global s\u00fcrd\u00fcr\u00fclebilirlik hedeflerimize<\/strong> y\u00f6nelik a\u00e7\u0131k ve somut bir kararl\u0131l\u0131\u011f\u0131 ortaya koymu\u015f olduk. \u00c7evresel etkinin azalt\u0131lmas\u0131na y\u00f6nelik acil ihtiyac\u0131n fark\u0131nday\u0131z ve daha s\u00fcrd\u00fcr\u00fclebilir bir gelece\u011fe ula\u015fma yolunda \u00f6nemli ad\u0131mlar at\u0131yoruz. <strong>Henkel\u2019de 2030+ S\u00fcrd\u00fcr\u00fclebilirlik Hedefleri \u00c7er\u00e7evemiz<\/strong>; gezegenimizin yenilenmesine destek olmak, topluluklar\u0131n geli\u015fmesine yard\u0131m etmek ve g\u00fcvenilir ortakl\u0131k gibi uzun vadeli \u00fc\u00e7 temel hedefimizi ortaya koyuyor. Hedeflerimize do\u011fru yolculu\u011fumuzda, Tuzla ve Chennai&#8217;daki fabrikalar\u0131m\u0131z\u0131 <strong>karbon n\u00f6tr hale getirmek<\/strong>, \u00f6nemli bir kilometre ta\u015f\u0131 olu\u015fturuyor. Bu fabrikalar\u0131m\u0131z\u0131n, IMEA b\u00f6lgesinde karbon n\u00f6trl\u00fc\u011fe ula\u015fan ilk iki Henkel tesisi olmalar\u0131, \u00f6zellikle b\u00fcy\u00fck bir ba\u015far\u0131. Bu sayede m\u00fc\u015fterilerimize, ortaklar\u0131m\u0131za ve payda\u015flar\u0131m\u0131za da karbon sal\u0131n\u0131m\u0131n\u0131 ve iklim de\u011fi\u015fikli\u011finin etkilerini azaltma \u00e7abalar\u0131m\u0131zda bize kat\u0131lmalar\u0131 yolunda ilham kayna\u011f\u0131 olmay\u0131 umuyoruz.\u201d<\/em><\/p>\n<p>Henkel\u2019in Tuzla Fabrikas\u0131\u2019nda, <strong>fosil yak\u0131tl\u0131 \u0131s\u0131t\u0131c\u0131<\/strong> yerine <strong>elektrikli s\u0131cakl\u0131k kontrol \u00fcnitesi<\/strong> kullan\u0131lmaya ba\u015fland\u0131. Geleneksel kazan ise geli\u015ftirilmi\u015f elektrikli bir versiyon ile de\u011fi\u015ftirildi. Tesis i\u00e7i <strong>Fotovoltaik (PV) \u00c7at\u0131 G\u00fcne\u015f Enerjisi Sistemi<\/strong> kurularak, <strong>Enerji Sat\u0131n Alma Anla\u015fmalar\u0131 (PPA)<\/strong> ve <strong>IREC&#8217;ler*<\/strong> ile fabrikaya <strong>yenilenebilir enerji kaynaklar\u0131ndan elektrik sa\u011flanmaya<\/strong> ba\u015fland\u0131.<\/p>\n<p><strong>T\u00fcrk Henkel Yap\u0131\u015ft\u0131r\u0131c\u0131 Teknolojileri Ba\u015fkan\u0131 ve Henkel Yap\u0131\u015ft\u0131r\u0131c\u0131 Teknolojileri Orta Do\u011fu ve Afrika B\u00f6lgesi Operasyonlar Direkt\u00f6r\u00fc Mehmet Y\u0131lmaz<\/strong>, &#8220;Tuzla&#8217;da kayda de\u011fer bir ilerleme sa\u011flad\u0131k ve b\u00f6lgede karbon n\u00f6trl\u00fc\u011fe ula\u015fan ilk tesislerden biri olmaktan gurur duyuyoruz. Elde etti\u011fimiz ba\u015far\u0131, Henkel&#8217;in t\u00fcm i\u015f alanlar\u0131nda s\u00fcrd\u00fcr\u00fclebilir geli\u015fme y\u00f6n\u00fcnde ilerlemek konusunda hissetti\u011fi global kararl\u0131l\u0131\u011f\u0131 yans\u0131t\u0131yor.\u201d \u015feklinde konu\u015ftu.<\/p>\n<p>Henkel, s\u00fcrd\u00fcr\u00fclebilir yar\u0131nlara y\u00f6nelik global stratejisinin bir par\u00e7as\u0131 olarak, <strong>2030 y\u0131l\u0131<\/strong>na kadar \u00fcretim s\u00fcre\u00e7lerini <strong>iklim pozitif<\/strong> hale getirme hedefinde iddial\u0131. \u015eirket, <strong>2025 y\u0131l\u0131na kadar<\/strong> d\u00fcnya genelindeki \u00fcretim tesislerinde, karbon ayak izini 2010 baz y\u0131l\u0131na k\u0131yasla, \u00fcr\u00fcn tonu ba\u015f\u0131na <strong>y\u00fczde 65 oran\u0131nda azaltmay\u0131<\/strong> hedefliyor. <strong>Bug\u00fcne kadar<\/strong> ise Henkel, karbon ayak izini \u00fcr\u00fcn tonu ba\u015f\u0131na <strong>y\u00fczde 55 oran\u0131nda azaltmay\u0131<\/strong> ger\u00e7ekle\u015ftirmi\u015f durumda. Henkel, <strong>2030 y\u0131l\u0131na kadar<\/strong> elektrik ihtiyac\u0131n\u0131n <strong>y\u00fczde 100&#8217;\u00fcn\u00fc yenilenebilir kaynaklardan<\/strong> kar\u015f\u0131lamak i\u00e7in \u00e7al\u0131\u015fmalar\u0131na devam ediyor. Halihaz\u0131rda Henkel&#8217;de kullan\u0131lan yenilenebilir elektri\u011fin pay\u0131 y\u00fczde 68\u2019dir. Ayr\u0131ca \u015firket, \u00fcretimde kullanmakta oldu\u011fu son kalan fosil yak\u0131tlar\u0131 da biyogaz gibi yenilenebilir alternatiflerle de\u011fi\u015ftirmeyi ama\u00e7l\u0131yor. Henkel, kendi kullan\u0131m\u0131 i\u00e7in gerekli olmayan karbondioksit n\u00f6tr enerji fazlas\u0131n\u0131 da iklim pozitif olma hedefi \u00e7er\u00e7evesinde \u00fc\u00e7\u00fcnc\u00fc partilere tedarik edecek.<\/p>","protected":false},"excerpt":{"rendered":"<p>Sorry, this entry is only available in Turkish. For the sake of viewer convenience, the content is shown below in the alternative language. You may click the link to switch the active language. Henkel, \u0130stanbul Tuzla\u2019daki Yap\u0131\u015ft\u0131r\u0131c\u0131 Teknolojileri fabrikas\u0131n\u0131 karbon n\u00f6tr hale getirdi. Henkel, \u0130stanbul Tuzla\u2019daki Yap\u0131\u015ft\u0131r\u0131c\u0131 Teknolojileri fabrikas\u0131n\u0131 karbon n\u00f6tr hale getirdi. Bu kilometre [&hellip;]<\/p>\n","protected":false},"author":1,"featured_media":176496,"comment_status":"open","ping_status":"open","sticky":false,"template":"","format":"standard","meta":[],"categories":[53,52],"tags":[69455,109819,1247,793,109818],"views":63,"_links":{"self":[{"href":"https:\/\/www.enerjigazetesi.ist\/en\/wp-json\/wp\/v2\/posts\/176494"}],"collection":[{"href":"https:\/\/www.enerjigazetesi.ist\/en\/wp-json\/wp\/v2\/posts"}],"about":[{"href":"https:\/\/www.enerjigazetesi.ist\/en\/wp-json\/wp\/v2\/types\/post"}],"author":[{"embeddable":true,"href":"https:\/\/www.enerjigazetesi.ist\/en\/wp-json\/wp\/v2\/users\/1"}],"replies":[{"embeddable":true,"href":"https:\/\/www.enerjigazetesi.ist\/en\/wp-json\/wp\/v2\/comments?post=176494"}],"version-history":[{"count":0,"href":"https:\/\/www.enerjigazetesi.ist\/en\/wp-json\/wp\/v2\/posts\/176494\/revisions"}],"wp:featuredmedia":[{"embeddable":true,"href":"https:\/\/www.enerjigazetesi.ist\/en\/wp-json\/wp\/v2\/media\/176496"}],"wp:attachment":[{"href":"https:\/\/www.enerjigazetesi.ist\/en\/wp-json\/wp\/v2\/media?parent=176494"}],"wp:term":[{"taxonomy":"category","embeddable":true,"href":"https:\/\/www.enerjigazetesi.ist\/en\/wp-json\/wp\/v2\/categories?post=176494"},{"taxonomy":"post_tag","embeddable":true,"href":"https:\/\/www.enerjigazetesi.ist\/en\/wp-json\/wp\/v2\/tags?post=176494"}],"curies":[{"name":"wp","href":"https:\/\/api.w.org\/{rel}","templated":true}]}}