{"id":176429,"date":"2023-06-16T15:03:32","date_gmt":"2023-06-16T12:03:32","guid":{"rendered":"https:\/\/www.enerjigazetesi.ist\/?p=176429"},"modified":"2023-06-16T15:14:29","modified_gmt":"2023-06-16T12:14:29","slug":"uludag-elektrik-iyilige-bir-ilmek-atti","status":"publish","type":"post","link":"https:\/\/www.enerjigazetesi.ist\/en\/uludag-elektrik-iyilige-bir-ilmek-atti\/","title":{"rendered":"(Turkish) &#8217;Uluda\u011f Elektrik&#8217; \u0130yili\u011fe Bir \u0130lmek Att\u0131"},"content":{"rendered":"<p class=\"qtranxs-available-languages-message qtranxs-available-languages-message-en\">Sorry, this entry is only available in <a href=\"https:\/\/www.enerjigazetesi.ist\/tr\/wp-json\/wp\/v2\/posts\/176429\" class=\"qtranxs-available-language-link qtranxs-available-language-link-tr\" title=\"Turkish\">Turkish<\/a>. For the sake of viewer convenience, the content is shown below in the alternative language. You may click the link to switch the active language.<\/p><p><\/p>\n<h2><strong>Depremin ger\u00e7ekle\u015fti\u011fi ilk andan itibaren b\u00f6lgede faaliyetlerini s\u00fcrd\u00fcren Uluda\u011f Elektrik, Kad\u0131n Dostu Markalar Platformu\u2019nun afetzede kad\u0131n ve \u00e7ocuklara odaklanarak hayata ge\u00e7irdi\u011fi &#8220;\u0130yili\u011fe Bir \u0130lmek&#8221; Projesinde yer ald\u0131. <\/strong><\/h2>\n<p>Kad\u0131n Dostu Markalar Platformu\u2019nun <strong>6 \u015eubat depremi sonras\u0131nda<\/strong> hayata ge\u00e7irdi\u011fi, b\u00f6lgedeki kad\u0131n ve \u00e7ocuklar\u0131 oda\u011f\u0131na alan <strong>\u0130yili\u011fe Bir \u0130lmek Projesinin<\/strong> ilmek atma t\u00f6reni ger\u00e7ekle\u015ftirildi. T\u00f6rende kad\u0131n-erkek fark etmeksizin g\u00f6n\u00fcll\u00fc olan<strong> 50 i\u015f insan\u0131<\/strong> <strong>y\u00fcnler<\/strong> ve<strong> \u015fi\u015flerle<\/strong> ilk ilmekleri <strong>deprem b\u00f6lgelerindeki kad\u0131nlara iletmek \u00fczere<\/strong> att\u0131lar. Bir iyilik zinciri olu\u015fturmay\u0131 hedefleyen projede ilk <img loading=\"lazy\" class=\"alignright wp-image-176432\" src=\"https:\/\/www.enerjigazetesi.ist\/wp-content\/uploads\/2023\/06\/uludag-elektrik-iyilige-bir-ilmek-atti-1.jpg\" alt=\"\" width=\"320\" height=\"213\" srcset=\"https:\/\/www.enerjigazetesi.ist\/wp-content\/uploads\/2023\/06\/uludag-elektrik-iyilige-bir-ilmek-atti-1.jpg 550w, https:\/\/www.enerjigazetesi.ist\/wp-content\/uploads\/2023\/06\/uludag-elektrik-iyilige-bir-ilmek-atti-1-300x200.jpg 300w, https:\/\/www.enerjigazetesi.ist\/wp-content\/uploads\/2023\/06\/uludag-elektrik-iyilige-bir-ilmek-atti-1-500x333.jpg 500w, https:\/\/www.enerjigazetesi.ist\/wp-content\/uploads\/2023\/06\/uludag-elektrik-iyilige-bir-ilmek-atti-1-75x50.jpg 75w, https:\/\/www.enerjigazetesi.ist\/wp-content\/uploads\/2023\/06\/uludag-elektrik-iyilige-bir-ilmek-atti-1-450x300.jpg 450w\" sizes=\"(max-width: 320px) 100vw, 320px\" \/>ilme\u011fi at\u0131lan \u00f6rg\u00fclerin, <strong>depremzede kad\u0131nlar<\/strong> taraf\u0131ndan <strong>devam ettirilerek<\/strong> <strong>h\u0131rkaya d\u00f6n\u00fc\u015ft\u00fcr\u00fclmesi<\/strong> sa\u011flanacak. Projenin bir sonraki etab\u0131nda ise deprem b\u00f6lgesinde kurulacak<strong> \u00fcretim at\u00f6lyesi<\/strong> ile<strong> kad\u0131n istihdam\u0131 sa\u011flanarak,<\/strong> <strong>kad\u0131nlar i\u00e7in ekonomik bir g\u00fc\u00e7 de<\/strong> olu\u015fturulacak.<\/p>\n<p><strong>T\u00f6rende projeye d\u00f6n\u00fck g\u00f6r\u00fc\u015flerini aktaran Uluda\u011f Elektrik Genel M\u00fcd\u00fcr\u00fc Ali Erman Aytac;<\/strong> <em>\u201cDepremin ilk an\u0131ndan itibaren temel ihtiya\u00e7lar\u0131n kar\u015f\u0131lanmas\u0131 i\u00e7in afet b\u00f6lgesinde yer alarak, yaralar\u0131 hep birlikte sarmak ve depremden etkilenen vatanda\u015flar\u0131m\u0131z\u0131n motivasyonunu y\u00fckseltmek i\u00e7in elimizden geleni yapt\u0131k. Deprem dayan\u0131\u015fmas\u0131n\u0131n her yerde olmas\u0131 gerekti\u011fi yakla\u015f\u0131m\u0131yla bu b\u00f6lgeden ayr\u0131lmak zorunda kalan vatanda\u015flar\u0131n kar\u015f\u0131la\u015faca\u011f\u0131 zorluklar\u0131 hizmet alan\u0131m\u0131zda da kolayla\u015ft\u0131rmay\u0131 ama\u00e7 edindik. \u00c7ad\u0131r kentte ya\u015fayan <strong>kad\u0131nlara<\/strong> ve<strong> \u00e7ocuklara<\/strong> <strong>temel ihtiya\u00e7 malzemeleri, bayraml\u0131k k\u0131yafet, oyuncak, k\u0131rtasiye ve hijyen \u00fcr\u00fcnlerini ula\u015ft\u0131rarak<\/strong>, y\u00fczlerde g\u00fcl\u00fcmseme olu\u015fturmay\u0131 hedefledik. Yapm\u0131\u015f oldu\u011fumuz desteklerle, k\u00fc\u00e7\u00fck b\u00fcy\u00fck demeden depremzedelerimizin hayat\u0131na dokunabildi\u011fimiz her noktaya temas ettik. <strong>\u0130yili\u011fe Bir \u0130lmek Projesi<\/strong> kapsam\u0131nda <strong>23 Nisan<\/strong> ve <strong>Ramazan Bayram\u0131<\/strong> vesilesiyle \u00fclkemizin farkl\u0131 \u015fehirlerinden kad\u0131nlar\u0131n \u00fcretti\u011fi <strong>amigurumi oyuncaklar\u0131<\/strong> b\u00f6lgeye ula\u015ft\u0131rarak \u00e7ocuklar\u0131n mutlulu\u011funa ortak olmu\u015ftuk. Bug\u00fcn projenin bu etab\u0131nda yer almaktan ve <strong>b\u00f6lgedeki kad\u0131nlar\u0131n \u00fcretimine destek<\/strong> olan bir zincirin <strong>ilk ilmeklerini atmaktan<\/strong> dolay\u0131 da \u00e7ok mutluyuz. G\u00fczel bir iyilik s\u00fcreci ba\u015flatt\u0131k. <strong>At\u0131lan ilmekler, depremzede kad\u0131nlar\u0131m\u0131z taraf\u0131ndan tamamlanacak olup<\/strong>, hayata yeniden tutunmalar\u0131 i\u00e7in umut olacak. Bu projedeki partnerli\u011fimizle birlikte <strong>deprem b\u00f6lgesindeki kad\u0131nlar\u0131m\u0131za destek olarak<\/strong>,<strong> s\u00fcrd\u00fcr\u00fclebilir \u00fcretim g\u00fcc\u00fcne<\/strong> katk\u0131 sa\u011flamaya devam edece\u011fiz\u201d<\/em> dedi.<\/p>\n<p>Uluda\u011f Elektrik <strong>depremzede kad\u0131nlara d\u00f6n\u00fck sosyal projeleri<\/strong> d\u0131\u015f\u0131nda <strong>y\u00fczde 50\u2019den fazla kad\u0131n istihdam oran\u0131yla da<\/strong> sekt\u00f6r\u00fcnde <strong>f\u0131rsat e\u015fitli\u011fini<\/strong> destekliyor. \u0130\u015f hayat\u0131nda e\u015fit bir yakla\u015f\u0131m\u0131 benimseyen insan kaynaklar\u0131 uygulamalar\u0131 ve kad\u0131nlara y\u00f6nelik toplumsal ihtiya\u00e7lar do\u011frultusunda bilin\u00e7 olu\u015fturmay\u0131 hedefleyen Uluda\u011f Elektrik\u2019in, <strong>Kad\u0131n Dostu Markalar Platformu<\/strong> taraf\u0131ndan kad\u0131na kar\u015f\u0131 <strong>\u015fiddetle m\u00fccadele, kad\u0131n istihdam\u0131<\/strong> ve<strong> f\u0131rsat e\u015fitli\u011fi kategorisinde<\/strong> iki \u00f6d\u00fcl\u00fc bulunuyor.<\/p>","protected":false},"excerpt":{"rendered":"<p>Sorry, this entry is only available in Turkish. For the sake of viewer convenience, the content is shown below in the alternative language. You may click the link to switch the active language. Depremin ger\u00e7ekle\u015fti\u011fi ilk andan itibaren b\u00f6lgede faaliyetlerini s\u00fcrd\u00fcren Uluda\u011f Elektrik, Kad\u0131n Dostu Markalar Platformu\u2019nun afetzede kad\u0131n ve \u00e7ocuklara odaklanarak hayata ge\u00e7irdi\u011fi &#8220;\u0130yili\u011fe [&hellip;]<\/p>\n","protected":false},"author":1,"featured_media":176431,"comment_status":"open","ping_status":"open","sticky":false,"template":"","format":"standard","meta":[],"categories":[51,53],"tags":[38109,4546,109805,99214,28709],"views":34,"_links":{"self":[{"href":"https:\/\/www.enerjigazetesi.ist\/en\/wp-json\/wp\/v2\/posts\/176429"}],"collection":[{"href":"https:\/\/www.enerjigazetesi.ist\/en\/wp-json\/wp\/v2\/posts"}],"about":[{"href":"https:\/\/www.enerjigazetesi.ist\/en\/wp-json\/wp\/v2\/types\/post"}],"author":[{"embeddable":true,"href":"https:\/\/www.enerjigazetesi.ist\/en\/wp-json\/wp\/v2\/users\/1"}],"replies":[{"embeddable":true,"href":"https:\/\/www.enerjigazetesi.ist\/en\/wp-json\/wp\/v2\/comments?post=176429"}],"version-history":[{"count":0,"href":"https:\/\/www.enerjigazetesi.ist\/en\/wp-json\/wp\/v2\/posts\/176429\/revisions"}],"wp:featuredmedia":[{"embeddable":true,"href":"https:\/\/www.enerjigazetesi.ist\/en\/wp-json\/wp\/v2\/media\/176431"}],"wp:attachment":[{"href":"https:\/\/www.enerjigazetesi.ist\/en\/wp-json\/wp\/v2\/media?parent=176429"}],"wp:term":[{"taxonomy":"category","embeddable":true,"href":"https:\/\/www.enerjigazetesi.ist\/en\/wp-json\/wp\/v2\/categories?post=176429"},{"taxonomy":"post_tag","embeddable":true,"href":"https:\/\/www.enerjigazetesi.ist\/en\/wp-json\/wp\/v2\/tags?post=176429"}],"curies":[{"name":"wp","href":"https:\/\/api.w.org\/{rel}","templated":true}]}}