{"id":1764,"date":"2012-09-04T08:53:49","date_gmt":"2012-09-04T05:53:49","guid":{"rendered":"https:\/\/www.enerjigazetesi.ist\/?p=1764"},"modified":"2012-09-04T08:53:49","modified_gmt":"2012-09-04T05:53:49","slug":"yildiz-turkmen-gazina-talibiz","status":"publish","type":"post","link":"https:\/\/www.enerjigazetesi.ist\/en\/yildiz-turkmen-gazina-talibiz\/","title":{"rendered":"(Turkish) Y\u0131ld\u0131z: T\u00fcrkmen Gaz\u0131na Talibiz"},"content":{"rendered":"<p class=\"qtranxs-available-languages-message qtranxs-available-languages-message-en\">Sorry, this entry is only available in <a href=\"https:\/\/www.enerjigazetesi.ist\/tr\/wp-json\/wp\/v2\/posts\/1764\" class=\"qtranxs-available-language-link qtranxs-available-language-link-tr\" title=\"Turkish\">Turkish<\/a>. For the sake of viewer convenience, the content is shown below in the alternative language. You may click the link to switch the active language.<\/p><p><\/p>\n<h2><img loading=\"lazy\" class=\"alignright size-medium wp-image-1765\" title=\"bakan-yildiz-avrupa-birligi-turkmen-gazi-icin-daha-3910024_2051_o\" src=\"https:\/\/www.enerjigazetesi.ist\/wp-content\/uploads\/2012\/09\/bakan-yildiz-avrupa-birligi-turkmen-gazi-icin-daha-3910024_2051_o-300x214.jpg\" alt=\"\" width=\"300\" height=\"214\" srcset=\"https:\/\/www.enerjigazetesi.ist\/wp-content\/uploads\/2012\/09\/bakan-yildiz-avrupa-birligi-turkmen-gazi-icin-daha-3910024_2051_o-300x214.jpg 300w, https:\/\/www.enerjigazetesi.ist\/wp-content\/uploads\/2012\/09\/bakan-yildiz-avrupa-birligi-turkmen-gazi-icin-daha-3910024_2051_o-69x50.jpg 69w, https:\/\/www.enerjigazetesi.ist\/wp-content\/uploads\/2012\/09\/bakan-yildiz-avrupa-birligi-turkmen-gazi-icin-daha-3910024_2051_o.jpg 400w\" sizes=\"(max-width: 300px) 100vw, 300px\" \/>Enerji ve Tabii Kaynaklar Bakan\u0131 Taner Y\u0131ld\u0131z, T\u00fcrkmenistan gaz\u0131n\u0131n b\u00f6lgenin do\u011falgaz hareketlerinin d\u0131\u015f\u0131nda kalamayaca\u011f\u0131n\u0131 belirterek, &#8220;Bu gaz\u0131n mutlaka b\u00f6lgede kullan\u0131lmas\u0131 laz\u0131md\u0131r diye d\u00fc\u015f\u00fcn\u00fcyoruz&#8221; dedi.<\/h2>\n<p>T\u00fcrkiye ve Avrupa Birli\u011fi \u00fcyesi \u00fclkelerin enerji yap\u0131lanmas\u0131 konusunda T\u00fcrkmenistan\u2019\u0131n katk\u0131lar\u0131n\u0131 ele almak ve Trans Anadolu Do\u011falgaz Boru Hatt\u0131 Projesi\u2019ni (TANAP) g\u00f6r\u00fc\u015fmek amac\u0131yla T\u00fcrkmenistan\u2019a gelen Enerji ve Tabii Kaynaklar Bakan\u0131 Y\u0131ld\u0131z, temaslar\u0131n\u0131 tamamlad\u0131.<\/p>\n<p>Y\u0131ld\u0131z, A\u015fkabat temaslar\u0131nda bug\u00fcn, T\u00fcrkmenistan ve Azerbaycan Enerji Bakanlar\u0131 ile Avrupa Birli\u011fi Enerji Komiseri G\u00fcnther Oettinger\u2019le bir araya gelerek T\u00fcrkmen ve Azeri do\u011falgaz\u0131n\u0131 Avrupa\u2019ya ula\u015ft\u0131racak boru hatt\u0131 projesini ele ald\u0131.<\/p>\n<p>G\u00f6r\u00fc\u015fmeler sonras\u0131 bas\u0131n mensuplar\u0131na a\u00e7\u0131klamada bulunan Taner Y\u0131ld\u0131z, g\u00f6r\u00fc\u015fmelerin son derece verimli ge\u00e7ti\u011fini kaydetti.<\/p>\n<p>T\u00fcrkmenistan Devlet Ba\u015fkan\u0131 Gurbangul\u0131 Berdimuhamedov;un T\u00fcrkiye ziyareti kapsam\u0131nda g\u00f6r\u00fc\u015f\u00fclen konular\u0131 yeniden ele ald\u0131klar\u0131n\u0131 belirten Bakan Y\u0131ld\u0131z, \u015funlar\u0131 kaydetti:<\/p>\n<p>&#8220;T\u00fcrkmenistan gaz\u0131 b\u00f6yle bir b\u00f6lgenin do\u011falgaz hareketlerinin d\u0131\u015f\u0131nda kalamaz. Bu gaz\u0131n mutlaka b\u00f6lgede kullan\u0131lmas\u0131 laz\u0131md\u0131r diye d\u00fc\u015f\u00fcn\u00fcyoruz ve 4;l\u00fc toplant\u0131m\u0131zda, Avrupa Birli\u011fi Enerji Komiseri Oettinger, Azeri ve T\u00fcrkmen meslekta\u015flar\u0131mla yapt\u0131\u011f\u0131m\u0131z toplant\u0131da bunun bir k\u0131s\u0131m detaylar\u0131 konu\u015fuldu. Enerji g\u00fcvenli\u011fi \u00e7er\u00e7evesinde T\u00fcrkmenistan do\u011falgaz\u0131n\u0131n da bu yap\u0131ya nas\u0131l dahil edilebilece\u011fini konu\u015ftuk. Son derece verimli bir toplant\u0131 oldu. Say\u0131n Berdimuhamedov ile do\u011falgaz ve petrolle alakal\u0131 hem b\u00f6lgemizdeki hem de d\u00fcnyadaki seyir \u00fczerine konu\u015ftuk. Bu g\u00f6r\u00fc\u015fme, art\u0131k kemik karde\u015fli\u011fi noktas\u0131na gelmi\u015f karde\u015fli\u011fimizin, enerji sekt\u00f6r\u00fcyle de alakal\u0131 bir k\u0131s\u0131m yap\u0131 ta\u015flar\u0131yla beraber beslenmesini ve onun daha da inki\u015faf ettirilmesine d\u00f6n\u00fck bir bir \u00e7al\u0131\u015fmayd\u0131.&#8221;<\/p>\n<p>Bakan Y\u0131ld\u0131z, Hazar Denizi\u2019nin stat\u00fcs\u00fc konusunda k\u0131y\u0131da\u015f \u00fclkeler aras\u0131nda s\u00fcren anla\u015fmazl\u0131\u011f\u0131n g\u00fcndemdeki projelere etkisine ili\u015fkin bir soruya ise, Hazar\u2019\u0131n stat\u00fcs\u00fcne ve siyasi durumuna bir m\u00fcdahalenin s\u00f6z konusu olmad\u0131\u011f\u0131n\u0131, \u00f6zellikle \u00f6zel \u015firketlerin Hazar;dan ge\u00e7ebilecek boru hatt\u0131 projelerine ilgi g\u00f6sterdi\u011fini ve bu konudaki \u00e7al\u0131\u015fmalar\u0131 bildiklerini s\u00f6yledi.<\/p>\n<p>Hazar\u2019\u0131n stat\u00fcs\u00fcne ayk\u0131r\u0131 olmayacak \u015fekilde T\u00fcrkmenistan ve Azerbaycan\u2019\u0131n beraberce kararla\u015ft\u0131rd\u0131\u011f\u0131 noktada, projenin i\u00e7erisinde \u00f6zel \u015firketlerin de bulunabilece\u011fini belirten Bakan Y\u0131ld\u0131z, A\u015fkabat temaslar\u0131n\u0131n son derece verimli oldu\u011funu kaydetti.<\/p>\n<p>Bakan Y\u0131ld\u0131z\u2019\u0131n y\u0131ld\u0131z\u0131n T\u00fcrkmenistan\u2019dan bug\u00fcn ayr\u0131lmas\u0131 bekleniyor.<\/p>\n<p>Kaynak: <a href=\"http:\/\/ekonomi.milliyet.com.tr\/yildiz-turkmen-gazina-talibiz\/ekonomi\/ekonomidetay\/03.09.2012\/1590703\/default.htm\" target=\"_blank\">Milliyet<br \/>\n<\/a><\/p>","protected":false},"excerpt":{"rendered":"<p>Sorry, this entry is only available in Turkish. For the sake of viewer convenience, the content is shown below in the alternative language. You may click the link to switch the active language. Enerji ve Tabii Kaynaklar Bakan\u0131 Taner Y\u0131ld\u0131z, T\u00fcrkmenistan gaz\u0131n\u0131n b\u00f6lgenin do\u011falgaz hareketlerinin d\u0131\u015f\u0131nda kalamayaca\u011f\u0131n\u0131 belirterek, &#8220;Bu gaz\u0131n mutlaka b\u00f6lgede kullan\u0131lmas\u0131 laz\u0131md\u0131r diye [&hellip;]<\/p>\n","protected":false},"author":1,"featured_media":1765,"comment_status":"open","ping_status":"open","sticky":false,"template":"","format":"standard","meta":[],"categories":[46,53],"tags":[226,451,463],"views":786,"_links":{"self":[{"href":"https:\/\/www.enerjigazetesi.ist\/en\/wp-json\/wp\/v2\/posts\/1764"}],"collection":[{"href":"https:\/\/www.enerjigazetesi.ist\/en\/wp-json\/wp\/v2\/posts"}],"about":[{"href":"https:\/\/www.enerjigazetesi.ist\/en\/wp-json\/wp\/v2\/types\/post"}],"author":[{"embeddable":true,"href":"https:\/\/www.enerjigazetesi.ist\/en\/wp-json\/wp\/v2\/users\/1"}],"replies":[{"embeddable":true,"href":"https:\/\/www.enerjigazetesi.ist\/en\/wp-json\/wp\/v2\/comments?post=1764"}],"version-history":[{"count":1,"href":"https:\/\/www.enerjigazetesi.ist\/en\/wp-json\/wp\/v2\/posts\/1764\/revisions"}],"predecessor-version":[{"id":1766,"href":"https:\/\/www.enerjigazetesi.ist\/en\/wp-json\/wp\/v2\/posts\/1764\/revisions\/1766"}],"wp:featuredmedia":[{"embeddable":true,"href":"https:\/\/www.enerjigazetesi.ist\/en\/wp-json\/wp\/v2\/media\/1765"}],"wp:attachment":[{"href":"https:\/\/www.enerjigazetesi.ist\/en\/wp-json\/wp\/v2\/media?parent=1764"}],"wp:term":[{"taxonomy":"category","embeddable":true,"href":"https:\/\/www.enerjigazetesi.ist\/en\/wp-json\/wp\/v2\/categories?post=1764"},{"taxonomy":"post_tag","embeddable":true,"href":"https:\/\/www.enerjigazetesi.ist\/en\/wp-json\/wp\/v2\/tags?post=1764"}],"curies":[{"name":"wp","href":"https:\/\/api.w.org\/{rel}","templated":true}]}}